{"id":44097,"date":"2015-12-12T19:34:59","date_gmt":"2015-12-12T22:34:59","guid":{"rendered":"http:\/\/prensa.mendoza.gov.ar\/?p=44097"},"modified":"2015-12-12T19:34:59","modified_gmt":"2015-12-12T22:34:59","slug":"con-la-presencia-de-cornejo-macri-recibio-en-olivos-a-todos-los-gobernadores","status":"publish","type":"post","link":"https:\/\/www.mendoza.gov.ar\/prensa\/con-la-presencia-de-cornejo-macri-recibio-en-olivos-a-todos-los-gobernadores\/","title":{"rendered":"Con la presencia de Cornejo, Macri recibi\u00f3 en Olivos a todos los gobernadores"},"content":{"rendered":"<!DOCTYPE html PUBLIC \"-\/\/W3C\/\/DTD HTML 4.0 Transitional\/\/EN\" \"http:\/\/www.w3.org\/TR\/REC-html40\/loose.dtd\">\n<html><body><p>Alfredo Cornejo, Mar&iacute;a Eugenia Vidal, Juan Manuel Urtubey y Miguel Lifschitz fueron los elegidos para contarles a los argentinos, junto a Mauricio Macri, los detalles de esta reuni&oacute;n hist&oacute;rica y brindar la primera conferencia de prensa en la Quinta de Olivos luego de que la Sala destinada para este fin permaneciera cerrada durante 12 a&ntilde;os.<\/p>\n<p>&ldquo;Pobreza cero, narcotr&aacute;fico y calidad institucional fueron los tres grandes ejes sobre lo que se dialog&oacute;&rdquo;, asegur&oacute; el Presidente de los argentinos y dijo: &ldquo;necesitamos infraestructura que permita a las provincias crecer y mantener la regionalizaci&oacute;n&rdquo;. Adem&aacute;s asegur&oacute;: &ldquo;ratificamos el compromiso de tener una Argentina federal&rdquo;, y que es &ldquo;necesario aprender de los errores como as&iacute; tambi&eacute;n tener una estrategia conjunta con las provincias&rdquo;.<\/p>\n<p>Al ser consultado por el tema de la coparticipaci&oacute;n, Alfredo Cornejo consider&oacute; que &ldquo;la Argentina es muy desigual en el reparto de recursos&rdquo; pero &ldquo;tampoco se le puede exigir una soluci&oacute;n de la noche a la ma&ntilde;ana al gobierno nacional&rdquo;. El Gobernador tambi&eacute;n indic&oacute;: &ldquo;hoy se ha dado una se&ntilde;al muy importante de federalismo convocando a los gobernadores, creo que vamos a llegar a la soluci&oacute;n con respecto a este tema&rdquo;.<\/p>\n<p>&ldquo;Se plante&oacute; en la reuni&oacute;n un apoyo de los gobernadores al plan econ&oacute;mico en el Congreso&rdquo;, afirm&oacute; Cornejo y concluy&oacute;: &ldquo;la Argentina necesita crecer, necesita desarrollarse, por lo tanto el equipo econ&oacute;mico debe tener todo el apoyo necesario&rdquo;.<\/p>\n<\/body><\/html>\n","protected":false},"excerpt":{"rendered":"El gobernador viaj\u00f3 a Buenos Aires para participar de un almuerzo, junto a todos los mandatarios provinciales en la Quinta de Olivos, donde \u201cpobreza cero, narcotr\u00e1fico y calidad institucional\u201d fueron los tres grandes ejes sobre lo que se dialog\u00f3 durante esta hist\u00f3rica reuni\u00f3n.","protected":false},"author":3,"featured_media":44099,"comment_status":"open","ping_status":"open","sticky":false,"template":"","format":"standard","meta":[],"categories":[19],"tags":[],"_links":{"self":[{"href":"https:\/\/www.mendoza.gov.ar\/prensa\/wp-json\/wp\/v2\/posts\/44097"}],"collection":[{"href":"https:\/\/www.mendoza.gov.ar\/prensa\/wp-json\/wp\/v2\/posts"}],"about":[{"href":"https:\/\/www.mendoza.gov.ar\/prensa\/wp-json\/wp\/v2\/types\/post"}],"author":[{"embeddable":true,"href":"https:\/\/www.mendoza.gov.ar\/prensa\/wp-json\/wp\/v2\/users\/3"}],"replies":[{"embeddable":true,"href":"https:\/\/www.mendoza.gov.ar\/prensa\/wp-json\/wp\/v2\/comments?post=44097"}],"version-history":[{"count":0,"href":"https:\/\/www.mendoza.gov.ar\/prensa\/wp-json\/wp\/v2\/posts\/44097\/revisions"}],"wp:featuredmedia":[{"embeddable":true,"href":"https:\/\/www.mendoza.gov.ar\/prensa\/wp-json\/wp\/v2\/media\/44099"}],"wp:attachment":[{"href":"https:\/\/www.mendoza.gov.ar\/prensa\/wp-json\/wp\/v2\/media?parent=44097"}],"wp:term":[{"taxonomy":"category","embeddable":true,"href":"https:\/\/www.mendoza.gov.ar\/prensa\/wp-json\/wp\/v2\/categories?post=44097"},{"taxonomy":"post_tag","embeddable":true,"href":"https:\/\/www.mendoza.gov.ar\/prensa\/wp-json\/wp\/v2\/tags?post=44097"}],"curies":[{"name":"wp","href":"https:\/\/api.w.org\/{rel}","templated":true}]}}