{"id":44103,"date":"2015-12-14T08:38:39","date_gmt":"2015-12-14T11:38:39","guid":{"rendered":"http:\/\/prensa.mendoza.gov.ar\/?p=44103"},"modified":"2015-12-14T08:38:39","modified_gmt":"2015-12-14T11:38:39","slug":"el-gobernador-presente-en-las-asunciones-de-bermejo-y-soto","status":"publish","type":"post","link":"https:\/\/www.mendoza.gov.ar\/prensa\/el-gobernador-presente-en-las-asunciones-de-bermejo-y-soto\/","title":{"rendered":"El Gobernador asisti\u00f3 a las asunciones de Bermejo y Soto"},"content":{"rendered":"<!DOCTYPE html PUBLIC \"-\/\/W3C\/\/DTD HTML 4.0 Transitional\/\/EN\" \"http:\/\/www.w3.org\/TR\/REC-html40\/loose.dtd\">\n<html><body><p>Alejandro Bermejo asumi&oacute; su segundo periodo al frente del municipio de Maip&uacute;, en un acto que se realiz&oacute; frente a la edificio&nbsp;de la comuna, en el distrito de Fray Luis Beltr&aacute;n. A la ceremonia pol&iacute;tica del dirigente del sector Azul, uno de los pocos que revalid&oacute;&nbsp;en el peronismo su poder en las pasadas elecciones, asistieron varios de los ministros del gabinete de Cornejo, intendentes, como as&iacute; tambi&eacute;n varias autoridades del ejecutivo provincial.<\/p>\n<p>La convivencia pol&iacute;tica fue el dato de color durante la calurosa tarde del domingo donde el Gobernador se mostr&oacute;&nbsp; &ldquo;emocionado por el ejemplo c&iacute;vico que estamos dando hoy. Poco a poco vamos a ir mejorando, porque la mayor&iacute;a de los mendocinos, sean peronistas, radicales o sin partido quieren mejorar&rdquo;.<\/p>\n<p>M&aacute;s de 2.000 personas asistieron al acto donde el respeto, entre los peronistas Alejandro y Adolfo Bermejo y el gobernador mendocino, Alfredo Cornejo, marcaron una tendencia en la jornada.<\/p>\n<p>&ldquo;Podemos encontrar un lugar com&uacute;n entre el gobierno y los intendentes para mantener las escuelas, las comisar&iacute;as y los centros de salud&rdquo;, asegur&oacute; Cornejo y dijo &ldquo;quiero comprometerme con Alejandro para trabajar codo a codo, para mejorar la calidad de vida de los maipucinos y los mendocinos.&rdquo;<\/p>\n<p><strong>Asunci&oacute;n en Tupungato<\/strong><\/p>\n<p><a href=\"https:\/\/www.mendoza.gov.ar\/prensa\/wp-content\/uploads\/sites\/23\/DSC_2941-e1450100102433.jpg\"><img loading=\"lazy\" class=\"alignnone  wp-image-44104 img-responsive center-block\" src=\"https:\/\/www.mendoza.gov.ar\/prensa\/wp-content\/uploads\/sites\/23\/DSC_2941-e1450100102433.jpg\" alt=\"Intendente Soto\" width=\"797\" height=\"451\"><\/a><\/p>\n<p>Cerca de las 21, &nbsp;Laura Montero se uni&oacute; a la comitiva que trasladaba al Gobernador hacia la explanada municipal del departamento de Tupungato. All&iacute;, Gustavo Soto fue declarado intendente de la comuna, luego de terminar con doce a&ntilde;os de hegemon&iacute;a del PJ, tras haberse impuesto con el &nbsp;49,91% frente al 46,63 de Joaqu&iacute;n Rodr&iacute;guez.<\/p>\n<p>&ldquo;Vamos a trabajar mancomunadamente con Gustavo Soto para sacar lo mejor de los tupungatinos&rdquo; asever&oacute; Cornejo&nbsp;y&nbsp;afirm&oacute;: &nbsp;&ldquo;Necesitamos traer m&aacute;s gente a trav&eacute;s del turismo a Tupungato, eso va a generar recursos y empleo. Han llegado muchas inversiones a la comuna pero necesitamos m&aacute;s y que el resultado de esas inversiones queden en el departamento.&rdquo;<\/p>\n<p>Por su parte, la Vicegobernadora indic&oacute;: &ldquo;hemos empezado enfrentando una emergencia, ajena a nuestra gesti&oacute;n pero como dijo Alfredo, vamos a actuar responsablemente ante esta adversidad, solucionar los inconvenientes heredados y luego dar la impronta de la administraci&oacute;n de este nuevo gobierno: orden financiero, di&aacute;logo, honestidad, respeto institucional, planificaci&oacute;n y mucho trabajo.&rdquo;<\/p>\n<\/body><\/html>\n","protected":false},"excerpt":{"rendered":"El domingo a las 19, comenz\u00f3 la ceremonia a trav\u00e9s de la cual Alejandro Bermejo renov\u00f3 su mandato a cargo de la intendencia de Maip\u00fa y a las 20, la que le otorg\u00f3 a Gustavo Soto la intendencia de Tupungato. En ambas el Gobernador dijo presente.\n\n\u00a0","protected":false},"author":3,"featured_media":44105,"comment_status":"open","ping_status":"open","sticky":false,"template":"","format":"standard","meta":[],"categories":[19],"tags":[],"_links":{"self":[{"href":"https:\/\/www.mendoza.gov.ar\/prensa\/wp-json\/wp\/v2\/posts\/44103"}],"collection":[{"href":"https:\/\/www.mendoza.gov.ar\/prensa\/wp-json\/wp\/v2\/posts"}],"about":[{"href":"https:\/\/www.mendoza.gov.ar\/prensa\/wp-json\/wp\/v2\/types\/post"}],"author":[{"embeddable":true,"href":"https:\/\/www.mendoza.gov.ar\/prensa\/wp-json\/wp\/v2\/users\/3"}],"replies":[{"embeddable":true,"href":"https:\/\/www.mendoza.gov.ar\/prensa\/wp-json\/wp\/v2\/comments?post=44103"}],"version-history":[{"count":0,"href":"https:\/\/www.mendoza.gov.ar\/prensa\/wp-json\/wp\/v2\/posts\/44103\/revisions"}],"wp:featuredmedia":[{"embeddable":true,"href":"https:\/\/www.mendoza.gov.ar\/prensa\/wp-json\/wp\/v2\/media\/44105"}],"wp:attachment":[{"href":"https:\/\/www.mendoza.gov.ar\/prensa\/wp-json\/wp\/v2\/media?parent=44103"}],"wp:term":[{"taxonomy":"category","embeddable":true,"href":"https:\/\/www.mendoza.gov.ar\/prensa\/wp-json\/wp\/v2\/categories?post=44103"},{"taxonomy":"post_tag","embeddable":true,"href":"https:\/\/www.mendoza.gov.ar\/prensa\/wp-json\/wp\/v2\/tags?post=44103"}],"curies":[{"name":"wp","href":"https:\/\/api.w.org\/{rel}","templated":true}]}}