{"id":44156,"date":"2015-12-14T21:31:19","date_gmt":"2015-12-15T00:31:19","guid":{"rendered":"http:\/\/prensa.mendoza.gov.ar\/?p=44156"},"modified":"2015-12-14T21:31:19","modified_gmt":"2015-12-15T00:31:19","slug":"cornejo-acompano-a-pinto-en-su-asuncion-como-intendente-de-la-paz","status":"publish","type":"post","link":"https:\/\/www.mendoza.gov.ar\/prensa\/cornejo-acompano-a-pinto-en-su-asuncion-como-intendente-de-la-paz\/","title":{"rendered":"Cornejo acompa\u00f1\u00f3 a Pinto en su asunci\u00f3n como intendente de La Paz"},"content":{"rendered":"<!DOCTYPE html PUBLIC \"-\/\/W3C\/\/DTD HTML 4.0 Transitional\/\/EN\" \"http:\/\/www.w3.org\/TR\/REC-html40\/loose.dtd\">\n<html><body><p>&ldquo;Junto con los hermanos Pinto hemos obtenido logros electorales y ahora nos proponemos logros de gesti&oacute;n. La Paz se ha hecho cargo de las acciones que le corresponden, pero adem&aacute;s se ha hecho cargo de muchos temas provinciales y comenzaremos a trabajar juntos, para ir sac&aacute;ndole esas responsabilidades (provinciales)&rdquo; &nbsp;indic&oacute; el gobernador Alfredo Cornejo en la asunci&oacute;n de Gustavo Pinto en La Paz. Cornejo se present&oacute; en el departamento, luego de la reuni&oacute;n mantenida esta ma&ntilde;ana junto a la vicegobernadora, Laura Montero, con los representantes del Programa de Naciones Unidas para el Desarrollo (PNUD).<\/p>\n<p>El intendente Gustavo Pinto resalt&oacute;: &ldquo;sabemos que estamos desde el Estado para servir y no para servirse de &eacute;l&rdquo;. Por eso les habl&oacute; a sus funcionarios e indic&oacute;: &ldquo;somos los primeros empleados p&uacute;blicos, generen confianza como grupo y trabajen en equipo&rdquo;.<\/p>\n<p>Cornejo tambi&eacute;n deline&oacute; algunos ejes de su gobierno al indicar: &ldquo;quiero que el polic&iacute;a tenga autoridad pero no autoritarismo, que las maestras sean respetadas y que los padres est&eacute;n involucrados, quiero organizar los insumos de salud, no que falten aqu&iacute; y sobren en el Perrupato. Pinto est&aacute; al d&iacute;a con sus proveedores y va a pagar sueldos, tiene su plan de obras y mantiene servicios. Tiene asegurado todo eso sin haber recibido las cuotas de la coparticipaci&oacute;n&rdquo;, subray&oacute; Cornejo tras elogiar las intendencias de los hermanos Pinto en el distrito pace&ntilde;o.<\/p>\n<p>El mandatario provincial, refiri&eacute;ndose a c&oacute;mo trabajar&aacute; con los intendente dijo: &ldquo;Voy a ayudar a que administren bien tambi&eacute;n en Santa Rosa, no voy a hacer diferencias, ya lo hice el viernes distribuyendo por igual los fondos. Convoco a los funcionarios a administrar como se debe, y a la ciudadan&iacute;a a involucrarse en el control de esa administraci&oacute;n&rdquo;, concluy&oacute; el nuevo gobernador.<\/p>\n<p><a href=\"https:\/\/www.mendoza.gov.ar\/prensa\/wp-content\/uploads\/sites\/23\/DSC_3286.jpg\"><img loading=\"lazy\" class=\"alignnone wp-image-44159 img-responsive center-block\" src=\"https:\/\/www.mendoza.gov.ar\/prensa\/wp-content\/uploads\/sites\/23\/DSC_3286.jpg\" alt=\"\" width=\"650\" height=\"432\"><\/a><\/p>\n<\/body><\/html>\n","protected":false},"excerpt":{"rendered":"El Gobernador elogi\u00f3 las gestiones de los hermanos Pinto. Adem\u00e1s subray\u00f3 que no har\u00e1 diferencias entre las intendencias de distinto color pol\u00edtico.","protected":false},"author":3,"featured_media":44158,"comment_status":"open","ping_status":"open","sticky":false,"template":"","format":"standard","meta":[],"categories":[19],"tags":[],"_links":{"self":[{"href":"https:\/\/www.mendoza.gov.ar\/prensa\/wp-json\/wp\/v2\/posts\/44156"}],"collection":[{"href":"https:\/\/www.mendoza.gov.ar\/prensa\/wp-json\/wp\/v2\/posts"}],"about":[{"href":"https:\/\/www.mendoza.gov.ar\/prensa\/wp-json\/wp\/v2\/types\/post"}],"author":[{"embeddable":true,"href":"https:\/\/www.mendoza.gov.ar\/prensa\/wp-json\/wp\/v2\/users\/3"}],"replies":[{"embeddable":true,"href":"https:\/\/www.mendoza.gov.ar\/prensa\/wp-json\/wp\/v2\/comments?post=44156"}],"version-history":[{"count":0,"href":"https:\/\/www.mendoza.gov.ar\/prensa\/wp-json\/wp\/v2\/posts\/44156\/revisions"}],"wp:featuredmedia":[{"embeddable":true,"href":"https:\/\/www.mendoza.gov.ar\/prensa\/wp-json\/wp\/v2\/media\/44158"}],"wp:attachment":[{"href":"https:\/\/www.mendoza.gov.ar\/prensa\/wp-json\/wp\/v2\/media?parent=44156"}],"wp:term":[{"taxonomy":"category","embeddable":true,"href":"https:\/\/www.mendoza.gov.ar\/prensa\/wp-json\/wp\/v2\/categories?post=44156"},{"taxonomy":"post_tag","embeddable":true,"href":"https:\/\/www.mendoza.gov.ar\/prensa\/wp-json\/wp\/v2\/tags?post=44156"}],"curies":[{"name":"wp","href":"https:\/\/api.w.org\/{rel}","templated":true}]}}