{"id":441664,"date":"2024-11-15T14:57:10","date_gmt":"2024-11-15T17:57:10","guid":{"rendered":"https:\/\/www.mendoza.gov.ar\/prensa\/?p=441664"},"modified":"2024-11-15T17:43:04","modified_gmt":"2024-11-15T20:43:04","slug":"promoviendo-la-seguridad-vial-desde-la-infancia-pequenos-guardianes-del-transito-culmino-su-ciclo-en-la-favorita","status":"publish","type":"post","link":"https:\/\/www.mendoza.gov.ar\/prensa\/promoviendo-la-seguridad-vial-desde-la-infancia-pequenos-guardianes-del-transito-culmino-su-ciclo-en-la-favorita\/","title":{"rendered":"Promoviendo la seguridad vial desde la infancia: Peque\u00f1os Guardianes del Tr\u00e1nsito culmin\u00f3 su ciclo en La Favorita"},"content":{"rendered":"<!DOCTYPE html PUBLIC \"-\/\/W3C\/\/DTD HTML 4.0 Transitional\/\/EN\" \"http:\/\/www.w3.org\/TR\/REC-html40\/loose.dtd\">\n<html><body><h5>El proyecto educativo busca promover la educaci&oacute;n vial en los ni&ntilde;os, incorporando pr&aacute;cticas de seguridad en el tr&aacute;nsito. Durante el ciclo, los estudiantes participaron en actividades interactivas con una pista de manejo. La iniciativa ha recorrido varias escuelas de la provincia, involucrando a toda la comunidad educativa, y seguir&aacute; en marcha el a&ntilde;o que viene.<\/h5>\n\n\n\n<p>El proyecto educativo Peque&ntilde;os Guardianes del Tr&aacute;nsito cerr&oacute; su ciclo en la Escuela Inmaculado Coraz&oacute;n de Mar&iacute;a, en el barrio La Favorita, con una jornada de sensibilizaci&oacute;n vial con los estudiantes de cuarto grado. Esta iniciativa, impulsada por la Unidad Ejecutiva de Seguridad Vial (UESV), el Ministerio de Educaci&oacute;n, Cultura, Infancias y DGE, el Ministerio de Seguridad y Justicia y la Direcci&oacute;n General de Escuelas (DGE), busca inculcar la importancia de la seguridad vial en los estudiantes desde edad temprana, promoviendo h&aacute;bitos responsables como peatones y futuros conductores.<\/p>\n\n\n\n<p>A lo largo del ciclo, los estudiantes pudieron interactuar con una pista de manejo que les permiti&oacute; conocer las normas de tr&aacute;nsito y poner en pr&aacute;ctica lo aprendido de una manera divertida y educativa. La actividad fue recibida con mucho entusiasmo tanto por los docentes como por las familias, quienes destacaron el valor de la propuesta para fomentar una conciencia vial en los m&aacute;s j&oacute;venes.<\/p>\n\n\n\n<p>La directora de Educaci&oacute;n Privada, Cecilia P&aacute;ez, expres&oacute; la satisfacci&oacute;n de la Direcci&oacute;n General de Escuelas con el impacto del proyecto, que comenz&oacute; en abril y ha visitado varios colegios privados de la provincia. &ldquo;Con esta pista, los chicos tienen la oportunidad de reflexionar sobre su rol en la v&iacute;a p&uacute;blica, no solo como peatones sino tambi&eacute;n como ciclistas y conductores responsables. Estamos muy satisfechos con el impacto que ha tenido esta actividad en los ni&ntilde;os y en la comunidad educativa&rdquo;, indic&oacute;.<\/p>\n\n\n\n<p>Por su parte, Orlando Corval&aacute;n, director de la Unidad Ejecutora de Seguridad Vial, destac&oacute; la importancia de trabajar la educaci&oacute;n vial desde la infancia para generar h&aacute;bitos responsables. &ldquo;Estamos trabajando con ni&ntilde;os muy peque&ntilde;os para generar h&aacute;bitos de manejo responsable. Este tipo de actividades busca no solo ense&ntilde;ar sino tambi&eacute;n crear conciencia, especialmente en un a&ntilde;o en el que los accidentes viales han aumentado. A trav&eacute;s de estos programas, estamos contribuyendo a reducir los siniestros viales en la provincia y a salvar vidas&rdquo;, se&ntilde;al&oacute; el funcionario.<\/p>\n\n\n\n<p>Carlos Pedroza, coordinador de la Fundaci&oacute;n Hijos del Coraz&oacute;n de Mar&iacute;a, expres&oacute; su agradecimiento por la visita de la pista de seguridad vial, destacando el compromiso de la instituci&oacute;n con la educaci&oacute;n en vial: &ldquo;Es un d&iacute;a de fiesta para nosotros. Los ni&ntilde;os son replicadores de estos conocimientos, lo que tambi&eacute;n impacta positivamente en sus familias. Este tipo de actividades refuerza los proyectos institucionales que venimos desarrollando sobre educaci&oacute;n vial, desde sala de cuatro hasta s&eacute;ptimo grado&rdquo;.<\/p>\n\n\n\n<figure class=\"wp-block-gallery columns-3\"><ul class=\"blocks-gallery-grid\"><li class=\"blocks-gallery-item\"><figure><a href=\"https:\/\/www.mendoza.gov.ar\/wp-content\/uploads\/sites\/5\/2024\/11\/IMG_0041.png\"><img loading=\"lazy\" width=\"700\" height=\"466\" src=\"https:\/\/www.mendoza.gov.ar\/wp-content\/uploads\/sites\/5\/2024\/11\/IMG_0041-700x466.png\" alt=\"\" data-id=\"441667\" data-full-url=\"https:\/\/www.mendoza.gov.ar\/wp-content\/uploads\/sites\/5\/2024\/11\/IMG_0041.png\" data-link=\"https:\/\/www.mendoza.gov.ar\/prensa\/?attachment_id=441667\" class=\"wp-image-441667 img-responsive center-block\" srcset=\"https:\/\/www.mendoza.gov.ar\/wp-content\/uploads\/sites\/5\/2024\/11\/IMG_0041-700x466.png 700w, https:\/\/www.mendoza.gov.ar\/wp-content\/uploads\/sites\/5\/2024\/11\/IMG_0041-250x167.png 250w, https:\/\/www.mendoza.gov.ar\/wp-content\/uploads\/sites\/5\/2024\/11\/IMG_0041-768x512.png 768w, https:\/\/www.mendoza.gov.ar\/wp-content\/uploads\/sites\/5\/2024\/11\/IMG_0041-120x80.png 120w, https:\/\/www.mendoza.gov.ar\/wp-content\/uploads\/sites\/5\/2024\/11\/IMG_0041.png 1280w\" sizes=\"(max-width: 700px) 100vw, 700px\"><\/a><\/figure><\/li><li class=\"blocks-gallery-item\"><figure><a href=\"https:\/\/www.mendoza.gov.ar\/wp-content\/uploads\/sites\/5\/2024\/11\/IMG_0032.png\"><img loading=\"lazy\" width=\"700\" height=\"466\" src=\"https:\/\/www.mendoza.gov.ar\/wp-content\/uploads\/sites\/5\/2024\/11\/IMG_0032-700x466.png\" alt=\"\" data-id=\"441668\" data-full-url=\"https:\/\/www.mendoza.gov.ar\/wp-content\/uploads\/sites\/5\/2024\/11\/IMG_0032.png\" data-link=\"https:\/\/www.mendoza.gov.ar\/prensa\/?attachment_id=441668\" class=\"wp-image-441668 img-responsive center-block\" srcset=\"https:\/\/www.mendoza.gov.ar\/wp-content\/uploads\/sites\/5\/2024\/11\/IMG_0032-700x466.png 700w, https:\/\/www.mendoza.gov.ar\/wp-content\/uploads\/sites\/5\/2024\/11\/IMG_0032-250x167.png 250w, https:\/\/www.mendoza.gov.ar\/wp-content\/uploads\/sites\/5\/2024\/11\/IMG_0032-768x512.png 768w, https:\/\/www.mendoza.gov.ar\/wp-content\/uploads\/sites\/5\/2024\/11\/IMG_0032-120x80.png 120w, https:\/\/www.mendoza.gov.ar\/wp-content\/uploads\/sites\/5\/2024\/11\/IMG_0032.png 1280w\" sizes=\"(max-width: 700px) 100vw, 700px\"><\/a><\/figure><\/li><li class=\"blocks-gallery-item\"><figure><a href=\"https:\/\/www.mendoza.gov.ar\/wp-content\/uploads\/sites\/5\/2024\/11\/IMG_0031.png\"><img loading=\"lazy\" width=\"700\" height=\"466\" src=\"https:\/\/www.mendoza.gov.ar\/wp-content\/uploads\/sites\/5\/2024\/11\/IMG_0031-700x466.png\" alt=\"\" data-id=\"441669\" data-full-url=\"https:\/\/www.mendoza.gov.ar\/wp-content\/uploads\/sites\/5\/2024\/11\/IMG_0031.png\" data-link=\"https:\/\/www.mendoza.gov.ar\/prensa\/?attachment_id=441669\" class=\"wp-image-441669 img-responsive center-block\" srcset=\"https:\/\/www.mendoza.gov.ar\/wp-content\/uploads\/sites\/5\/2024\/11\/IMG_0031-700x466.png 700w, https:\/\/www.mendoza.gov.ar\/wp-content\/uploads\/sites\/5\/2024\/11\/IMG_0031-250x167.png 250w, https:\/\/www.mendoza.gov.ar\/wp-content\/uploads\/sites\/5\/2024\/11\/IMG_0031-768x512.png 768w, https:\/\/www.mendoza.gov.ar\/wp-content\/uploads\/sites\/5\/2024\/11\/IMG_0031-120x80.png 120w, https:\/\/www.mendoza.gov.ar\/wp-content\/uploads\/sites\/5\/2024\/11\/IMG_0031.png 1280w\" sizes=\"(max-width: 700px) 100vw, 700px\"><\/a><\/figure><\/li><li class=\"blocks-gallery-item\"><figure><a href=\"https:\/\/www.mendoza.gov.ar\/wp-content\/uploads\/sites\/5\/2024\/11\/IMG_0030.png\"><img loading=\"lazy\" width=\"700\" height=\"466\" src=\"https:\/\/www.mendoza.gov.ar\/wp-content\/uploads\/sites\/5\/2024\/11\/IMG_0030-700x466.png\" alt=\"\" data-id=\"441670\" data-full-url=\"https:\/\/www.mendoza.gov.ar\/wp-content\/uploads\/sites\/5\/2024\/11\/IMG_0030.png\" data-link=\"https:\/\/www.mendoza.gov.ar\/prensa\/?attachment_id=441670\" class=\"wp-image-441670 img-responsive center-block\" srcset=\"https:\/\/www.mendoza.gov.ar\/wp-content\/uploads\/sites\/5\/2024\/11\/IMG_0030-700x466.png 700w, https:\/\/www.mendoza.gov.ar\/wp-content\/uploads\/sites\/5\/2024\/11\/IMG_0030-250x167.png 250w, https:\/\/www.mendoza.gov.ar\/wp-content\/uploads\/sites\/5\/2024\/11\/IMG_0030-768x512.png 768w, https:\/\/www.mendoza.gov.ar\/wp-content\/uploads\/sites\/5\/2024\/11\/IMG_0030-120x80.png 120w, https:\/\/www.mendoza.gov.ar\/wp-content\/uploads\/sites\/5\/2024\/11\/IMG_0030.png 1280w\" sizes=\"(max-width: 700px) 100vw, 700px\"><\/a><\/figure><\/li><li class=\"blocks-gallery-item\"><figure><a href=\"https:\/\/www.mendoza.gov.ar\/wp-content\/uploads\/sites\/5\/2024\/11\/IMG_0029.png\"><img src=\"https:\/\/www.mendoza.gov.ar\/wp-content\/uploads\/sites\/5\/2024\/11\/IMG_0029-700x466.png\" alt=\"\" data-id=\"441671\" data-full-url=\"https:\/\/www.mendoza.gov.ar\/wp-content\/uploads\/sites\/5\/2024\/11\/IMG_0029.png\" data-link=\"https:\/\/www.mendoza.gov.ar\/prensa\/?attachment_id=441671\" class=\"wp-image-441671 img-responsive center-block\"><\/a><\/figure><\/li><li class=\"blocks-gallery-item\"><figure><a href=\"https:\/\/www.mendoza.gov.ar\/wp-content\/uploads\/sites\/5\/2024\/11\/IMG_0028.png\"><img loading=\"lazy\" width=\"700\" height=\"466\" src=\"https:\/\/www.mendoza.gov.ar\/wp-content\/uploads\/sites\/5\/2024\/11\/IMG_0028-700x466.png\" alt=\"\" data-id=\"441672\" data-full-url=\"https:\/\/www.mendoza.gov.ar\/wp-content\/uploads\/sites\/5\/2024\/11\/IMG_0028.png\" data-link=\"https:\/\/www.mendoza.gov.ar\/prensa\/?attachment_id=441672\" class=\"wp-image-441672 img-responsive center-block\" srcset=\"https:\/\/www.mendoza.gov.ar\/wp-content\/uploads\/sites\/5\/2024\/11\/IMG_0028-700x466.png 700w, https:\/\/www.mendoza.gov.ar\/wp-content\/uploads\/sites\/5\/2024\/11\/IMG_0028-250x167.png 250w, https:\/\/www.mendoza.gov.ar\/wp-content\/uploads\/sites\/5\/2024\/11\/IMG_0028-768x512.png 768w, https:\/\/www.mendoza.gov.ar\/wp-content\/uploads\/sites\/5\/2024\/11\/IMG_0028-120x80.png 120w, https:\/\/www.mendoza.gov.ar\/wp-content\/uploads\/sites\/5\/2024\/11\/IMG_0028.png 1280w\" sizes=\"(max-width: 700px) 100vw, 700px\"><\/a><\/figure><\/li><li class=\"blocks-gallery-item\"><figure><a href=\"https:\/\/www.mendoza.gov.ar\/wp-content\/uploads\/sites\/5\/2024\/11\/IMG_0027.png\"><img loading=\"lazy\" width=\"700\" height=\"466\" src=\"https:\/\/www.mendoza.gov.ar\/wp-content\/uploads\/sites\/5\/2024\/11\/IMG_0027-700x466.png\" alt=\"\" data-id=\"441673\" data-full-url=\"https:\/\/www.mendoza.gov.ar\/wp-content\/uploads\/sites\/5\/2024\/11\/IMG_0027.png\" data-link=\"https:\/\/www.mendoza.gov.ar\/prensa\/?attachment_id=441673\" class=\"wp-image-441673 img-responsive center-block\" srcset=\"https:\/\/www.mendoza.gov.ar\/wp-content\/uploads\/sites\/5\/2024\/11\/IMG_0027-700x466.png 700w, https:\/\/www.mendoza.gov.ar\/wp-content\/uploads\/sites\/5\/2024\/11\/IMG_0027-250x167.png 250w, https:\/\/www.mendoza.gov.ar\/wp-content\/uploads\/sites\/5\/2024\/11\/IMG_0027-768x512.png 768w, https:\/\/www.mendoza.gov.ar\/wp-content\/uploads\/sites\/5\/2024\/11\/IMG_0027-120x80.png 120w, https:\/\/www.mendoza.gov.ar\/wp-content\/uploads\/sites\/5\/2024\/11\/IMG_0027.png 1280w\" sizes=\"(max-width: 700px) 100vw, 700px\"><\/a><\/figure><\/li><li class=\"blocks-gallery-item\"><figure><a href=\"https:\/\/www.mendoza.gov.ar\/wp-content\/uploads\/sites\/5\/2024\/11\/IMG_0018.png\"><img loading=\"lazy\" width=\"700\" height=\"466\" src=\"https:\/\/www.mendoza.gov.ar\/wp-content\/uploads\/sites\/5\/2024\/11\/IMG_0018-700x466.png\" alt=\"\" data-id=\"441674\" data-full-url=\"https:\/\/www.mendoza.gov.ar\/wp-content\/uploads\/sites\/5\/2024\/11\/IMG_0018.png\" data-link=\"https:\/\/www.mendoza.gov.ar\/prensa\/?attachment_id=441674\" class=\"wp-image-441674 img-responsive center-block\" srcset=\"https:\/\/www.mendoza.gov.ar\/wp-content\/uploads\/sites\/5\/2024\/11\/IMG_0018-700x466.png 700w, https:\/\/www.mendoza.gov.ar\/wp-content\/uploads\/sites\/5\/2024\/11\/IMG_0018-250x167.png 250w, https:\/\/www.mendoza.gov.ar\/wp-content\/uploads\/sites\/5\/2024\/11\/IMG_0018-768x512.png 768w, https:\/\/www.mendoza.gov.ar\/wp-content\/uploads\/sites\/5\/2024\/11\/IMG_0018-120x80.png 120w, https:\/\/www.mendoza.gov.ar\/wp-content\/uploads\/sites\/5\/2024\/11\/IMG_0018.png 1280w\" sizes=\"(max-width: 700px) 100vw, 700px\"><\/a><\/figure><\/li><li class=\"blocks-gallery-item\"><figure><a href=\"https:\/\/www.mendoza.gov.ar\/wp-content\/uploads\/sites\/5\/2024\/11\/IMG_0017.png\"><img loading=\"lazy\" width=\"700\" height=\"466\" src=\"https:\/\/www.mendoza.gov.ar\/wp-content\/uploads\/sites\/5\/2024\/11\/IMG_0017-700x466.png\" alt=\"\" data-id=\"441675\" data-full-url=\"https:\/\/www.mendoza.gov.ar\/wp-content\/uploads\/sites\/5\/2024\/11\/IMG_0017.png\" data-link=\"https:\/\/www.mendoza.gov.ar\/prensa\/?attachment_id=441675\" class=\"wp-image-441675 img-responsive center-block\" srcset=\"https:\/\/www.mendoza.gov.ar\/wp-content\/uploads\/sites\/5\/2024\/11\/IMG_0017-700x466.png 700w, https:\/\/www.mendoza.gov.ar\/wp-content\/uploads\/sites\/5\/2024\/11\/IMG_0017-250x167.png 250w, https:\/\/www.mendoza.gov.ar\/wp-content\/uploads\/sites\/5\/2024\/11\/IMG_0017-768x512.png 768w, https:\/\/www.mendoza.gov.ar\/wp-content\/uploads\/sites\/5\/2024\/11\/IMG_0017-120x80.png 120w, https:\/\/www.mendoza.gov.ar\/wp-content\/uploads\/sites\/5\/2024\/11\/IMG_0017.png 1280w\" sizes=\"(max-width: 700px) 100vw, 700px\"><\/a><\/figure><\/li><li class=\"blocks-gallery-item\"><figure><a href=\"https:\/\/www.mendoza.gov.ar\/wp-content\/uploads\/sites\/5\/2024\/11\/IMG_0014.png\"><img loading=\"lazy\" width=\"700\" height=\"466\" src=\"https:\/\/www.mendoza.gov.ar\/wp-content\/uploads\/sites\/5\/2024\/11\/IMG_0014-700x466.png\" alt=\"\" data-id=\"441676\" data-full-url=\"https:\/\/www.mendoza.gov.ar\/wp-content\/uploads\/sites\/5\/2024\/11\/IMG_0014.png\" data-link=\"https:\/\/www.mendoza.gov.ar\/prensa\/?attachment_id=441676\" class=\"wp-image-441676 img-responsive center-block\" srcset=\"https:\/\/www.mendoza.gov.ar\/wp-content\/uploads\/sites\/5\/2024\/11\/IMG_0014-700x466.png 700w, https:\/\/www.mendoza.gov.ar\/wp-content\/uploads\/sites\/5\/2024\/11\/IMG_0014-250x167.png 250w, https:\/\/www.mendoza.gov.ar\/wp-content\/uploads\/sites\/5\/2024\/11\/IMG_0014-768x512.png 768w, https:\/\/www.mendoza.gov.ar\/wp-content\/uploads\/sites\/5\/2024\/11\/IMG_0014-120x80.png 120w, https:\/\/www.mendoza.gov.ar\/wp-content\/uploads\/sites\/5\/2024\/11\/IMG_0014.png 1280w\" sizes=\"(max-width: 700px) 100vw, 700px\"><\/a><\/figure><\/li><\/ul><\/figure>\n<\/body><\/html>\n","protected":false},"excerpt":{"rendered":"El proyecto educativo busca promover la educaci&oacute;n vial en los ni&ntilde;os, incorporando pr&aacute;cticas de seguridad en el tr&aacute;nsito. Durante el ciclo, los estudiantes participaron en actividades interactivas con una pista de manejo. La iniciativa ha recorrido varias escuelas de la provincia, involucrando a toda la comunidad educativa, y seguir&aacute; en marcha el a&ntilde;o que viene&#8230;. <a class=\"view-article\" href=\"https:\/\/www.mendoza.gov.ar\/prensa\/promoviendo-la-seguridad-vial-desde-la-infancia-pequenos-guardianes-del-transito-culmino-su-ciclo-en-la-favorita\/\"><\/a>","protected":false},"author":63,"featured_media":441838,"comment_status":"open","ping_status":"open","sticky":false,"template":"","format":"standard","meta":[],"categories":[3049,12,33],"tags":[],"_links":{"self":[{"href":"https:\/\/www.mendoza.gov.ar\/prensa\/wp-json\/wp\/v2\/posts\/441664"}],"collection":[{"href":"https:\/\/www.mendoza.gov.ar\/prensa\/wp-json\/wp\/v2\/posts"}],"about":[{"href":"https:\/\/www.mendoza.gov.ar\/prensa\/wp-json\/wp\/v2\/types\/post"}],"author":[{"embeddable":true,"href":"https:\/\/www.mendoza.gov.ar\/prensa\/wp-json\/wp\/v2\/users\/63"}],"replies":[{"embeddable":true,"href":"https:\/\/www.mendoza.gov.ar\/prensa\/wp-json\/wp\/v2\/comments?post=441664"}],"version-history":[{"count":5,"href":"https:\/\/www.mendoza.gov.ar\/prensa\/wp-json\/wp\/v2\/posts\/441664\/revisions"}],"predecessor-version":[{"id":441690,"href":"https:\/\/www.mendoza.gov.ar\/prensa\/wp-json\/wp\/v2\/posts\/441664\/revisions\/441690"}],"wp:featuredmedia":[{"embeddable":true,"href":"https:\/\/www.mendoza.gov.ar\/prensa\/wp-json\/wp\/v2\/media\/441838"}],"wp:attachment":[{"href":"https:\/\/www.mendoza.gov.ar\/prensa\/wp-json\/wp\/v2\/media?parent=441664"}],"wp:term":[{"taxonomy":"category","embeddable":true,"href":"https:\/\/www.mendoza.gov.ar\/prensa\/wp-json\/wp\/v2\/categories?post=441664"},{"taxonomy":"post_tag","embeddable":true,"href":"https:\/\/www.mendoza.gov.ar\/prensa\/wp-json\/wp\/v2\/tags?post=441664"}],"curies":[{"name":"wp","href":"https:\/\/api.w.org\/{rel}","templated":true}]}}