{"id":44251,"date":"2015-12-17T01:39:02","date_gmt":"2015-12-17T04:39:02","guid":{"rendered":"http:\/\/prensa.mendoza.gov.ar\/?p=44251"},"modified":"2015-12-17T01:39:02","modified_gmt":"2015-12-17T04:39:02","slug":"desde-contingencias-confirman-que-desde-hace-16-meses-no-se-compran-bengalas","status":"publish","type":"post","link":"https:\/\/www.mendoza.gov.ar\/prensa\/desde-contingencias-confirman-que-desde-hace-16-meses-no-se-compran-bengalas\/","title":{"rendered":"Desde Contingencias confirman que desde hace 16 meses no se compran bengalas"},"content":{"rendered":"<!DOCTYPE html PUBLIC \"-\/\/W3C\/\/DTD HTML 4.0 Transitional\/\/EN\" \"http:\/\/www.w3.org\/TR\/REC-html40\/loose.dtd\">\n<html><body><p>El informe sobre la dura situaci&oacute;n econ&oacute;mica y financiera que el gobernador Cornejo y su gabinete ofrecieron este martes pasado&nbsp;como diagn&oacute;stico del estado de las cuentas p&uacute;blicas tuvo novedades. Es que en ese encuentro se hab&iacute;a informado que los equipos de lucha antigranizo s&oacute;lo contaban con un stock de 217 cargas de bengalas, que eran equivalentes al uso durante una semana de peque&ntilde;as tormentas o para afrontar solo una gran nube de c&eacute;lulas graniceras.<\/p>\n<p>&ldquo;El stock que recib&iacute; es de s&oacute;lo 217 cargas, lo que equivale a una semana de uso. Es un stock insuficiente y la situaci&oacute;n es complicada&rdquo;, sostuvo Oscar Astorga, director del Agricultura y Contingencias Clim&aacute;ticas.<\/p>\n<p>Al momento de repasar las razones por las que se lleg&oacute; a esta situaci&oacute;n cr&iacute;tica, Astorga sostuvo que &ldquo;hay que remontarse al proceso administrativo que se inici&oacute; en marzo de 2014 y que reci&eacute;n en marzo de este a&ntilde;o deriv&oacute; en un llamado a licitaci&oacute;n para que en agosto pasado se realiza la adjudicaci&oacute;n de este insumo b&aacute;sico&rdquo;.<\/p>\n<p>Debido a que el material se importa desde Europa y que las bengalas son consideradas explosivos deben quedar asentadas en el Registro Nacional de Armas (Renar). &ldquo;Esta situaci&oacute;n, sin dudas, estira los tiempos para que el material arribe a la provincia&rdquo;, agreg&oacute;.<\/p>\n<p>&ldquo;En Ezeiza hay 400 bengalas que hay que sacar de la Aduana por lo que llegar&iacute;an a Mendoza dentro de una semana u ocho d&iacute;as. Por eso debemos acelerar los tiempos administrativos al m&aacute;ximo. Adem&aacute;s, ya hay otras 400 viajando desde Miami a la provincia&rdquo;, declar&oacute; Astorga.<\/p>\n<p>Respecto al plazo de duraci&oacute;n del stock actual, el flamante funcionario afirm&oacute; que &ldquo;es dif&iacute;cil estimarlo pero se vienen utilizando cerca de 20 bengalas diarias para desactivar c&eacute;lulas graniceras. El 2014 y tambi&eacute;n el a&ntilde;o pr&oacute;ximo ser&aacute;n h&uacute;medos y con m&aacute;s tormentas que en el promedio hist&oacute;rico por lo que creemos que la necesidad ser&aacute; mayor&rdquo;.<\/p>\n<p>Hay que recordar que la lucha antigranizo es un programa de mitigaci&oacute;n, es decir, que reduce la dimensi&oacute;n del fen&oacute;meno clim&aacute;tico. En la Direcci&oacute;n cuentan con cuatro radares ubicados en San Mart&iacute;n, Tupungato, San Rafael (La Llave) y General Alvear (Bowen) y tres aviones Piper Chayenne para sembrar las nubes graniceras.<\/p>\n<\/body><\/html>\n","protected":false},"excerpt":{"rendered":"La nueva conducci\u00f3n de la Direcci\u00f3n de Agricultura y Contingencias Clim\u00e1ticas afirm\u00f3 que los expedientes llevan ese tiempo sin avanzar.","protected":false},"author":3,"featured_media":44255,"comment_status":"open","ping_status":"open","sticky":false,"template":"","format":"standard","meta":[],"categories":[1],"tags":[],"_links":{"self":[{"href":"https:\/\/www.mendoza.gov.ar\/prensa\/wp-json\/wp\/v2\/posts\/44251"}],"collection":[{"href":"https:\/\/www.mendoza.gov.ar\/prensa\/wp-json\/wp\/v2\/posts"}],"about":[{"href":"https:\/\/www.mendoza.gov.ar\/prensa\/wp-json\/wp\/v2\/types\/post"}],"author":[{"embeddable":true,"href":"https:\/\/www.mendoza.gov.ar\/prensa\/wp-json\/wp\/v2\/users\/3"}],"replies":[{"embeddable":true,"href":"https:\/\/www.mendoza.gov.ar\/prensa\/wp-json\/wp\/v2\/comments?post=44251"}],"version-history":[{"count":0,"href":"https:\/\/www.mendoza.gov.ar\/prensa\/wp-json\/wp\/v2\/posts\/44251\/revisions"}],"wp:featuredmedia":[{"embeddable":true,"href":"https:\/\/www.mendoza.gov.ar\/prensa\/wp-json\/wp\/v2\/media\/44255"}],"wp:attachment":[{"href":"https:\/\/www.mendoza.gov.ar\/prensa\/wp-json\/wp\/v2\/media?parent=44251"}],"wp:term":[{"taxonomy":"category","embeddable":true,"href":"https:\/\/www.mendoza.gov.ar\/prensa\/wp-json\/wp\/v2\/categories?post=44251"},{"taxonomy":"post_tag","embeddable":true,"href":"https:\/\/www.mendoza.gov.ar\/prensa\/wp-json\/wp\/v2\/tags?post=44251"}],"curies":[{"name":"wp","href":"https:\/\/api.w.org\/{rel}","templated":true}]}}