{"id":44321,"date":"2015-12-18T13:42:42","date_gmt":"2015-12-18T16:42:42","guid":{"rendered":"http:\/\/prensa.mendoza.gov.ar\/?p=44321"},"modified":"2015-12-18T13:42:42","modified_gmt":"2015-12-18T16:42:42","slug":"cornejo-inauguro-el-primer-programa-de-generacion-de-energia-solar","status":"publish","type":"post","link":"https:\/\/www.mendoza.gov.ar\/prensa\/cornejo-inauguro-el-primer-programa-de-generacion-de-energia-solar\/","title":{"rendered":"Cornejo inaugur\u00f3 el primer Programa de Generaci\u00f3n de Energ\u00eda Solar"},"content":{"rendered":"<!DOCTYPE html PUBLIC \"-\/\/W3C\/\/DTD HTML 4.0 Transitional\/\/EN\" \"http:\/\/www.w3.org\/TR\/REC-html40\/loose.dtd\">\n<html><body><p>Esta ma&ntilde;ana el Gobernador, junto al intendente de Godoy Cruz, Tadeo Garc&iacute;a Zalazar,&nbsp;dej&oacute; inaugurada la primer Planta Solar Fotovoltaica, ubicada en los galpones del Espacio Verde Luis Menotti Pescarmona. Este proyecto forma parte de un convenio firmado por Alfredo Cornejo cuando era intendente de la comuna.<\/p>\n<p>La Energe, organizaci&oacute;n de ingenier&iacute;a especializada en energ&iacute;as renovables incubada en la UNCuyo, estuvo a cargo de la instalaci&oacute;n de la Planta Solar Fotovoltaica, que transform&oacute; a Godoy Cruz en el primer municipio de la provincia, abastecido con energ&iacute;a solar. Tambi&eacute;n particip&oacute; de esta iniciativa el EPRE (Ente Provincial Regulador El&eacute;ctrico) y la Cooperativa El&eacute;ctrica de Godoy Cruz, instituciones a las que &nbsp;Alfredo Cornejo mencion&oacute; hoy, durante la presentaci&oacute;n, por tratarse de &ldquo;empresas mendocinas.&rdquo;<\/p>\n<p>La idea comenzar&aacute; a aplicarse, en una primera etapa, en los edificios municipales y de acuerdo a lo planeado durante la gesti&oacute;n de Cornejo; mientras que en una segunda instancia, el suministro se llevar&aacute; a las viviendas particulares de los habitantes del Departamento. El fin es la reconversi&oacute;n paulatina de la energ&iacute;a el&eacute;ctrica a una m&aacute;s sustentable en todos los &aacute;mbitos de la Provincia.<\/p>\n<p>&ldquo;Agradecemos que los empresarios se sumen a esta iniciativa, y queremos que el Ente Nacional Regulador de Electricidad tambi&eacute;n forme parte&rdquo; dijo el Gobernador y asegur&oacute;: &ldquo;queremos que esta iniciativa trascienda y llegue a otros municipios&rdquo;.<\/p>\n<p>En referencia al encuentro, Garc&iacute;a Zalazar explic&oacute; que &ldquo;las acciones para cuidar el ambiente son viables&rdquo; y asegur&oacute; que esta Planta es el &ldquo;claro ejemplo de que es posible&rdquo;. Cabe destacar que la misma cuenta con 40 paneles solares que producen energ&iacute;a limpia, permitiendo eliminar as&iacute; la emisi&oacute;n de gases de efecto invernadero.<\/p>\n<p><a href=\"https:\/\/www.mendoza.gov.ar\/prensa\/wp-content\/uploads\/sites\/23\/N1K4622.jpg\"><img loading=\"lazy\" class=\"alignnone  wp-image-44323 img-responsive center-block\" src=\"https:\/\/www.mendoza.gov.ar\/prensa\/wp-content\/uploads\/sites\/23\/N1K4622.jpg\" alt=\"\" width=\"824\" height=\"547\"><\/a><\/p>\n<p>&nbsp;<\/p>\n<p><strong>El programa<\/strong><\/p>\n<p>Se trata de un sistema de peque&ntilde;a potencia previsto para autoabastecimiento del lugar y que en los momentos en que no se consume energ&iacute;a o se consume menos de lo que genera el sistema, se vierten los excedentes a la red el&eacute;ctrica convencional de la Cooperativa El&eacute;ctrica para que lo utilicen otros usuarios.<\/p>\n<p>Esta innovaci&oacute;n evita la ampliaci&oacute;n de las redes de distribuci&oacute;n, produce un beneficio ambiental y favorece el ahorro econ&oacute;mico de la comuna.<\/p>\n<p>Adem&aacute;s contabiliza la energ&iacute;a que se est&aacute; produciendo y brinda informaci&oacute;n en el acto de c&oacute;mo se esta contribuyendo con el cuidado del ambiente, ofreci&eacute;ndonos datos sobre la cantidad de di&oacute;xido de carbono que no&nbsp;se&nbsp; produce al utilizar energ&iacute;as limpias y tambi&eacute;n un equivalente a la cantidad de &aacute;rboles que estar&iacute;amos plantando, esta informaci&oacute;n se muestra a cualquier ciudadano que pase por el lugar mediante un&nbsp; cartel led instalado a tal efecto.<\/p>\n<p>Otro dato a tener en cuenta, es que el sistema produce aproximadamente 10 kw de energ&iacute;a lo que equivale al abastecimiento de hasta 4&nbsp;inmuebles&nbsp;familiares.<\/p>\n<\/body><\/html>\n","protected":false},"excerpt":{"rendered":"El proyecto forma parte de un convenio impulsado por el Gobernador durante su gesti\u00f3n como intendente de Godoy Cruz.","protected":false},"author":3,"featured_media":44322,"comment_status":"open","ping_status":"open","sticky":false,"template":"","format":"standard","meta":[],"categories":[19],"tags":[],"_links":{"self":[{"href":"https:\/\/www.mendoza.gov.ar\/prensa\/wp-json\/wp\/v2\/posts\/44321"}],"collection":[{"href":"https:\/\/www.mendoza.gov.ar\/prensa\/wp-json\/wp\/v2\/posts"}],"about":[{"href":"https:\/\/www.mendoza.gov.ar\/prensa\/wp-json\/wp\/v2\/types\/post"}],"author":[{"embeddable":true,"href":"https:\/\/www.mendoza.gov.ar\/prensa\/wp-json\/wp\/v2\/users\/3"}],"replies":[{"embeddable":true,"href":"https:\/\/www.mendoza.gov.ar\/prensa\/wp-json\/wp\/v2\/comments?post=44321"}],"version-history":[{"count":0,"href":"https:\/\/www.mendoza.gov.ar\/prensa\/wp-json\/wp\/v2\/posts\/44321\/revisions"}],"wp:featuredmedia":[{"embeddable":true,"href":"https:\/\/www.mendoza.gov.ar\/prensa\/wp-json\/wp\/v2\/media\/44322"}],"wp:attachment":[{"href":"https:\/\/www.mendoza.gov.ar\/prensa\/wp-json\/wp\/v2\/media?parent=44321"}],"wp:term":[{"taxonomy":"category","embeddable":true,"href":"https:\/\/www.mendoza.gov.ar\/prensa\/wp-json\/wp\/v2\/categories?post=44321"},{"taxonomy":"post_tag","embeddable":true,"href":"https:\/\/www.mendoza.gov.ar\/prensa\/wp-json\/wp\/v2\/tags?post=44321"}],"curies":[{"name":"wp","href":"https:\/\/api.w.org\/{rel}","templated":true}]}}