{"id":44326,"date":"2015-12-18T13:47:25","date_gmt":"2015-12-18T16:47:25","guid":{"rendered":"http:\/\/prensa.mendoza.gov.ar\/?p=44326"},"modified":"2015-12-18T13:47:25","modified_gmt":"2015-12-18T16:47:25","slug":"el-gobernador-abrio-la-primera-jornada-de-educacion-tecnica-y-formacion-profesional","status":"publish","type":"post","link":"https:\/\/www.mendoza.gov.ar\/prensa\/el-gobernador-abrio-la-primera-jornada-de-educacion-tecnica-y-formacion-profesional\/","title":{"rendered":"El Gobernador abri\u00f3 la Primera Jornada de Educaci\u00f3n T\u00e9cnica y Formaci\u00f3n Profesional"},"content":{"rendered":"<!DOCTYPE html PUBLIC \"-\/\/W3C\/\/DTD HTML 4.0 Transitional\/\/EN\" \"http:\/\/www.w3.org\/TR\/REC-html40\/loose.dtd\">\n<html><body><p>El gobernador Alfedo Cornejo asisti&oacute; al lanzamiento de la&nbsp;Primera Jornada de Educaci&oacute;n T&eacute;cnica y Formaci&oacute;n Profesional que se realiz&oacute; en&nbsp; la Sala Violeta del Espacio Cultural Julio Le Parc y cont&oacute; con la presencia de&nbsp;Jaime Correas, director General de Escuelas y Daniel Pizzi, Rector de la UNCuyo.<\/p>\n<p>La Provincia cuenta con 71 escuelas t&eacute;cnicas y 79 centros de capacitaci&oacute;n laboral. Sin embargo &ldquo;cada vez se invierte m&aacute;s en educaci&oacute;n, pero extra&ntilde;amente no tenemos mejores resultados&rdquo; indic&oacute; el Gobernador aunque reconoci&oacute; que ha &ldquo;recorrido varias escuelas t&eacute;cnicas y muchas est&aacute;n funcionando muy bien&rdquo;.<\/p>\n<p>Uno de los desaf&iacute;os de Cornejo y la DGE, en esta &aacute;rea, ser&aacute; trabajar para que se alcance el 100% del buen funcionamiento escolar. El Gobernador indic&oacute; que es necesario &ldquo;educar a las personas para el trabajo, para eso hay que mirar el mercado laboral y guiar la educaci&oacute;n en base a esa demanda&rdquo;.<\/p>\n<p><a href=\"https:\/\/www.mendoza.gov.ar\/prensa\/wp-content\/uploads\/sites\/23\/N1K4512.jpg\"><img loading=\"lazy\" class=\"alignnone  wp-image-44328 img-responsive center-block\" src=\"https:\/\/www.mendoza.gov.ar\/prensa\/wp-content\/uploads\/sites\/23\/N1K4512.jpg\" alt=\"Auditorio\" width=\"816\" height=\"542\"><\/a><\/p>\n<p>Algunos d&iacute;as antes de asumir, el Gobernador, ya se hab&iacute;a reunido con Pizzi y Correas y les hab&iacute;a propuesto tomar a la escuela y&nbsp;Centro de Capacitaci&oacute;n para el Trabajo 6- 506 Dr.&nbsp;Ramos H. Lemos, de&nbsp;Luj&aacute;n de Cuyo, como un &ldquo;modelo para replicar&rdquo; en toda la provincia.&nbsp; En aquella oportunidad Cornejo afirm&oacute;: &ldquo;tener un trabajo es el mejor instrumento para el crecimiento colectivo de una sociedad&rdquo; y as&iacute; dej&oacute; planteado el motivo por el cual considera elemental el hecho de mejorar la educaci&oacute;n t&eacute;cnico profesional de la provincia.<\/p>\n<\/body><\/html>\n","protected":false},"excerpt":{"rendered":"Junto a Jaime Correas, director General de Escuelas y Daniel Pizzi, rector de la UNCuyo, Alfredo Cornejo dio inicio al evento en la Sala Violeta del Espacio Cultural Julio Le Parc.","protected":false},"author":3,"featured_media":44327,"comment_status":"open","ping_status":"open","sticky":false,"template":"","format":"standard","meta":[],"categories":[12,19],"tags":[],"_links":{"self":[{"href":"https:\/\/www.mendoza.gov.ar\/prensa\/wp-json\/wp\/v2\/posts\/44326"}],"collection":[{"href":"https:\/\/www.mendoza.gov.ar\/prensa\/wp-json\/wp\/v2\/posts"}],"about":[{"href":"https:\/\/www.mendoza.gov.ar\/prensa\/wp-json\/wp\/v2\/types\/post"}],"author":[{"embeddable":true,"href":"https:\/\/www.mendoza.gov.ar\/prensa\/wp-json\/wp\/v2\/users\/3"}],"replies":[{"embeddable":true,"href":"https:\/\/www.mendoza.gov.ar\/prensa\/wp-json\/wp\/v2\/comments?post=44326"}],"version-history":[{"count":0,"href":"https:\/\/www.mendoza.gov.ar\/prensa\/wp-json\/wp\/v2\/posts\/44326\/revisions"}],"wp:featuredmedia":[{"embeddable":true,"href":"https:\/\/www.mendoza.gov.ar\/prensa\/wp-json\/wp\/v2\/media\/44327"}],"wp:attachment":[{"href":"https:\/\/www.mendoza.gov.ar\/prensa\/wp-json\/wp\/v2\/media?parent=44326"}],"wp:term":[{"taxonomy":"category","embeddable":true,"href":"https:\/\/www.mendoza.gov.ar\/prensa\/wp-json\/wp\/v2\/categories?post=44326"},{"taxonomy":"post_tag","embeddable":true,"href":"https:\/\/www.mendoza.gov.ar\/prensa\/wp-json\/wp\/v2\/tags?post=44326"}],"curies":[{"name":"wp","href":"https:\/\/api.w.org\/{rel}","templated":true}]}}