{"id":44407,"date":"2015-12-21T11:30:38","date_gmt":"2015-12-21T14:30:38","guid":{"rendered":"http:\/\/prensa.mendoza.gov.ar\/?p=44407"},"modified":"2015-12-21T11:30:38","modified_gmt":"2015-12-21T14:30:38","slug":"autoridades-de-ambiente-se-reunieron-con-representantes-del-bid","status":"publish","type":"post","link":"https:\/\/www.mendoza.gov.ar\/prensa\/autoridades-de-ambiente-se-reunieron-con-representantes-del-bid\/","title":{"rendered":"Autoridades de Ambiente se reunieron con representantes del BID"},"content":{"rendered":"<!DOCTYPE html PUBLIC \"-\/\/W3C\/\/DTD HTML 4.0 Transitional\/\/EN\" \"http:\/\/www.w3.org\/TR\/REC-html40\/loose.dtd\">\n<html><body><p>El Acuerdo de Par&iacute;s firmado el pasado 13 de diciembre de 2015, dej&oacute; en claro que es urgente implementar de manera eficiente pol&iacute;ticas nacionales y provinciales de adaptaci&oacute;n y mitigaci&oacute;n al cambio Clim&aacute;tico.<\/p>\n<p>Fue por ello, que la Secretaria de Ambiente y Ordenamiento Territorial, por medio de la Coordinaci&oacute;n del Proyecto de Adaptaci&oacute;n a las Consecuencias del Cambio Clim&aacute;tico, Cooperaci&oacute;n t&eacute;cnica del BID, se invit&oacute; al se&ntilde;or Henry Moreno especialista principal de la Divisi&oacute;n de Agua y Saneamiento y Coordinador de Proyectos del Cono Sur de la representaci&oacute;n del BID en Buenos Aires.<\/p>\n<p>A la reuni&oacute;n asistieron el Secretario de Ambiente y Ordenamiento Territorial de la provincia de Mendoza, Humberto Mingorance, Tathiana Monta&ntilde;a (Coordinadora General, Proyecto Cooperaci&oacute;n T&eacute;cnica \/BID, cambio clim&aacute;tico), Henry Moreno (especialista principal de la Divisi&oacute;n de Agua y Saneamiento y Coordinador de Proyectos del Cono Sur), el Presidente de Aguas Mendocinas, Richard Battagi&oacute;n y el jefe de gabinete del ministerio de Hacienda, Marcelo Japaz.<\/p>\n<p>Durante la jornada de trabajo se dialog&oacute; sobre la urgencia de implementar &nbsp;medidas que garanticen gesti&oacute;n eficiente de agua potable, agua de riego, agua para el reuso entre otros. Problem&aacute;tica que aqueja la provincia desde hace ya 5 a&ntilde;os, cuando fue declarada en emergencia h&iacute;drica, por factores como la escasez de recurso por el calentamiento global y su efecto inmediato, el derretimiento de los glaciares; los modelos de riego ineficientes y la poca o inexistente cultura de cuidado del agua por parte de la ciudadan&iacute;a.<\/p>\n<p>Se acord&oacute; la priorizaci&oacute;n de tres l&iacute;neas de acci&oacute;n de trabajo del Banco en la provincia: priorizaci&oacute;n de proyectos de inversi&oacute;n a 10 a&ntilde;os para &nbsp;la empresa de agua y saneamiento, Aguas Mendocinas; la priorizaci&oacute;n a nivel nacional del Programa Integral de Residuos S&oacute;lidos Urbanos, proyecto que ya est&aacute; en fase de estudio en el Ministerio de Ambiente de la Naci&oacute;n; y el escalamiento del actual proyecto de adaptaci&oacute;n, &nbsp;a un gran Programa de Adaptaci&oacute;n y Mitigaci&oacute;n al cambio clim&aacute;tico Mendoza y para la regi&oacute;n Cuyo. Adem&aacute;s de la transversalizaci&oacute;n de indicadores de adaptaci&oacute;n y mitigaci&oacute;n al cambio clim&aacute;tico en todos los proyectos de inversi&oacute;n del Banco y de otros organismos provinciales y nacionales que trabajan en Mendoza.<\/p>\n<p>Finalmente, en febrero 2016 se llevar&aacute; a cabo un taller de especialistas para delinear las metodolog&iacute;as a seguir y los posibles componentes del gran programa de cambio clim&aacute;tico para la regi&oacute;n. Taller que contar&aacute; con la participaci&oacute;n del BID.<\/p>\n<\/body><\/html>\n","protected":false},"excerpt":{"rendered":"En el encuentro se dialog\u00f3 sobre la urgencia de implementar  medidas que garanticen gesti\u00f3n eficiente de agua potable, agua de riego, agua para el reuso, entre otros. Esta problem\u00e1tica aqueja a la provincia desde hace ya 5 a\u00f1os, cuando fue declarada en emergencia h\u00eddrica.","protected":false},"author":3,"featured_media":44412,"comment_status":"open","ping_status":"open","sticky":false,"template":"","format":"standard","meta":[],"categories":[3,21],"tags":[],"_links":{"self":[{"href":"https:\/\/www.mendoza.gov.ar\/prensa\/wp-json\/wp\/v2\/posts\/44407"}],"collection":[{"href":"https:\/\/www.mendoza.gov.ar\/prensa\/wp-json\/wp\/v2\/posts"}],"about":[{"href":"https:\/\/www.mendoza.gov.ar\/prensa\/wp-json\/wp\/v2\/types\/post"}],"author":[{"embeddable":true,"href":"https:\/\/www.mendoza.gov.ar\/prensa\/wp-json\/wp\/v2\/users\/3"}],"replies":[{"embeddable":true,"href":"https:\/\/www.mendoza.gov.ar\/prensa\/wp-json\/wp\/v2\/comments?post=44407"}],"version-history":[{"count":0,"href":"https:\/\/www.mendoza.gov.ar\/prensa\/wp-json\/wp\/v2\/posts\/44407\/revisions"}],"wp:featuredmedia":[{"embeddable":true,"href":"https:\/\/www.mendoza.gov.ar\/prensa\/wp-json\/wp\/v2\/media\/44412"}],"wp:attachment":[{"href":"https:\/\/www.mendoza.gov.ar\/prensa\/wp-json\/wp\/v2\/media?parent=44407"}],"wp:term":[{"taxonomy":"category","embeddable":true,"href":"https:\/\/www.mendoza.gov.ar\/prensa\/wp-json\/wp\/v2\/categories?post=44407"},{"taxonomy":"post_tag","embeddable":true,"href":"https:\/\/www.mendoza.gov.ar\/prensa\/wp-json\/wp\/v2\/tags?post=44407"}],"curies":[{"name":"wp","href":"https:\/\/api.w.org\/{rel}","templated":true}]}}