{"id":444129,"date":"2024-11-27T19:25:06","date_gmt":"2024-11-27T22:25:06","guid":{"rendered":"https:\/\/www.mendoza.gov.ar\/prensa\/?p=444129"},"modified":"2024-11-28T10:54:48","modified_gmt":"2024-11-28T13:54:48","slug":"mujeres-y-mineria-cuatro-destacadas-referentes-dieron-su-vision-de-una-industria-en-la-que-crece-la-participacion-femenina","status":"publish","type":"post","link":"https:\/\/www.mendoza.gov.ar\/prensa\/mujeres-y-mineria-cuatro-destacadas-referentes-dieron-su-vision-de-una-industria-en-la-que-crece-la-participacion-femenina\/","title":{"rendered":"Mujeres y miner\u00eda: cuatro destacadas referentes dieron su visi\u00f3n de una industria en la que crece la participaci\u00f3n femenina"},"content":{"rendered":"<!DOCTYPE html PUBLIC \"-\/\/W3C\/\/DTD HTML 4.0 Transitional\/\/EN\" \"http:\/\/www.w3.org\/TR\/REC-html40\/loose.dtd\">\n<html><body><h5>El panel <em>Women in Mining<\/em> de la Primera Cumbre de Miner&iacute;a Sostenible de Mendoza tuvo la participaci&oacute;n de Irini Wentinck, de Red MIA; Antonella Tassaroli, de Tassaroli SA; Mar&iacute;a Eugenia Sampalione, de Wim Argentina, y Alejandra Cardona, directora ejecutiva de la C&aacute;mara Argentina de Empresas Mineras.<\/h5>\n\n\n\n<p>En la Primera Cumbre de Miner&iacute;a Sostenible de Mendoza, cuatro destacadas referentes de la miner&iacute;a dieron su visi&oacute;n de una industria en la que la participaci&oacute;n femenina ha tenido un avance significativo y constante y plantea desaf&iacute;os a futuro.<\/p>\n\n\n\n<p>En un panel moderado por Alejandra Cardona, directora ejecutiva de la C&aacute;mara Argentina de Empresas Mineras, expusieron Irini Wentinck, de Red MIA; Antonella Tassaroli, de Tassaroli SA, y Mar&iacute;a Eugenia Sampalione, de Wim Argentina.<\/p>\n\n\n\n<p>Entre los principales temas, se destacaron el aporte y participaci&oacute;n de mujeres dentro de la industria minera, la brecha salarial entre hombres y mujeres y la ocupaci&oacute;n de cargos de liderazgo dentro la miner&iacute;a.<\/p>\n\n\n\n<p>Las expertas pusieron el acento en la visi&oacute;n integral, la pasi&oacute;n por el detalle, la sensibilidad y principalmente la planificaci&oacute;n estrat&eacute;gica para la resoluci&oacute;n de problemas como algunos de los atributos de las mujeres que se desempe&ntilde;an en el sector.<\/p>\n\n\n\n<p>&ldquo;Es muy nueva la incorporaci&oacute;n de la mujer en el mundo de la miner&iacute;a. La mujer aporta creatividad, solucionando problemas, analiza y propone alternativas&rdquo;, afirm&oacute; Mar&iacute;a Eugenia Sampalione, y agreg&oacute; que &ldquo;la miner&iacute;a enfrenta varios desaf&iacute;os, especialmente en relaci&oacute;n con la inclusi&oacute;n de mujeres y la necesidad de educaci&oacute;n en el sector&rdquo;.<\/p>\n\n\n\n<p>Por su parte, Irini Wentinck asegur&oacute; que las organizaciones est&aacute;n en momentos de transformaci&oacute;n, impulsadas por la tecnolog&iacute;a y otros factores clave. &ldquo;Es fundamental contar con esta diversidad de perspectivas, porque la complejidad de los desaf&iacute;os actuales requiere de un equipo con diferentes enfoques&rdquo;, reflexion&oacute;.<\/p>\n\n\n\n<p>&ldquo;En mi caso personal, y creo que tambi&eacute;n en el de nuestra empresa, la miner&iacute;a nos aport&oacute; tres grandes elementos&rdquo;, coment&oacute; Antonella Tassaroli. &ldquo;Primero, el est&aacute;ndar. Comenzamos con la primera generaci&oacute;n trabajando en infraestructura, y luego nos enfocamos en la fabricaci&oacute;n de productos para la miner&iacute;a, bas&aacute;ndonos en la experiencia t&eacute;cnica que nos dieron las obras hidroel&eacute;ctricas. Sin embargo, fueron los est&aacute;ndares de excelencia impuestos por la miner&iacute;a lo que nos permiti&oacute; llegar hoy a ser una empresa de tercera generaci&oacute;n, dedicada a la metalmec&aacute;nica y con presencia en diferentes pa&iacute;ses&rdquo;.<\/p>\n\n\n\n<p>&ldquo;En segundo lugar, la competitividad. Al decidir expandirnos internacionalmente con los productos que fabric&aacute;bamos en Argentina nos dimos cuenta de la importancia de competir en un mercado global. Para m&iacute;, fue la miner&iacute;a la que me ense&ntilde;&oacute; que siempre debemos buscar que nuestros productos sean los mejores y a un costo competitivo&rdquo;, prosigui&oacute; la  empresaria.<\/p>\n\n\n\n<p>&ldquo;En tercer lugar, la excelencia t&eacute;cnica. La miner&iacute;a exige un nivel t&eacute;cnico alt&iacute;simo, y esto nos lleva tambi&eacute;n a reflexionar sobre la sostenibilidad. Hoy, la miner&iacute;a, al igual que la industria del petr&oacute;leo y la energ&iacute;a renovable, est&aacute; muy adelantada en t&eacute;rminos de exigencias ambientales y sociales&rdquo;, finaliz&oacute; Antonella Tassaroli.<\/p>\n\n\n\n<p>Durante el panel se destac&oacute; la importancia de desarrollar recursos humanos capacitados para satisfacer la demanda que tendr&aacute; la industria en el futuro. Al respecto, las panelistas afirmaron que el trabajo conjunto entre los sectores p&uacute;blico y privado para la formaci&oacute;n de personal en diferentes especialidades ser&aacute; clave para el futuro de la industria y de la mujer dentro de esa industria.<\/p>\n\n\n\n<figure class=\"wp-block-gallery columns-2\"><ul class=\"blocks-gallery-grid\"><li class=\"blocks-gallery-item\"><figure><a href=\"https:\/\/www.mendoza.gov.ar\/wp-content\/uploads\/sites\/5\/2024\/11\/20241127_151512-rotated.jpg\"><img loading=\"lazy\" width=\"700\" height=\"700\" src=\"https:\/\/www.mendoza.gov.ar\/wp-content\/uploads\/sites\/5\/2024\/11\/20241127_151512-700x700.jpg\" alt=\"\" data-id=\"444132\" data-full-url=\"https:\/\/www.mendoza.gov.ar\/wp-content\/uploads\/sites\/5\/2024\/11\/20241127_151512-rotated.jpg\" data-link=\"https:\/\/www.mendoza.gov.ar\/prensa\/?attachment_id=444132\" class=\"wp-image-444132 img-responsive center-block\" srcset=\"https:\/\/www.mendoza.gov.ar\/wp-content\/uploads\/sites\/5\/2024\/11\/20241127_151512-700x700.jpg 700w, https:\/\/www.mendoza.gov.ar\/wp-content\/uploads\/sites\/5\/2024\/11\/20241127_151512-250x250.jpg 250w, https:\/\/www.mendoza.gov.ar\/wp-content\/uploads\/sites\/5\/2024\/11\/20241127_151512-150x150.jpg 150w, https:\/\/www.mendoza.gov.ar\/wp-content\/uploads\/sites\/5\/2024\/11\/20241127_151512-768x768.jpg 768w, https:\/\/www.mendoza.gov.ar\/wp-content\/uploads\/sites\/5\/2024\/11\/20241127_151512-1536x1536.jpg 1536w, https:\/\/www.mendoza.gov.ar\/wp-content\/uploads\/sites\/5\/2024\/11\/20241127_151512-2048x2048.jpg 2048w, https:\/\/www.mendoza.gov.ar\/wp-content\/uploads\/sites\/5\/2024\/11\/20241127_151512-120x120.jpg 120w\" sizes=\"(max-width: 700px) 100vw, 700px\"><\/a><\/figure><\/li><li class=\"blocks-gallery-item\"><figure><a href=\"https:\/\/www.mendoza.gov.ar\/wp-content\/uploads\/sites\/5\/2024\/11\/20241127_151508-rotated.jpg\"><img loading=\"lazy\" width=\"700\" height=\"700\" src=\"https:\/\/www.mendoza.gov.ar\/wp-content\/uploads\/sites\/5\/2024\/11\/20241127_151508-700x700.jpg\" alt=\"\" data-id=\"444133\" data-full-url=\"https:\/\/www.mendoza.gov.ar\/wp-content\/uploads\/sites\/5\/2024\/11\/20241127_151508-rotated.jpg\" data-link=\"https:\/\/www.mendoza.gov.ar\/prensa\/?attachment_id=444133\" class=\"wp-image-444133 img-responsive center-block\" srcset=\"https:\/\/www.mendoza.gov.ar\/wp-content\/uploads\/sites\/5\/2024\/11\/20241127_151508-700x700.jpg 700w, https:\/\/www.mendoza.gov.ar\/wp-content\/uploads\/sites\/5\/2024\/11\/20241127_151508-250x250.jpg 250w, https:\/\/www.mendoza.gov.ar\/wp-content\/uploads\/sites\/5\/2024\/11\/20241127_151508-150x150.jpg 150w, https:\/\/www.mendoza.gov.ar\/wp-content\/uploads\/sites\/5\/2024\/11\/20241127_151508-768x768.jpg 768w, https:\/\/www.mendoza.gov.ar\/wp-content\/uploads\/sites\/5\/2024\/11\/20241127_151508-1536x1536.jpg 1536w, https:\/\/www.mendoza.gov.ar\/wp-content\/uploads\/sites\/5\/2024\/11\/20241127_151508-2048x2048.jpg 2048w, https:\/\/www.mendoza.gov.ar\/wp-content\/uploads\/sites\/5\/2024\/11\/20241127_151508-120x120.jpg 120w\" sizes=\"(max-width: 700px) 100vw, 700px\"><\/a><\/figure><\/li><li class=\"blocks-gallery-item\"><figure><a href=\"https:\/\/www.mendoza.gov.ar\/wp-content\/uploads\/sites\/5\/2024\/11\/20241127_151416-rotated.jpg\"><img loading=\"lazy\" width=\"700\" height=\"700\" src=\"https:\/\/www.mendoza.gov.ar\/wp-content\/uploads\/sites\/5\/2024\/11\/20241127_151416-700x700.jpg\" alt=\"\" data-id=\"444134\" data-full-url=\"https:\/\/www.mendoza.gov.ar\/wp-content\/uploads\/sites\/5\/2024\/11\/20241127_151416-rotated.jpg\" data-link=\"https:\/\/www.mendoza.gov.ar\/prensa\/?attachment_id=444134\" class=\"wp-image-444134 img-responsive center-block\" srcset=\"https:\/\/www.mendoza.gov.ar\/wp-content\/uploads\/sites\/5\/2024\/11\/20241127_151416-700x700.jpg 700w, https:\/\/www.mendoza.gov.ar\/wp-content\/uploads\/sites\/5\/2024\/11\/20241127_151416-250x250.jpg 250w, https:\/\/www.mendoza.gov.ar\/wp-content\/uploads\/sites\/5\/2024\/11\/20241127_151416-150x150.jpg 150w, https:\/\/www.mendoza.gov.ar\/wp-content\/uploads\/sites\/5\/2024\/11\/20241127_151416-768x768.jpg 768w, https:\/\/www.mendoza.gov.ar\/wp-content\/uploads\/sites\/5\/2024\/11\/20241127_151416-1536x1536.jpg 1536w, https:\/\/www.mendoza.gov.ar\/wp-content\/uploads\/sites\/5\/2024\/11\/20241127_151416-2048x2048.jpg 2048w, https:\/\/www.mendoza.gov.ar\/wp-content\/uploads\/sites\/5\/2024\/11\/20241127_151416-120x120.jpg 120w\" sizes=\"(max-width: 700px) 100vw, 700px\"><\/a><\/figure><\/li><li class=\"blocks-gallery-item\"><figure><a href=\"https:\/\/www.mendoza.gov.ar\/wp-content\/uploads\/sites\/5\/2024\/11\/20241127_151405-rotated.jpg\"><img loading=\"lazy\" width=\"700\" height=\"1243\" src=\"https:\/\/www.mendoza.gov.ar\/wp-content\/uploads\/sites\/5\/2024\/11\/20241127_151405-700x1243.jpg\" alt=\"\" data-id=\"444135\" data-full-url=\"https:\/\/www.mendoza.gov.ar\/wp-content\/uploads\/sites\/5\/2024\/11\/20241127_151405-rotated.jpg\" data-link=\"https:\/\/www.mendoza.gov.ar\/prensa\/?attachment_id=444135\" class=\"wp-image-444135 img-responsive center-block\" srcset=\"https:\/\/www.mendoza.gov.ar\/wp-content\/uploads\/sites\/5\/2024\/11\/20241127_151405-700x1243.jpg 700w, https:\/\/www.mendoza.gov.ar\/wp-content\/uploads\/sites\/5\/2024\/11\/20241127_151405-250x444.jpg 250w, https:\/\/www.mendoza.gov.ar\/wp-content\/uploads\/sites\/5\/2024\/11\/20241127_151405-768x1364.jpg 768w, https:\/\/www.mendoza.gov.ar\/wp-content\/uploads\/sites\/5\/2024\/11\/20241127_151405-865x1536.jpg 865w, https:\/\/www.mendoza.gov.ar\/wp-content\/uploads\/sites\/5\/2024\/11\/20241127_151405-1153x2048.jpg 1153w, https:\/\/www.mendoza.gov.ar\/wp-content\/uploads\/sites\/5\/2024\/11\/20241127_151405-120x213.jpg 120w\" sizes=\"(max-width: 700px) 100vw, 700px\"><\/a><\/figure><\/li><li class=\"blocks-gallery-item\"><figure><a href=\"https:\/\/www.mendoza.gov.ar\/wp-content\/uploads\/sites\/5\/2024\/11\/20241127_151400-rotated.jpg\"><img loading=\"lazy\" width=\"700\" height=\"1243\" src=\"https:\/\/www.mendoza.gov.ar\/wp-content\/uploads\/sites\/5\/2024\/11\/20241127_151400-700x1243.jpg\" alt=\"\" data-id=\"444136\" data-full-url=\"https:\/\/www.mendoza.gov.ar\/wp-content\/uploads\/sites\/5\/2024\/11\/20241127_151400-rotated.jpg\" data-link=\"https:\/\/www.mendoza.gov.ar\/prensa\/?attachment_id=444136\" class=\"wp-image-444136 img-responsive center-block\" srcset=\"https:\/\/www.mendoza.gov.ar\/wp-content\/uploads\/sites\/5\/2024\/11\/20241127_151400-700x1243.jpg 700w, https:\/\/www.mendoza.gov.ar\/wp-content\/uploads\/sites\/5\/2024\/11\/20241127_151400-250x444.jpg 250w, https:\/\/www.mendoza.gov.ar\/wp-content\/uploads\/sites\/5\/2024\/11\/20241127_151400-768x1364.jpg 768w, https:\/\/www.mendoza.gov.ar\/wp-content\/uploads\/sites\/5\/2024\/11\/20241127_151400-865x1536.jpg 865w, https:\/\/www.mendoza.gov.ar\/wp-content\/uploads\/sites\/5\/2024\/11\/20241127_151400-1153x2048.jpg 1153w, https:\/\/www.mendoza.gov.ar\/wp-content\/uploads\/sites\/5\/2024\/11\/20241127_151400-120x213.jpg 120w\" sizes=\"(max-width: 700px) 100vw, 700px\"><\/a><\/figure><\/li><li class=\"blocks-gallery-item\"><figure><a href=\"https:\/\/www.mendoza.gov.ar\/wp-content\/uploads\/sites\/5\/2024\/11\/20241127_151347-rotated.jpg\"><img loading=\"lazy\" width=\"700\" height=\"700\" src=\"https:\/\/www.mendoza.gov.ar\/wp-content\/uploads\/sites\/5\/2024\/11\/20241127_151347-700x700.jpg\" alt=\"\" data-id=\"444137\" data-full-url=\"https:\/\/www.mendoza.gov.ar\/wp-content\/uploads\/sites\/5\/2024\/11\/20241127_151347-rotated.jpg\" data-link=\"https:\/\/www.mendoza.gov.ar\/prensa\/?attachment_id=444137\" class=\"wp-image-444137 img-responsive center-block\" srcset=\"https:\/\/www.mendoza.gov.ar\/wp-content\/uploads\/sites\/5\/2024\/11\/20241127_151347-700x700.jpg 700w, https:\/\/www.mendoza.gov.ar\/wp-content\/uploads\/sites\/5\/2024\/11\/20241127_151347-250x250.jpg 250w, https:\/\/www.mendoza.gov.ar\/wp-content\/uploads\/sites\/5\/2024\/11\/20241127_151347-150x150.jpg 150w, https:\/\/www.mendoza.gov.ar\/wp-content\/uploads\/sites\/5\/2024\/11\/20241127_151347-768x768.jpg 768w, https:\/\/www.mendoza.gov.ar\/wp-content\/uploads\/sites\/5\/2024\/11\/20241127_151347-1536x1536.jpg 1536w, https:\/\/www.mendoza.gov.ar\/wp-content\/uploads\/sites\/5\/2024\/11\/20241127_151347-2048x2048.jpg 2048w, https:\/\/www.mendoza.gov.ar\/wp-content\/uploads\/sites\/5\/2024\/11\/20241127_151347-120x120.jpg 120w\" sizes=\"(max-width: 700px) 100vw, 700px\"><\/a><\/figure><\/li><li class=\"blocks-gallery-item\"><figure><a href=\"https:\/\/www.mendoza.gov.ar\/wp-content\/uploads\/sites\/5\/2024\/11\/20241127_151341-rotated.jpg\"><img src=\"https:\/\/www.mendoza.gov.ar\/wp-content\/uploads\/sites\/5\/2024\/11\/20241127_151341-700x700.jpg\" alt=\"\" data-id=\"444138\" data-full-url=\"https:\/\/www.mendoza.gov.ar\/wp-content\/uploads\/sites\/5\/2024\/11\/20241127_151341-rotated.jpg\" data-link=\"https:\/\/www.mendoza.gov.ar\/prensa\/?attachment_id=444138\" class=\"wp-image-444138 img-responsive center-block\"><\/a><\/figure><\/li><li class=\"blocks-gallery-item\"><figure><a href=\"https:\/\/www.mendoza.gov.ar\/wp-content\/uploads\/sites\/5\/2024\/11\/20241127_151333-rotated.jpg\"><img loading=\"lazy\" width=\"700\" height=\"1243\" src=\"https:\/\/www.mendoza.gov.ar\/wp-content\/uploads\/sites\/5\/2024\/11\/20241127_151333-700x1243.jpg\" alt=\"\" data-id=\"444139\" data-full-url=\"https:\/\/www.mendoza.gov.ar\/wp-content\/uploads\/sites\/5\/2024\/11\/20241127_151333-rotated.jpg\" data-link=\"https:\/\/www.mendoza.gov.ar\/prensa\/?attachment_id=444139\" class=\"wp-image-444139 img-responsive center-block\" srcset=\"https:\/\/www.mendoza.gov.ar\/wp-content\/uploads\/sites\/5\/2024\/11\/20241127_151333-700x1243.jpg 700w, https:\/\/www.mendoza.gov.ar\/wp-content\/uploads\/sites\/5\/2024\/11\/20241127_151333-250x444.jpg 250w, https:\/\/www.mendoza.gov.ar\/wp-content\/uploads\/sites\/5\/2024\/11\/20241127_151333-768x1364.jpg 768w, https:\/\/www.mendoza.gov.ar\/wp-content\/uploads\/sites\/5\/2024\/11\/20241127_151333-865x1536.jpg 865w, https:\/\/www.mendoza.gov.ar\/wp-content\/uploads\/sites\/5\/2024\/11\/20241127_151333-1153x2048.jpg 1153w, https:\/\/www.mendoza.gov.ar\/wp-content\/uploads\/sites\/5\/2024\/11\/20241127_151333-120x213.jpg 120w\" sizes=\"(max-width: 700px) 100vw, 700px\"><\/a><\/figure><\/li><\/ul><\/figure>\n<\/body><\/html>\n","protected":false},"excerpt":{"rendered":"El panel Women in Mining de la Primera Cumbre de Miner&iacute;a Sostenible de Mendoza tuvo la participaci&oacute;n de Irini Wentinck, de Red MIA; Antonella Tassaroli, de Tassaroli SA; Mar&iacute;a Eugenia Sampalione, de Wim Argentina, y Alejandra Cardona, directora ejecutiva de la C&aacute;mara Argentina de Empresas Mineras. En la Primera Cumbre de Miner&iacute;a Sostenible de Mendoza,&#8230; <a class=\"view-article\" href=\"https:\/\/www.mendoza.gov.ar\/prensa\/mujeres-y-mineria-cuatro-destacadas-referentes-dieron-su-vision-de-una-industria-en-la-que-crece-la-participacion-femenina\/\"><\/a>","protected":false},"author":63,"featured_media":444138,"comment_status":"open","ping_status":"open","sticky":false,"template":"","format":"standard","meta":[],"categories":[3,3038],"tags":[],"_links":{"self":[{"href":"https:\/\/www.mendoza.gov.ar\/prensa\/wp-json\/wp\/v2\/posts\/444129"}],"collection":[{"href":"https:\/\/www.mendoza.gov.ar\/prensa\/wp-json\/wp\/v2\/posts"}],"about":[{"href":"https:\/\/www.mendoza.gov.ar\/prensa\/wp-json\/wp\/v2\/types\/post"}],"author":[{"embeddable":true,"href":"https:\/\/www.mendoza.gov.ar\/prensa\/wp-json\/wp\/v2\/users\/63"}],"replies":[{"embeddable":true,"href":"https:\/\/www.mendoza.gov.ar\/prensa\/wp-json\/wp\/v2\/comments?post=444129"}],"version-history":[{"count":6,"href":"https:\/\/www.mendoza.gov.ar\/prensa\/wp-json\/wp\/v2\/posts\/444129\/revisions"}],"predecessor-version":[{"id":444218,"href":"https:\/\/www.mendoza.gov.ar\/prensa\/wp-json\/wp\/v2\/posts\/444129\/revisions\/444218"}],"wp:featuredmedia":[{"embeddable":true,"href":"https:\/\/www.mendoza.gov.ar\/prensa\/wp-json\/wp\/v2\/media\/444138"}],"wp:attachment":[{"href":"https:\/\/www.mendoza.gov.ar\/prensa\/wp-json\/wp\/v2\/media?parent=444129"}],"wp:term":[{"taxonomy":"category","embeddable":true,"href":"https:\/\/www.mendoza.gov.ar\/prensa\/wp-json\/wp\/v2\/categories?post=444129"},{"taxonomy":"post_tag","embeddable":true,"href":"https:\/\/www.mendoza.gov.ar\/prensa\/wp-json\/wp\/v2\/tags?post=444129"}],"curies":[{"name":"wp","href":"https:\/\/api.w.org\/{rel}","templated":true}]}}