{"id":44524,"date":"2015-12-23T11:07:58","date_gmt":"2015-12-23T14:07:58","guid":{"rendered":"http:\/\/prensa.mendoza.gov.ar\/?p=44524"},"modified":"2015-12-23T11:07:58","modified_gmt":"2015-12-23T14:07:58","slug":"el-gobernador-acompano-a-felix-en-la-asuncion-de-un-nuevo-mandato","status":"publish","type":"post","link":"https:\/\/www.mendoza.gov.ar\/prensa\/el-gobernador-acompano-a-felix-en-la-asuncion-de-un-nuevo-mandato\/","title":{"rendered":"El Gobernador acompa\u00f1\u00f3 a F\u00e9lix en la asunci\u00f3n de un nuevo mandato"},"content":{"rendered":"<!DOCTYPE html PUBLIC \"-\/\/W3C\/\/DTD HTML 4.0 Transitional\/\/EN\" \"http:\/\/www.w3.org\/TR\/REC-html40\/loose.dtd\">\n<html><body><p>Alfredo Cornejo lleg&oacute; hasta San Rafael para acompa&ntilde;ar a Emir F&eacute;lix en la asunci&oacute;n de un nuevo periodo en&nbsp;la intendencia de la comuna. El acto se realiz&oacute; en la Plaza San Mart&iacute;n de ese departamento y cont&oacute; con la presencia de parte del Gabinete provincial y un nutrido n&uacute;mero de sanrafaelinos.<\/p>\n<p>Durante la&nbsp;asunci&oacute;n&nbsp;del intendente sure&ntilde;o, el Gobernador elogi&oacute; la administraci&oacute;n realizada por F&eacute;liz: &ldquo;en San Rafael, Emir ha podido pagar sueldos&rdquo;.<\/p>\n<p>&ldquo;Tanto la provincia como los municipios tienen que trabajar de manera conjunta. Que seamos de signos pol&iacute;ticos distintos no tiene por qu&eacute; ser un obst&aacute;culo al momento de trabajar&rdquo;, indic&oacute; Cornejo, durante la conferencia que se brind&oacute; luego del evento.<\/p>\n<p>En la oportunidad tambi&eacute;n anunci&oacute; que se est&aacute; trabajando en una agenda en conjunto: &ldquo;nos proponemos cumplir metas peque&ntilde;as pero importantes, como que un chico salga de la escuela sabiendo leer y escribir. Necesitamos un sistema de seguridad que atienda a la prevenci&oacute;n como as&iacute; tambi&eacute;n, de un sistema de salud arm&oacute;nico con el sector privado, que no lucre con los pacientes, en eso vamos a trabajar junto al municipio.&rdquo;<\/p>\n<p>Cornejo inform&oacute; que si bien &ldquo;el Gran Mendoza es un polo log&iacute;stico por s&iacute; mismo, tal como dijo Emir, est&aacute; colapsado. Necesita extenderse a otras zonas.&rdquo; As&iacute;, argument&oacute; que el Paso Las Le&ntilde;as ser&iacute;a una muy buena opci&oacute;n para solucionar esta tem&aacute;tica: &ldquo;Todas estas inversiones, como el t&uacute;nel de baja altura, &nbsp;son grandes inversiones que van a ir atadas a la evoluci&oacute;n de la econom&iacute;a, tanto nacional como internacional, en su conjunto&rdquo; dijo Cornejo y aclar&oacute;: &ldquo;esto no es s&oacute;lo prioridad para San Rafael, que ser&iacute;a sin dudas quien m&aacute;s se beneficiar&iacute;a, tambi&eacute;n es una prioridad para la provincia.&rdquo;<\/p>\n<p><a href=\"https:\/\/www.mendoza.gov.ar\/prensa\/wp-content\/uploads\/sites\/23\/N1K5873.jpg\"><img loading=\"lazy\" class=\"alignnone wp-image-44555 img-responsive center-block\" src=\"https:\/\/www.mendoza.gov.ar\/prensa\/wp-content\/uploads\/sites\/23\/N1K5873.jpg\" alt=\"Acto San Rafael\" width=\"650\" height=\"432\"><\/a><\/p>\n<p>En cuanto a la red de gas, si bien no es un tema de competencia de la provincia, el mandatario provincial confirm&oacute; que se est&aacute; trabajando con Infraestructura de la Naci&oacute;n para el tendido de cuatro obras emblem&aacute;ticas. Una de ellas ser&iacute;a la que comprende el tramo de la comuna. Adem&aacute;s consider&oacute; necesario &ldquo;reactivar el tendido de la red cloacal para San Rafael&rdquo;.<\/p>\n<p>Por su parte Emir F&eacute;lix, dio muestras de sus intenciones de trabajar en equipo junto al Gobierno Provincial tras declarar, ante una Plaza San Mart&iacute;n colmada, que &ldquo;este Intendente est&aacute; dispuesto a sumar y ponerse a trabajar junto usted se&ntilde;or Gobernador. Este es un municipio que aborda los problemas que tienen los vecinos y no se va a hacer para atr&aacute;s, queremos ser parte.&rdquo;<\/p>\n<\/body><\/html>\n","protected":false},"excerpt":{"rendered":"Cornejo viaj\u00f3 durante la tarde del martes al sur de la provincia. All\u00ed destac\u00f3 la necesidad de una agenda de trabajo conjunta en la cual se incluya el paso de Las Le\u00f1as y obras de gas para el departamento, entre otros temas.","protected":false},"author":3,"featured_media":44554,"comment_status":"open","ping_status":"open","sticky":false,"template":"","format":"standard","meta":[],"categories":[19],"tags":[],"_links":{"self":[{"href":"https:\/\/www.mendoza.gov.ar\/prensa\/wp-json\/wp\/v2\/posts\/44524"}],"collection":[{"href":"https:\/\/www.mendoza.gov.ar\/prensa\/wp-json\/wp\/v2\/posts"}],"about":[{"href":"https:\/\/www.mendoza.gov.ar\/prensa\/wp-json\/wp\/v2\/types\/post"}],"author":[{"embeddable":true,"href":"https:\/\/www.mendoza.gov.ar\/prensa\/wp-json\/wp\/v2\/users\/3"}],"replies":[{"embeddable":true,"href":"https:\/\/www.mendoza.gov.ar\/prensa\/wp-json\/wp\/v2\/comments?post=44524"}],"version-history":[{"count":0,"href":"https:\/\/www.mendoza.gov.ar\/prensa\/wp-json\/wp\/v2\/posts\/44524\/revisions"}],"wp:featuredmedia":[{"embeddable":true,"href":"https:\/\/www.mendoza.gov.ar\/prensa\/wp-json\/wp\/v2\/media\/44554"}],"wp:attachment":[{"href":"https:\/\/www.mendoza.gov.ar\/prensa\/wp-json\/wp\/v2\/media?parent=44524"}],"wp:term":[{"taxonomy":"category","embeddable":true,"href":"https:\/\/www.mendoza.gov.ar\/prensa\/wp-json\/wp\/v2\/categories?post=44524"},{"taxonomy":"post_tag","embeddable":true,"href":"https:\/\/www.mendoza.gov.ar\/prensa\/wp-json\/wp\/v2\/tags?post=44524"}],"curies":[{"name":"wp","href":"https:\/\/api.w.org\/{rel}","templated":true}]}}