{"id":445686,"date":"2024-12-06T09:39:37","date_gmt":"2024-12-06T12:39:37","guid":{"rendered":"https:\/\/www.mendoza.gov.ar\/prensa\/?p=445686"},"modified":"2024-12-06T11:11:03","modified_gmt":"2024-12-06T14:11:03","slug":"la-direccion-de-proteccion-ambiental-capacito-a-la-policia-ambiental-de-godoy-cruz-en-gestion-de-residuos-peligrosos","status":"publish","type":"post","link":"https:\/\/www.mendoza.gov.ar\/prensa\/la-direccion-de-proteccion-ambiental-capacito-a-la-policia-ambiental-de-godoy-cruz-en-gestion-de-residuos-peligrosos\/","title":{"rendered":"La Direcci\u00f3n de Protecci\u00f3n Ambiental capacit\u00f3 a la Polic\u00eda Ambiental de Godoy Cruz en gesti\u00f3n de residuos peligrosos"},"content":{"rendered":"<!DOCTYPE html PUBLIC \"-\/\/W3C\/\/DTD HTML 4.0 Transitional\/\/EN\" \"http:\/\/www.w3.org\/TR\/REC-html40\/loose.dtd\">\n<html><body><h5>La Direcci&oacute;n de Protecci&oacute;n Ambiental del Ministerio de Energ&iacute;a y Ambiente realiza estas capacitaciones durante todo el a&ntilde;o. El objetivo es llegar a todos los departamentos y aunar criterios para el control, transporte, manipulaci&oacute;n y disposici&oacute;n final de residuos peligrosos.<\/h5>\n\n\n\n<p>En el marco de las acciones conjuntas entre el Ministerio de Energ&iacute;a y Ambiente y los municipios de Mendoza para la mejora en la gesti&oacute;n y control de residuos, se dict&oacute; una capacitaci&oacute;n destinada a la Polic&iacute;a Ambiental del departamento de Godoy Cruz.<\/p>\n\n\n\n<p>La actividad, organizada e impartida por la Direcci&oacute;n de Protecci&oacute;n Ambiental, forma parte de un ciclo de formaciones peri&oacute;dicas que ya ha alcanzado a los departamentos de Valle de Uco, Guaymall&eacute;n y el Gran Mendoza.<\/p>\n\n\n\n<p>&ldquo;El objetivo es trabajar en conjunto entre la provincia y los municipios, tanto en el control y manipulaci&oacute;n como en el transporte y disposici&oacute;n final de residuos peligrosos. Esto garantiza una gesti&oacute;n m&aacute;s responsable y eficiente, adem&aacute;s de promover el cumplimiento de la normativa vigente&rdquo;, explic&oacute; el director de Protecci&oacute;n Ambiental, Leonardo Fern&aacute;ndez.<\/p>\n\n\n\n<p>Durante estos cursos, se abordan temas clave para la gesti&oacute;n de los llamados residuos peligrosos, que son los generados por actividades comerciales o industriales con sustancias riesgosas o nocivas para la salud y el ambiente.<\/p>\n\n\n\n<p>Estos residuos tienen normativas especiales para su disposici&oacute;n, tratamiento y transporte y su cumplimiento y control deben ser estrictos.<br><br>Los temas abordados en este taller fueron:<\/p>\n\n\n\n<p>&bull; Tipos de residuos: clasificaci&oacute;n y caracter&iacute;sticas de residuos s&oacute;lidos urbanos, peligrosos, patog&eacute;nicos, farmac&eacute;uticos y especiales.<br>&bull; Marco legal: an&aacute;lisis de la normativa que regula cada tipo de residuo.<br>&bull; Identificaci&oacute;n de residuos peligrosos: m&eacute;todo para determinar el tipo de residuos generados seg&uacute;n la actividad econ&oacute;mica.<br>&bull; Inspecciones: pasos para identificar la generaci&oacute;n de residuos peligrosos en inspecciones.<br>&bull; Casos pr&aacute;cticos y puesta en com&uacute;n: intercambio de experiencias y resoluci&oacute;n de casos reales presentados por los inspectores.<br>&bull; Recorridos t&eacute;cnicos: visitas al Centro de Acopio de Pilas y Bater&iacute;as y al sector de acopio de Residuos de Aparatos El&eacute;ctricos y Electr&oacute;nicos (RAEE).<\/p>\n\n\n\n<p>Estas capacitaciones refuerzan el trabajo articulado entre la Direcci&oacute;n de Protecci&oacute;n Ambiental y los equipos municipales, asegurando que los agentes cuenten con herramientas t&eacute;cnicas y legales actualizadas para abordar los desaf&iacute;os de la gesti&oacute;n de residuos en sus comunidades.<\/p>\n\n\n\n<figure class=\"wp-block-gallery columns-3\"><ul class=\"blocks-gallery-grid\"><li class=\"blocks-gallery-item\"><figure><a href=\"https:\/\/www.mendoza.gov.ar\/wp-content\/uploads\/sites\/5\/2024\/12\/WhatsApp-Image-2024-12-06-at-09.10.52-1.jpeg\"><img loading=\"lazy\" width=\"700\" height=\"527\" src=\"https:\/\/www.mendoza.gov.ar\/wp-content\/uploads\/sites\/5\/2024\/12\/WhatsApp-Image-2024-12-06-at-09.10.52-1-700x527.jpeg\" alt=\"\" data-id=\"445696\" data-full-url=\"https:\/\/www.mendoza.gov.ar\/wp-content\/uploads\/sites\/5\/2024\/12\/WhatsApp-Image-2024-12-06-at-09.10.52-1.jpeg\" data-link=\"https:\/\/www.mendoza.gov.ar\/prensa\/la-direccion-de-proteccion-ambiental-capacito-a-la-policia-ambiental-de-godoy-cruz-en-gestion-de-residuos-peligrosos\/whatsapp-image-2024-12-06-at-09-10-52-1\/\" class=\"wp-image-445696 img-responsive center-block\" srcset=\"https:\/\/www.mendoza.gov.ar\/wp-content\/uploads\/sites\/5\/2024\/12\/WhatsApp-Image-2024-12-06-at-09.10.52-1-700x527.jpeg 700w, https:\/\/www.mendoza.gov.ar\/wp-content\/uploads\/sites\/5\/2024\/12\/WhatsApp-Image-2024-12-06-at-09.10.52-1-250x188.jpeg 250w, https:\/\/www.mendoza.gov.ar\/wp-content\/uploads\/sites\/5\/2024\/12\/WhatsApp-Image-2024-12-06-at-09.10.52-1-768x578.jpeg 768w, https:\/\/www.mendoza.gov.ar\/wp-content\/uploads\/sites\/5\/2024\/12\/WhatsApp-Image-2024-12-06-at-09.10.52-1-1536x1156.jpeg 1536w, https:\/\/www.mendoza.gov.ar\/wp-content\/uploads\/sites\/5\/2024\/12\/WhatsApp-Image-2024-12-06-at-09.10.52-1-120x90.jpeg 120w, https:\/\/www.mendoza.gov.ar\/wp-content\/uploads\/sites\/5\/2024\/12\/WhatsApp-Image-2024-12-06-at-09.10.52-1.jpeg 1600w\" sizes=\"(max-width: 700px) 100vw, 700px\"><\/a><\/figure><\/li><li class=\"blocks-gallery-item\"><figure><a href=\"https:\/\/www.mendoza.gov.ar\/wp-content\/uploads\/sites\/5\/2024\/12\/WhatsApp-Image-2024-12-06-at-09.10.52.jpeg\"><img loading=\"lazy\" width=\"700\" height=\"527\" src=\"https:\/\/www.mendoza.gov.ar\/wp-content\/uploads\/sites\/5\/2024\/12\/WhatsApp-Image-2024-12-06-at-09.10.52-700x527.jpeg\" alt=\"\" data-id=\"445697\" data-full-url=\"https:\/\/www.mendoza.gov.ar\/wp-content\/uploads\/sites\/5\/2024\/12\/WhatsApp-Image-2024-12-06-at-09.10.52.jpeg\" data-link=\"https:\/\/www.mendoza.gov.ar\/prensa\/la-direccion-de-proteccion-ambiental-capacito-a-la-policia-ambiental-de-godoy-cruz-en-gestion-de-residuos-peligrosos\/whatsapp-image-2024-12-06-at-09-10-52\/\" class=\"wp-image-445697 img-responsive center-block\" srcset=\"https:\/\/www.mendoza.gov.ar\/wp-content\/uploads\/sites\/5\/2024\/12\/WhatsApp-Image-2024-12-06-at-09.10.52-700x527.jpeg 700w, https:\/\/www.mendoza.gov.ar\/wp-content\/uploads\/sites\/5\/2024\/12\/WhatsApp-Image-2024-12-06-at-09.10.52-250x188.jpeg 250w, https:\/\/www.mendoza.gov.ar\/wp-content\/uploads\/sites\/5\/2024\/12\/WhatsApp-Image-2024-12-06-at-09.10.52-768x578.jpeg 768w, https:\/\/www.mendoza.gov.ar\/wp-content\/uploads\/sites\/5\/2024\/12\/WhatsApp-Image-2024-12-06-at-09.10.52-1536x1156.jpeg 1536w, https:\/\/www.mendoza.gov.ar\/wp-content\/uploads\/sites\/5\/2024\/12\/WhatsApp-Image-2024-12-06-at-09.10.52-120x90.jpeg 120w, https:\/\/www.mendoza.gov.ar\/wp-content\/uploads\/sites\/5\/2024\/12\/WhatsApp-Image-2024-12-06-at-09.10.52.jpeg 1600w\" sizes=\"(max-width: 700px) 100vw, 700px\"><\/a><\/figure><\/li><li class=\"blocks-gallery-item\"><figure><a href=\"https:\/\/www.mendoza.gov.ar\/wp-content\/uploads\/sites\/5\/2024\/12\/WhatsApp-Image-2024-12-06-at-09.10.51.jpeg\"><img loading=\"lazy\" width=\"700\" height=\"527\" src=\"https:\/\/www.mendoza.gov.ar\/wp-content\/uploads\/sites\/5\/2024\/12\/WhatsApp-Image-2024-12-06-at-09.10.51-700x527.jpeg\" alt=\"\" data-id=\"445698\" data-full-url=\"https:\/\/www.mendoza.gov.ar\/wp-content\/uploads\/sites\/5\/2024\/12\/WhatsApp-Image-2024-12-06-at-09.10.51.jpeg\" data-link=\"https:\/\/www.mendoza.gov.ar\/prensa\/la-direccion-de-proteccion-ambiental-capacito-a-la-policia-ambiental-de-godoy-cruz-en-gestion-de-residuos-peligrosos\/whatsapp-image-2024-12-06-at-09-10-51\/\" class=\"wp-image-445698 img-responsive center-block\" srcset=\"https:\/\/www.mendoza.gov.ar\/wp-content\/uploads\/sites\/5\/2024\/12\/WhatsApp-Image-2024-12-06-at-09.10.51-700x527.jpeg 700w, https:\/\/www.mendoza.gov.ar\/wp-content\/uploads\/sites\/5\/2024\/12\/WhatsApp-Image-2024-12-06-at-09.10.51-250x188.jpeg 250w, https:\/\/www.mendoza.gov.ar\/wp-content\/uploads\/sites\/5\/2024\/12\/WhatsApp-Image-2024-12-06-at-09.10.51-768x578.jpeg 768w, https:\/\/www.mendoza.gov.ar\/wp-content\/uploads\/sites\/5\/2024\/12\/WhatsApp-Image-2024-12-06-at-09.10.51-1536x1156.jpeg 1536w, https:\/\/www.mendoza.gov.ar\/wp-content\/uploads\/sites\/5\/2024\/12\/WhatsApp-Image-2024-12-06-at-09.10.51-120x90.jpeg 120w, https:\/\/www.mendoza.gov.ar\/wp-content\/uploads\/sites\/5\/2024\/12\/WhatsApp-Image-2024-12-06-at-09.10.51.jpeg 1600w\" sizes=\"(max-width: 700px) 100vw, 700px\"><\/a><\/figure><\/li><li class=\"blocks-gallery-item\"><figure><a href=\"https:\/\/www.mendoza.gov.ar\/wp-content\/uploads\/sites\/5\/2024\/12\/AMBIENTE-rotated.jpeg\"><img loading=\"lazy\" width=\"700\" height=\"527\" src=\"https:\/\/www.mendoza.gov.ar\/wp-content\/uploads\/sites\/5\/2024\/12\/AMBIENTE-700x527.jpeg\" alt=\"\" data-id=\"445700\" data-full-url=\"https:\/\/www.mendoza.gov.ar\/wp-content\/uploads\/sites\/5\/2024\/12\/AMBIENTE-rotated.jpeg\" data-link=\"https:\/\/www.mendoza.gov.ar\/prensa\/la-direccion-de-proteccion-ambiental-capacito-a-la-policia-ambiental-de-godoy-cruz-en-gestion-de-residuos-peligrosos\/ambiente-9\/\" class=\"wp-image-445700 img-responsive center-block\" srcset=\"https:\/\/www.mendoza.gov.ar\/wp-content\/uploads\/sites\/5\/2024\/12\/AMBIENTE-700x527.jpeg 700w, https:\/\/www.mendoza.gov.ar\/wp-content\/uploads\/sites\/5\/2024\/12\/AMBIENTE-250x188.jpeg 250w, https:\/\/www.mendoza.gov.ar\/wp-content\/uploads\/sites\/5\/2024\/12\/AMBIENTE-768x578.jpeg 768w, https:\/\/www.mendoza.gov.ar\/wp-content\/uploads\/sites\/5\/2024\/12\/AMBIENTE-1536x1156.jpeg 1536w, https:\/\/www.mendoza.gov.ar\/wp-content\/uploads\/sites\/5\/2024\/12\/AMBIENTE-120x90.jpeg 120w, https:\/\/www.mendoza.gov.ar\/wp-content\/uploads\/sites\/5\/2024\/12\/AMBIENTE-rotated.jpeg 1600w\" sizes=\"(max-width: 700px) 100vw, 700px\"><\/a><\/figure><\/li><\/ul><\/figure>\n<\/body><\/html>\n","protected":false},"excerpt":{"rendered":"La Direcci&oacute;n de Protecci&oacute;n Ambiental del Ministerio de Energ&iacute;a y Ambiente realiza estas capacitaciones durante todo el a&ntilde;o. El objetivo es llegar a todos los departamentos y aunar criterios para el control, transporte, manipulaci&oacute;n y disposici&oacute;n final de residuos peligrosos. En el marco de las acciones conjuntas entre el Ministerio de Energ&iacute;a y Ambiente y&#8230; <a class=\"view-article\" href=\"https:\/\/www.mendoza.gov.ar\/prensa\/la-direccion-de-proteccion-ambiental-capacito-a-la-policia-ambiental-de-godoy-cruz-en-gestion-de-residuos-peligrosos\/\"><\/a>","protected":false},"author":61,"featured_media":445698,"comment_status":"open","ping_status":"open","sticky":false,"template":"","format":"standard","meta":[],"categories":[3037,3,3060],"tags":[],"_links":{"self":[{"href":"https:\/\/www.mendoza.gov.ar\/prensa\/wp-json\/wp\/v2\/posts\/445686"}],"collection":[{"href":"https:\/\/www.mendoza.gov.ar\/prensa\/wp-json\/wp\/v2\/posts"}],"about":[{"href":"https:\/\/www.mendoza.gov.ar\/prensa\/wp-json\/wp\/v2\/types\/post"}],"author":[{"embeddable":true,"href":"https:\/\/www.mendoza.gov.ar\/prensa\/wp-json\/wp\/v2\/users\/61"}],"replies":[{"embeddable":true,"href":"https:\/\/www.mendoza.gov.ar\/prensa\/wp-json\/wp\/v2\/comments?post=445686"}],"version-history":[{"count":6,"href":"https:\/\/www.mendoza.gov.ar\/prensa\/wp-json\/wp\/v2\/posts\/445686\/revisions"}],"predecessor-version":[{"id":445722,"href":"https:\/\/www.mendoza.gov.ar\/prensa\/wp-json\/wp\/v2\/posts\/445686\/revisions\/445722"}],"wp:featuredmedia":[{"embeddable":true,"href":"https:\/\/www.mendoza.gov.ar\/prensa\/wp-json\/wp\/v2\/media\/445698"}],"wp:attachment":[{"href":"https:\/\/www.mendoza.gov.ar\/prensa\/wp-json\/wp\/v2\/media?parent=445686"}],"wp:term":[{"taxonomy":"category","embeddable":true,"href":"https:\/\/www.mendoza.gov.ar\/prensa\/wp-json\/wp\/v2\/categories?post=445686"},{"taxonomy":"post_tag","embeddable":true,"href":"https:\/\/www.mendoza.gov.ar\/prensa\/wp-json\/wp\/v2\/tags?post=445686"}],"curies":[{"name":"wp","href":"https:\/\/api.w.org\/{rel}","templated":true}]}}