{"id":44595,"date":"2015-12-23T17:23:33","date_gmt":"2015-12-23T20:23:33","guid":{"rendered":"http:\/\/prensa.mendoza.gov.ar\/?p=44595"},"modified":"2015-12-23T17:23:33","modified_gmt":"2015-12-23T20:23:33","slug":"en-el-zoologico-esperan-los-resultados-de-la-necropsia-de-los-animales-muertos","status":"publish","type":"post","link":"https:\/\/www.mendoza.gov.ar\/prensa\/en-el-zoologico-esperan-los-resultados-de-la-necropsia-de-los-animales-muertos\/","title":{"rendered":"En el Zool\u00f3gico esperan los resultados de la necropsia de los animales muertos"},"content":{"rendered":"<!DOCTYPE html PUBLIC \"-\/\/W3C\/\/DTD HTML 4.0 Transitional\/\/EN\" \"http:\/\/www.w3.org\/TR\/REC-html40\/loose.dtd\">\n<html><body><p>Esta ma&ntilde;ana Mariana Caram, directora del Zool&oacute;gico, brind&oacute; una conferencia de prensa con el fin de dar a conocer el proceso en el que se encuentra la investigaci&oacute;n por &ldquo;muerte dudosa&rdquo; de los seis animales que fallecieron el pasado lunes. Un ciervo rojo, un ciervo axis, dos gamos blancos y dos gamos pintados ser&iacute;an los seis ejemplares que habr&iacute;an encontrado sin vida.<\/p>\n<p>La Directora tambi&eacute;n hab&iacute;a comunicado que se encontraron dos animales m&aacute;s descompensados, una llama y dos c&eacute;rvidos, motivo por el cual se mantendr&aacute; cerrado el Zool&oacute;gico hasta tanto no se logren determinar las causas de los decesos y se realicen los controles necesarios de todo el predio. Sin embargo, durante la tarde y luego del rond&iacute;n de seguimiento, Caram notific&oacute; a la Secretar&iacute;a de Ambiente el deceso de tres&nbsp;llamas y un ciervo rojo.Hasta el momento suman 10 los animales fallecidos. Tambi&eacute;n inform&oacute; que hay un nuevo ciervo rojo descompensado que se encuentra en observaci&oacute;n y presenta una leve mejor&iacute;a.<\/p>\n<p>&ldquo;Se han implementado todos los protocolos para hacer las necropsias correspondientes&rdquo; , indic&oacute; Caram tras explicar que &ldquo;se est&aacute;n esperando los resultados de an&aacute;lisis complementarios&nbsp; histopatol&oacute;gico para poder tener una conclusi&oacute;n definitiva&rdquo;. &nbsp;Los mismos estar&iacute;an listos la semana que viene y se dar&aacute;n a conocer en cuanto lleguen a manos de la directora.<\/p>\n<p>Caram manifest&oacute; que podr&iacute;an haber m&aacute;s casos no detectados en la poblaci&oacute;n y que &ldquo;todo el equipo est&aacute; trabajando de la manera m&aacute;s r&aacute;pida posible y &aacute;gil&rdquo; para dar una pronta respuesta.<\/p>\n<\/body><\/html>\n","protected":false},"excerpt":{"rendered":"As\u00ed lo asegur\u00f3 Mariana Caram, titular del organismo. Durante el transcurso de la tarde se encontraron otros 4 ejemplares fallecidos. En total ya son 10 los animales sin vida. El paseo permanecer\u00e1 cerrado al p\u00fablico en los pr\u00f3ximos d\u00edas. ","protected":false},"author":3,"featured_media":44577,"comment_status":"open","ping_status":"open","sticky":false,"template":"","format":"standard","meta":[],"categories":[3],"tags":[],"_links":{"self":[{"href":"https:\/\/www.mendoza.gov.ar\/prensa\/wp-json\/wp\/v2\/posts\/44595"}],"collection":[{"href":"https:\/\/www.mendoza.gov.ar\/prensa\/wp-json\/wp\/v2\/posts"}],"about":[{"href":"https:\/\/www.mendoza.gov.ar\/prensa\/wp-json\/wp\/v2\/types\/post"}],"author":[{"embeddable":true,"href":"https:\/\/www.mendoza.gov.ar\/prensa\/wp-json\/wp\/v2\/users\/3"}],"replies":[{"embeddable":true,"href":"https:\/\/www.mendoza.gov.ar\/prensa\/wp-json\/wp\/v2\/comments?post=44595"}],"version-history":[{"count":0,"href":"https:\/\/www.mendoza.gov.ar\/prensa\/wp-json\/wp\/v2\/posts\/44595\/revisions"}],"wp:featuredmedia":[{"embeddable":true,"href":"https:\/\/www.mendoza.gov.ar\/prensa\/wp-json\/wp\/v2\/media\/44577"}],"wp:attachment":[{"href":"https:\/\/www.mendoza.gov.ar\/prensa\/wp-json\/wp\/v2\/media?parent=44595"}],"wp:term":[{"taxonomy":"category","embeddable":true,"href":"https:\/\/www.mendoza.gov.ar\/prensa\/wp-json\/wp\/v2\/categories?post=44595"},{"taxonomy":"post_tag","embeddable":true,"href":"https:\/\/www.mendoza.gov.ar\/prensa\/wp-json\/wp\/v2\/tags?post=44595"}],"curies":[{"name":"wp","href":"https:\/\/api.w.org\/{rel}","templated":true}]}}