{"id":446268,"date":"2024-12-10T14:21:08","date_gmt":"2024-12-10T17:21:08","guid":{"rendered":"https:\/\/www.mendoza.gov.ar\/prensa\/?p=446268"},"modified":"2024-12-11T14:53:16","modified_gmt":"2024-12-11T17:53:16","slug":"transicion-energetica-y-minerales-estrategicos-cornejo-y-la-delegacion-argentina-destacaron-el-rol-del-pais-en-el-foro-de-bruselas","status":"publish","type":"post","link":"https:\/\/www.mendoza.gov.ar\/prensa\/transicion-energetica-y-minerales-estrategicos-cornejo-y-la-delegacion-argentina-destacaron-el-rol-del-pais-en-el-foro-de-bruselas\/","title":{"rendered":"Transici\u00f3n energ\u00e9tica y minerales estrat\u00e9gicos: Cornejo y la delegaci\u00f3n argentina destacaron el rol del pa\u00eds en el Foro de Bruselas"},"content":{"rendered":"<!DOCTYPE html PUBLIC \"-\/\/W3C\/\/DTD HTML 4.0 Transitional\/\/EN\" \"http:\/\/www.w3.org\/TR\/REC-html40\/loose.dtd\">\n<html><body><h5>El mandatario provincial y sus pares de la Mesa del Cobre y funcionarios nacionales participaron en el foro empresarial &ldquo;Alianza estrat&eacute;gica en cadenas de valor sostenibles de materias primas entre la Uni&oacute;n Europea y la Argentina&rdquo;. All&iacute;, la delegaci&oacute;n explic&oacute; los avances en materia legal, ambiental y social de los proyectos que existen en las provincias.<\/h5>\n\n\n\n<p>El Gobernador Alfredo Cornejo y sus pares que componen la Mesa del Cobre, junto a funcionarios nacionales, participaron en el foro empresarial &ldquo;Alianza estrat&eacute;gica en cadenas de valor sostenibles de materias primas entre la Uni&oacute;n Europea y la Argentina&rdquo;, que se desarroll&oacute; en el hotel Le Plaza, Bruselas, B&eacute;lgica. La delegaci&oacute;n argentina viaj&oacute; a la capital de la Uni&oacute;n Europea con el objetivo de promover y facilitar intercambios sobre oportunidades de inversi&oacute;n e innovaci&oacute;n en nuestro pa&iacute;s.<\/p>\n\n\n\n<p>El mandatario mendocino, quien est&aacute; acompa&ntilde;ado de la ministra de Energ&iacute;a y Ambiente, Jimena Latorre, disert&oacute; junto al secretario de Miner&iacute;a de nuestro pa&iacute;s, Luis Lucero; los gobernadores Jujuy, Carlos Sadir; de San Juan, Marcelo Orrego, y la secretaria ejecutiva de la Mesa de Litio, Flavia Royon. Adem&aacute;s, participaron Jer&oacute;nimo Shantal y Juan Pablo Perea, que componen la Mesa Ejecutiva del Cobre.<\/p>\n\n\n\n<p>Al comenzar la ponencia, Lucero dio el marco nacional para que los mandatarios provinciales expusieran luego sobre los proyectos y pol&iacute;ticas mineras de cada distrito y lo que ofrecen en materia de recursos. El funcionario nacional explic&oacute; que la miner&iacute;a en la Argentina enfrenta cambios pol&iacute;ticos favorables, con consenso entre niveles de gobierno sobre su desarrollo.<\/p>\n\n\n\n<p>Adem&aacute;s, present&oacute; incentivos para grandes inversiones, destacando recursos como litio y cobre, esenciales para la transici&oacute;n energ&eacute;tica y el crecimiento econ&oacute;mico. &ldquo;En la Argentina se ha generado un consenso pol&iacute;tico in&eacute;dito entre el Gobierno nacional y las provincias sobre el rol estrat&eacute;gico de la miner&iacute;a en el desarrollo del pa&iacute;s&rdquo;, asegur&oacute;, y remarc&oacute; que este cambio, impulsado por la producci&oacute;n de litio y cobre asociados a energ&iacute;as limpias, ha mejorado la percepci&oacute;n p&uacute;blica de la miner&iacute;a y fomentado reformas clave.<\/p>\n\n\n\n<p>Entre estas, puso en valor el R&eacute;gimen de Incentivos a Grandes Inversiones (RIGI), dise&ntilde;ado para proyectos de gran envergadura con una base m&iacute;nima de 200 millones de d&oacute;lares, aunque para proyectos que garanticen que la Argentina va a expandir sus mercados de exportaci&oacute;n, el umbral sube a 2.000 millones de d&oacute;lares.<\/p>\n\n\n\n<p>A esto le sum&oacute; un r&eacute;gimen de incentivos mineros que ofrece beneficios fiscales, aduaneros y estabilidad fiscal por 30 a&ntilde;os para proyectos estrat&eacute;gicos, como la reducci&oacute;n del Impuesto a las Ganancias del 35% al 25%. Lucero tambi&eacute;n explic&oacute; a los presentes que estas medidas cuentan con el respaldado dado por el consenso legislativo, con lo cual se busca posicionar a la miner&iacute;a como motor de desarrollo y atraer grandes inversiones.<\/p>\n\n\n\n<p>A su turno, el Gobernador Cornejo puso en valor que Mendoza ofrece una gran ventana de oportunidades para la inversi&oacute;n minera, especialmente en cobre, gracias a un marco legal s&oacute;lido, alianzas estrat&eacute;gicas y una infraestructura en desarrollo. &ldquo;Mendoza est&aacute; preparada para recibir grandes inversiones&rdquo;, dijo, y explic&oacute; que la provincia cuenta con 38 proyectos de exploraci&oacute;n aprobados y 130 m&aacute;s previstos para fines del 2025.<\/p>\n\n\n\n<p>Cornejo tambi&eacute;n asegur&oacute; que existe una simplificaci&oacute;n para realizar inversiones en nuestro pa&iacute;s, la cual fue aprobada por amplia mayor&iacute;a por el Congreso, con el apoyo no solo del oficialismo del Gobierno del presidente Javier Milei sino tambi&eacute;n de parte de la oposici&oacute;n. &ldquo;Eso muestra un sendero, como as&iacute; tambi&eacute;n el acuerdo entre la Uni&oacute;n Europea y el Mercosur abre una ventana de oportunidades frente a la transici&oacute;n energ&eacute;tica, donde Europa se ha puesto plazos s&uacute;per exigentes y nosotros como proveedores b&aacute;sicos de esos minerales cr&iacute;ticos&rdquo;, dijo.<\/p>\n\n\n\n<p>En otro paso de su discurso, resalt&oacute; el Plan Pilares al asegurar que fomenta una miner&iacute;a sostenible con otras industrias locales: &ldquo;Establecimos una alianza con los sectores de la agricultura, de la vitivinicultura, de la agroindustria y de todas las otras industrias para el desarrollo minero sostenible&rdquo;. Adem&aacute;s, destac&oacute; la seguridad jur&iacute;dica que brindan leyes provinciales que respaldan los permisos y proyectos y explic&oacute; los avances en materia energ&eacute;tica, como las l&iacute;neas de alta tensi&oacute;n para proveer a proyectos mineros y petroleros.<\/p>\n\n\n\n<p>Cornejo dijo que Mendoza se ha propuesto explotar sus recursos mineros, en particular el cobre, y explic&oacute; que &ldquo;en menos de un a&ntilde;o, hemos establecido una r&aacute;pida estrategia s&oacute;lida institucionalmente para la otorgaci&oacute;n de los permisos&rdquo;. Ante estos conceptos, mencion&oacute; la modificaci&oacute;n del C&oacute;digo de Procedimiento Minero al explicar que es facultad de las provincias facilitar esos permisos y esas aprobaciones, las cuales conllevan la agilizaci&oacute;n de los tiempos, pero con la premisa de que la actividad se debe desarrollar en los lugares donde hay licencia social.<\/p>\n\n\n\n<p>A su turno, el Gobernador de San Juan hizo hincapi&eacute; en el potencial de su provincia en miner&iacute;a, en las energ&iacute;as renovables y el desarrollo sostenible. Asegur&oacute; que busca atraer inversiones y generar confianza y remarc&oacute; que se proyecta como uno de los cinco principales proveedores de este mineral a nivel mundial.<\/p>\n\n\n\n<p>Seg&uacute;n sus palabras, &ldquo;San Juan tiene lo que hay que tener para consolidarse en el mercado global, incluyendo confianza, leyes procesales claras y un acuerdo social fuerte&rdquo;. Tambi&eacute;n hizo alusi&oacute;n a la importancia de la miner&iacute;a como motor econ&oacute;mico afirmando que &ldquo;en San Juan est&aacute; concebida como una pol&iacute;tica de Estado&rdquo; y destac&oacute; la relevancia de proyectos como el distrito de Vicu&ntilde;a, que involucra inversiones por m&aacute;s de 10 mil millones de d&oacute;lares.<\/p>\n\n\n\n<p>El Gobernador sanjuanino resalt&oacute; el papel del cobre y el litio en la transici&oacute;n energ&eacute;tica se&ntilde;alando que estos materiales son &ldquo;estrat&eacute;gicos y dif&iacute;ciles de remplazar&rdquo;. Asimismo, en cuanto a las energ&iacute;as renovables, afirm&oacute; que la provincia tiene &ldquo;300 d&iacute;as de alta radiaci&oacute;n solar al a&ntilde;o&rdquo;, lo que la convierte en l&iacute;der en producci&oacute;n de energ&iacute;a fotovoltaica.<\/p>\n\n\n\n<p>En la oportunidad, aprovech&oacute; para anunciar planes para comercializar celdas solares, con el objetivo de avanzar hacia una miner&iacute;a m&aacute;s sostenible, afirmando que &ldquo;hablar de miner&iacute;a es hablar de ambiente&rdquo;.<\/p>\n\n\n\n<p>Por su parte, Sadir de Jujuy coment&oacute; que la provincia que gobierna se posiciona como l&iacute;der en miner&iacute;a de litio, con dos empresas, exportando 40.000 toneladas anuales y proyectos que apuntan a duplicar la capacidad instalada. &ldquo;La provincia tambi&eacute;n se destaca en la producci&oacute;n de plata y la exploraci&oacute;n minera, con m&aacute;s de $5 millones invertidos en 2023&rdquo;, dijo el mandatario.<\/p>\n\n\n\n<p>Coment&oacute; que cuentan con infraestructura clave, como rutas pavimentadas y una planta solar que suministra energ&iacute;a limpia a los emprendimientos, promoviendo una miner&iacute;a sustentable. &ldquo;La miner&iacute;a genera m&aacute;s de 15.000 empleos directos e indirectos en Jujuy, fortaleciendo el desarrollo econ&oacute;mico local y posicionando a la provincia como un destino atractivo para inversiones mineras estrat&eacute;gicas&rdquo;, remarc&oacute; Sadir.<\/p>\n\n\n\n<p><strong>Intervenciones de la industria<\/strong><\/p>\n\n\n\n<p>En la continuidad del foro empresarial, el Gobernador Alfredo Cornejo asisti&oacute; al panel &ldquo;Intervenciones de la industria&rdquo; y escuch&oacute; a referentes de varias empresas multinacionales, como tambi&eacute;n a un representante del Banco Interamericano de Desarrollo (BID).<\/p>\n\n\n\n<p>En primer turno expuso Pierre Alain Gautier, director de Asuntos Corporativos de Eramet, empresa minera y metal&uacute;rgica multinacional que produce metales no ferrosos y derivados, aleaciones y superaleaciones de n&iacute;quel y aceros especiales de alto rendimiento.<\/p>\n\n\n\n<p>Esta multinacional francesa es un actor clave de extracci&oacute;n responsable de metales. Cotiza en la bolsa Euronext de Par&iacute;s con el s&iacute;mbolo ERA y es el primer productor 100% europeo de bater&iacute;as de litio. En noviembre pasado, esta empresa comenz&oacute; la producci&oacute;n en una planta de litio en la Argentina.<\/p>\n\n\n\n<p>Tambi&eacute;n disert&oacute; Gabriel Toffani, director ejecutivo de Adionics. Se trata de una empresa con un proceso patentado de extracci&oacute;n selectiva de sales para sector minero llamado Flionex, con pr&aacute;cticas respetuosas con el ambiente. Adem&aacute;s, estuvo Michael Meding, vicepresidente y gerente general de McEwen Copper y el proyecto minero Los Azules.<\/p>\n\n\n\n<p>El cierre estuvo a cargo de Tom&aacute;s Serebrisky, gerente de Infraestructura y Energ&iacute;a del BID. El representante del Banco Interamericano de Desarrollo hizo referencia a la presentaci&oacute;n del Gobernador Cornejo respecto de la ventana de oportunidades que hoy hay en Argentina para el sector.<\/p>\n\n\n\n<p>Este encuentro cont&oacute; con la moderaci&oacute;n de Ilse Coug&eacute;, jefa de Cooperaci&oacute;n de la Delegaci&oacute;n de la Uni&oacute;n Europea en Buenos Aires.<\/p>\n\n\n\n<figure class=\"wp-block-gallery columns-3\"><ul class=\"blocks-gallery-grid\"><li class=\"blocks-gallery-item\"><figure><a href=\"https:\/\/www.mendoza.gov.ar\/wp-content\/uploads\/sites\/5\/2024\/12\/IMG-20241210-WA0039-700x315.jpg\"><img loading=\"lazy\" width=\"700\" height=\"315\" src=\"https:\/\/www.mendoza.gov.ar\/wp-content\/uploads\/sites\/5\/2024\/12\/IMG-20241210-WA0039-700x315.jpg\" alt=\"\" data-id=\"446269\" data-link=\"https:\/\/www.mendoza.gov.ar\/prensa\/?attachment_id=446269\" class=\"wp-image-446269 img-responsive center-block\" srcset=\"https:\/\/www.mendoza.gov.ar\/wp-content\/uploads\/sites\/5\/2024\/12\/IMG-20241210-WA0039-700x315.jpg 700w, https:\/\/www.mendoza.gov.ar\/wp-content\/uploads\/sites\/5\/2024\/12\/IMG-20241210-WA0039-250x113.jpg 250w, https:\/\/www.mendoza.gov.ar\/wp-content\/uploads\/sites\/5\/2024\/12\/IMG-20241210-WA0039-768x346.jpg 768w, https:\/\/www.mendoza.gov.ar\/wp-content\/uploads\/sites\/5\/2024\/12\/IMG-20241210-WA0039-1536x691.jpg 1536w, https:\/\/www.mendoza.gov.ar\/wp-content\/uploads\/sites\/5\/2024\/12\/IMG-20241210-WA0039-2048x922.jpg 2048w, https:\/\/www.mendoza.gov.ar\/wp-content\/uploads\/sites\/5\/2024\/12\/IMG-20241210-WA0039-120x54.jpg 120w\" sizes=\"(max-width: 700px) 100vw, 700px\"><\/a><\/figure><\/li><li class=\"blocks-gallery-item\"><figure><a href=\"https:\/\/www.mendoza.gov.ar\/wp-content\/uploads\/sites\/5\/2024\/12\/IMG-20241210-WA0032-700x315.jpg\"><img src=\"https:\/\/www.mendoza.gov.ar\/wp-content\/uploads\/sites\/5\/2024\/12\/IMG-20241210-WA0032-700x315.jpg\" alt=\"\" data-id=\"446270\" data-link=\"https:\/\/www.mendoza.gov.ar\/prensa\/?attachment_id=446270\" class=\"wp-image-446270 img-responsive center-block\"><\/a><\/figure><\/li><li class=\"blocks-gallery-item\"><figure><a href=\"https:\/\/www.mendoza.gov.ar\/wp-content\/uploads\/sites\/5\/2024\/12\/IMG-20241210-WA0027-700x315.jpg\"><img loading=\"lazy\" width=\"700\" height=\"315\" src=\"https:\/\/www.mendoza.gov.ar\/wp-content\/uploads\/sites\/5\/2024\/12\/IMG-20241210-WA0027-700x315.jpg\" alt=\"\" data-id=\"446271\" data-link=\"https:\/\/www.mendoza.gov.ar\/prensa\/?attachment_id=446271\" class=\"wp-image-446271 img-responsive center-block\" srcset=\"https:\/\/www.mendoza.gov.ar\/wp-content\/uploads\/sites\/5\/2024\/12\/IMG-20241210-WA0027-700x315.jpg 700w, https:\/\/www.mendoza.gov.ar\/wp-content\/uploads\/sites\/5\/2024\/12\/IMG-20241210-WA0027-250x113.jpg 250w, https:\/\/www.mendoza.gov.ar\/wp-content\/uploads\/sites\/5\/2024\/12\/IMG-20241210-WA0027-768x346.jpg 768w, https:\/\/www.mendoza.gov.ar\/wp-content\/uploads\/sites\/5\/2024\/12\/IMG-20241210-WA0027-1536x691.jpg 1536w, https:\/\/www.mendoza.gov.ar\/wp-content\/uploads\/sites\/5\/2024\/12\/IMG-20241210-WA0027-2048x922.jpg 2048w, https:\/\/www.mendoza.gov.ar\/wp-content\/uploads\/sites\/5\/2024\/12\/IMG-20241210-WA0027-120x54.jpg 120w\" sizes=\"(max-width: 700px) 100vw, 700px\"><\/a><\/figure><\/li><li class=\"blocks-gallery-item\"><figure><a href=\"https:\/\/www.mendoza.gov.ar\/wp-content\/uploads\/sites\/5\/2024\/12\/IMG-20241210-WA0022-700x315.jpg\"><img loading=\"lazy\" width=\"700\" height=\"315\" src=\"https:\/\/www.mendoza.gov.ar\/wp-content\/uploads\/sites\/5\/2024\/12\/IMG-20241210-WA0022-700x315.jpg\" alt=\"\" data-id=\"446272\" data-link=\"https:\/\/www.mendoza.gov.ar\/prensa\/?attachment_id=446272\" class=\"wp-image-446272 img-responsive center-block\" srcset=\"https:\/\/www.mendoza.gov.ar\/wp-content\/uploads\/sites\/5\/2024\/12\/IMG-20241210-WA0022-700x315.jpg 700w, https:\/\/www.mendoza.gov.ar\/wp-content\/uploads\/sites\/5\/2024\/12\/IMG-20241210-WA0022-250x113.jpg 250w, https:\/\/www.mendoza.gov.ar\/wp-content\/uploads\/sites\/5\/2024\/12\/IMG-20241210-WA0022-768x346.jpg 768w, https:\/\/www.mendoza.gov.ar\/wp-content\/uploads\/sites\/5\/2024\/12\/IMG-20241210-WA0022-1536x691.jpg 1536w, https:\/\/www.mendoza.gov.ar\/wp-content\/uploads\/sites\/5\/2024\/12\/IMG-20241210-WA0022-2048x922.jpg 2048w, https:\/\/www.mendoza.gov.ar\/wp-content\/uploads\/sites\/5\/2024\/12\/IMG-20241210-WA0022-120x54.jpg 120w\" sizes=\"(max-width: 700px) 100vw, 700px\"><\/a><\/figure><\/li><li class=\"blocks-gallery-item\"><figure><a href=\"https:\/\/www.mendoza.gov.ar\/wp-content\/uploads\/sites\/5\/2024\/12\/IMG_2288.jpg\"><img src=\"https:\/\/www.mendoza.gov.ar\/wp-content\/uploads\/sites\/5\/2024\/12\/IMG_2288-700x394.jpg\" alt=\"\" data-id=\"446336\" data-full-url=\"https:\/\/www.mendoza.gov.ar\/wp-content\/uploads\/sites\/5\/2024\/12\/IMG_2288.jpg\" data-link=\"https:\/\/www.mendoza.gov.ar\/prensa\/transicion-energetica-y-minerales-estrategicos-cornejo-y-la-delegacion-argentina-destacaron-el-rol-del-pais-en-el-foro-de-bruselas\/img_2288\/\" class=\"wp-image-446336 img-responsive center-block\"><\/a><\/figure><\/li><\/ul><\/figure>\n<\/body><\/html>\n","protected":false},"excerpt":{"rendered":"El mandatario provincial y sus pares de la Mesa del Cobre y funcionarios nacionales participaron en el foro empresarial &ldquo;Alianza estrat&eacute;gica en cadenas de valor sostenibles de materias primas entre la Uni&oacute;n Europea y la Argentina&rdquo;. All&iacute;, la delegaci&oacute;n explic&oacute; los avances en materia legal, ambiental y social de los proyectos que existen en las&#8230; <a class=\"view-article\" href=\"https:\/\/www.mendoza.gov.ar\/prensa\/transicion-energetica-y-minerales-estrategicos-cornejo-y-la-delegacion-argentina-destacaron-el-rol-del-pais-en-el-foro-de-bruselas\/\"><\/a>","protected":false},"author":63,"featured_media":446336,"comment_status":"open","ping_status":"open","sticky":false,"template":"","format":"standard","meta":[],"categories":[3,3038,19,3042],"tags":[],"_links":{"self":[{"href":"https:\/\/www.mendoza.gov.ar\/prensa\/wp-json\/wp\/v2\/posts\/446268"}],"collection":[{"href":"https:\/\/www.mendoza.gov.ar\/prensa\/wp-json\/wp\/v2\/posts"}],"about":[{"href":"https:\/\/www.mendoza.gov.ar\/prensa\/wp-json\/wp\/v2\/types\/post"}],"author":[{"embeddable":true,"href":"https:\/\/www.mendoza.gov.ar\/prensa\/wp-json\/wp\/v2\/users\/63"}],"replies":[{"embeddable":true,"href":"https:\/\/www.mendoza.gov.ar\/prensa\/wp-json\/wp\/v2\/comments?post=446268"}],"version-history":[{"count":11,"href":"https:\/\/www.mendoza.gov.ar\/prensa\/wp-json\/wp\/v2\/posts\/446268\/revisions"}],"predecessor-version":[{"id":446477,"href":"https:\/\/www.mendoza.gov.ar\/prensa\/wp-json\/wp\/v2\/posts\/446268\/revisions\/446477"}],"wp:featuredmedia":[{"embeddable":true,"href":"https:\/\/www.mendoza.gov.ar\/prensa\/wp-json\/wp\/v2\/media\/446336"}],"wp:attachment":[{"href":"https:\/\/www.mendoza.gov.ar\/prensa\/wp-json\/wp\/v2\/media?parent=446268"}],"wp:term":[{"taxonomy":"category","embeddable":true,"href":"https:\/\/www.mendoza.gov.ar\/prensa\/wp-json\/wp\/v2\/categories?post=446268"},{"taxonomy":"post_tag","embeddable":true,"href":"https:\/\/www.mendoza.gov.ar\/prensa\/wp-json\/wp\/v2\/tags?post=446268"}],"curies":[{"name":"wp","href":"https:\/\/api.w.org\/{rel}","templated":true}]}}