{"id":446320,"date":"2024-12-10T17:28:36","date_gmt":"2024-12-10T20:28:36","guid":{"rendered":"https:\/\/www.mendoza.gov.ar\/prensa\/?p=446320"},"modified":"2024-12-10T18:16:01","modified_gmt":"2024-12-10T21:16:01","slug":"mendoza-mas-logistica-un-espacio-para-articular-la-gobernanza-publico-privada","status":"publish","type":"post","link":"https:\/\/www.mendoza.gov.ar\/prensa\/mendoza-mas-logistica-un-espacio-para-articular-la-gobernanza-publico-privada\/","title":{"rendered":"Mendoza M\u00e1s Log\u00edstica, un espacio para articular la gobernanza p\u00fablico-privada"},"content":{"rendered":"<!DOCTYPE html PUBLIC \"-\/\/W3C\/\/DTD HTML 4.0 Transitional\/\/EN\" \"http:\/\/www.w3.org\/TR\/REC-html40\/loose.dtd\">\n<html><body><h5>La iniciativa apunta a generar los lineamientos de la pol&iacute;tica log&iacute;stica que necesita nuestra provincia.<\/h5>\n\n\n\n<p>Se llev&oacute; a cabo esta ma&ntilde;ana en la Casa de Gobierno la primera reuni&oacute;n de la Mesa Log&iacute;stica de Mendoza, encabezada por el ministro de Producci&oacute;n, Rodolfo Vargas Arizu. En la oportunidad, se presentaron los lineamientos generales y los principales objetivos de este grupo de especialistas integrado por representantes de la Subsecretar&iacute;a de Comercio, Industria y Log&iacute;stica; de la UNCuyo, espec&iacute;ficamente el ITU y la Facultad de Ciencias Econ&oacute;micas; del Polo TIC y de la Mesa de Producci&oacute;n y Empleo.<\/p>\n\n\n\n<p>En relaci&oacute;n con el objetivo de la Mesa, el subsecretario Alberto Marengo sostuvo: &ldquo;Vamos a consensuar el desarrollo de pol&iacute;tica log&iacute;stica en sus distintos aspectos como simplificaci&oacute;n de tr&aacute;mites, la infraestructura, la creaci&oacute;n de un observatorio de datos necesario para trabajar y la incorporaci&oacute;n de tecnolog&iacute;a, especialmente en la carga del Sistema Cristo Redentor&rdquo;. <\/p>\n\n\n\n<p>Por su parte y respecto a la conformaci&oacute;n de esta Mesa, Leonardo Andreu, representante del Consejo Empresario Mendocino (CEM) y de la Mesa de Producci&oacute;n y Empleo, se&ntilde;al&oacute; que &ldquo;tanto el sector p&uacute;blico como el privado podemos trabajar en conjunto en desarrollar a la log&iacute;stica como un vector de crecimiento y desarrollo dentro de la provincia. Ambos sectores podemos enriquecernos de las visiones diversas para elaborar un buen plan de desarrollo para el sector log&iacute;stico&rdquo;.<\/p>\n\n\n\n<p>Sergio Olivencia, representante de Aprocam y la Mesa de Producci&oacute;n y Empleo en referencia a la implementaci&oacute;n del Mendoza M&aacute;s Log&iacute;stica, dijo: &ldquo;El impacto se podr&aacute; ver en el transporte y en la exportaci&oacute;n de mercader&iacute;a, teniendo en cuenta que a esta Argentina la vamos a sacar adelante teniendo m&aacute;s exportaciones&rdquo;. <\/p>\n\n\n\n<p>Olivencia se&ntilde;al&oacute;: &ldquo;Hoy tenemos que aprovechar la tecnolog&iacute;a que tenemos para aplicarla &iacute;ntegramente a la log&iacute;stica, porque es una herramienta fundamental para solucionar algunos problemas relacionados, por ejemplo, con la simplificaci&oacute;n y agilizaci&oacute;n de tr&aacute;mites&rdquo;.<\/p>\n\n\n\n<p><strong>Mendoza M&aacute;s Log&iacute;stica<\/strong><\/p>\n\n\n\n<p>La base de este programa, presentado por la Subsecretar&iacute;a de Comercio, Industria y Log&iacute;stica durante esta reuni&oacute;n, es el hecho de que 75% de la carga terrestre del Mercosur pasa por el Paso Internacional Cristo Redentor hacia los puertos del Pac&iacute;fico Valpara&iacute;so y San Antonio. <\/p>\n\n\n\n<p>Mendoza representa 11% de la flota de camiones del pa&iacute;s y durante 2023 pasaron por el Cristo Redentor 6 millones de toneladas en carga de contenedores hacia el primero de los puertos mencionados y 14 millones hacia San Antonio.<\/p>\n\n\n\n<p>Por su ubicaci&oacute;n geoestrat&eacute;gica, el Paso Internacional aporta a la integraci&oacute;n comercial del Mercosur con la alianza del Pac&iacute;fico, siendo utilizado anualmente por m&aacute;s de 360 mil camiones y 220 mil veh&iacute;culos particulares y diariamente por m&aacute;s de 40 colectivos.<\/p>\n\n\n\n<p>En un sentido m&aacute;s amplio, el programa impulsa a la provincia como el principal nodo log&iacute;stico en el Oeste argentino, por tener dos pasos internacionales a Chile, como tambi&eacute;n infraestructura con tres puertos secos y una estaci&oacute;n multimodal de ferrocarril, una zona franca y una red de servicios para el transporte internacional terrestre.<\/p>\n\n\n\n<p>En cuanto a los ejes prioritarios de este programa, se destaca el desarrollo de infraestructura log&iacute;stica estrat&eacute;gica con los <em>hubs <\/em>log&iacute;sticos de Palmira y Luj&aacute;n de Cuyo y la creaci&oacute;n de una plataforma digital de servicios log&iacute;sticos para conectar a los proveedores de servicios log&iacute;sticos con las empresas demandantes<\/p>\n\n\n\n<p>En relaci&oacute;n con la creaci&oacute;n de un observatorio log&iacute;stico, servir&aacute; para monitorear y analizar el desempe&ntilde;o log&iacute;stico provincial y disponer de informaci&oacute;n estad&iacute;stica confiable, aspectos para los cuales ser&aacute; fundamental la articulaci&oacute;n con el sector acad&eacute;mico.<\/p>\n\n\n\n<figure class=\"wp-block-gallery columns-3\"><ul class=\"blocks-gallery-grid\"><li class=\"blocks-gallery-item\"><figure><a href=\"https:\/\/www.mendoza.gov.ar\/wp-content\/uploads\/sites\/5\/2024\/12\/aDSC_2192.jpg\"><img loading=\"lazy\" width=\"700\" height=\"467\" src=\"https:\/\/www.mendoza.gov.ar\/wp-content\/uploads\/sites\/5\/2024\/12\/aDSC_2192-700x467.jpg\" alt=\"\" data-id=\"446322\" data-full-url=\"https:\/\/www.mendoza.gov.ar\/wp-content\/uploads\/sites\/5\/2024\/12\/aDSC_2192.jpg\" data-link=\"https:\/\/www.mendoza.gov.ar\/prensa\/?attachment_id=446322\" class=\"wp-image-446322 img-responsive center-block\" srcset=\"https:\/\/www.mendoza.gov.ar\/wp-content\/uploads\/sites\/5\/2024\/12\/aDSC_2192-700x467.jpg 700w, https:\/\/www.mendoza.gov.ar\/wp-content\/uploads\/sites\/5\/2024\/12\/aDSC_2192-250x167.jpg 250w, https:\/\/www.mendoza.gov.ar\/wp-content\/uploads\/sites\/5\/2024\/12\/aDSC_2192-768x512.jpg 768w, https:\/\/www.mendoza.gov.ar\/wp-content\/uploads\/sites\/5\/2024\/12\/aDSC_2192-1536x1024.jpg 1536w, https:\/\/www.mendoza.gov.ar\/wp-content\/uploads\/sites\/5\/2024\/12\/aDSC_2192-2048x1365.jpg 2048w, https:\/\/www.mendoza.gov.ar\/wp-content\/uploads\/sites\/5\/2024\/12\/aDSC_2192-120x80.jpg 120w\" sizes=\"(max-width: 700px) 100vw, 700px\"><\/a><\/figure><\/li><li class=\"blocks-gallery-item\"><figure><a href=\"https:\/\/www.mendoza.gov.ar\/wp-content\/uploads\/sites\/5\/2024\/12\/aDSC_2187.jpg\"><img loading=\"lazy\" width=\"700\" height=\"467\" src=\"https:\/\/www.mendoza.gov.ar\/wp-content\/uploads\/sites\/5\/2024\/12\/aDSC_2187-700x467.jpg\" alt=\"\" data-id=\"446323\" data-full-url=\"https:\/\/www.mendoza.gov.ar\/wp-content\/uploads\/sites\/5\/2024\/12\/aDSC_2187.jpg\" data-link=\"https:\/\/www.mendoza.gov.ar\/prensa\/?attachment_id=446323\" class=\"wp-image-446323 img-responsive center-block\" srcset=\"https:\/\/www.mendoza.gov.ar\/wp-content\/uploads\/sites\/5\/2024\/12\/aDSC_2187-700x467.jpg 700w, https:\/\/www.mendoza.gov.ar\/wp-content\/uploads\/sites\/5\/2024\/12\/aDSC_2187-250x167.jpg 250w, https:\/\/www.mendoza.gov.ar\/wp-content\/uploads\/sites\/5\/2024\/12\/aDSC_2187-768x512.jpg 768w, https:\/\/www.mendoza.gov.ar\/wp-content\/uploads\/sites\/5\/2024\/12\/aDSC_2187-1536x1024.jpg 1536w, https:\/\/www.mendoza.gov.ar\/wp-content\/uploads\/sites\/5\/2024\/12\/aDSC_2187-2048x1365.jpg 2048w, https:\/\/www.mendoza.gov.ar\/wp-content\/uploads\/sites\/5\/2024\/12\/aDSC_2187-120x80.jpg 120w\" sizes=\"(max-width: 700px) 100vw, 700px\"><\/a><\/figure><\/li><li class=\"blocks-gallery-item\"><figure><a href=\"https:\/\/www.mendoza.gov.ar\/wp-content\/uploads\/sites\/5\/2024\/12\/aDSC_2179.jpg\"><img src=\"https:\/\/www.mendoza.gov.ar\/wp-content\/uploads\/sites\/5\/2024\/12\/aDSC_2179-700x467.jpg\" alt=\"\" data-id=\"446324\" data-full-url=\"https:\/\/www.mendoza.gov.ar\/wp-content\/uploads\/sites\/5\/2024\/12\/aDSC_2179.jpg\" data-link=\"https:\/\/www.mendoza.gov.ar\/prensa\/?attachment_id=446324\" class=\"wp-image-446324 img-responsive center-block\"><\/a><\/figure><\/li><li class=\"blocks-gallery-item\"><figure><a href=\"https:\/\/www.mendoza.gov.ar\/wp-content\/uploads\/sites\/5\/2024\/12\/aDSC_2155.jpg\"><img loading=\"lazy\" width=\"700\" height=\"467\" src=\"https:\/\/www.mendoza.gov.ar\/wp-content\/uploads\/sites\/5\/2024\/12\/aDSC_2155-700x467.jpg\" alt=\"\" data-id=\"446325\" data-full-url=\"https:\/\/www.mendoza.gov.ar\/wp-content\/uploads\/sites\/5\/2024\/12\/aDSC_2155.jpg\" data-link=\"https:\/\/www.mendoza.gov.ar\/prensa\/?attachment_id=446325\" class=\"wp-image-446325 img-responsive center-block\" srcset=\"https:\/\/www.mendoza.gov.ar\/wp-content\/uploads\/sites\/5\/2024\/12\/aDSC_2155-700x467.jpg 700w, https:\/\/www.mendoza.gov.ar\/wp-content\/uploads\/sites\/5\/2024\/12\/aDSC_2155-250x167.jpg 250w, https:\/\/www.mendoza.gov.ar\/wp-content\/uploads\/sites\/5\/2024\/12\/aDSC_2155-768x512.jpg 768w, https:\/\/www.mendoza.gov.ar\/wp-content\/uploads\/sites\/5\/2024\/12\/aDSC_2155-1536x1024.jpg 1536w, https:\/\/www.mendoza.gov.ar\/wp-content\/uploads\/sites\/5\/2024\/12\/aDSC_2155-2048x1365.jpg 2048w, https:\/\/www.mendoza.gov.ar\/wp-content\/uploads\/sites\/5\/2024\/12\/aDSC_2155-120x80.jpg 120w\" sizes=\"(max-width: 700px) 100vw, 700px\"><\/a><\/figure><\/li><li class=\"blocks-gallery-item\"><figure><a href=\"https:\/\/www.mendoza.gov.ar\/wp-content\/uploads\/sites\/5\/2024\/12\/aDSC_2152.jpg\"><img loading=\"lazy\" width=\"700\" height=\"467\" src=\"https:\/\/www.mendoza.gov.ar\/wp-content\/uploads\/sites\/5\/2024\/12\/aDSC_2152-700x467.jpg\" alt=\"\" data-id=\"446326\" data-full-url=\"https:\/\/www.mendoza.gov.ar\/wp-content\/uploads\/sites\/5\/2024\/12\/aDSC_2152.jpg\" data-link=\"https:\/\/www.mendoza.gov.ar\/prensa\/?attachment_id=446326\" class=\"wp-image-446326 img-responsive center-block\" srcset=\"https:\/\/www.mendoza.gov.ar\/wp-content\/uploads\/sites\/5\/2024\/12\/aDSC_2152-700x467.jpg 700w, https:\/\/www.mendoza.gov.ar\/wp-content\/uploads\/sites\/5\/2024\/12\/aDSC_2152-250x167.jpg 250w, https:\/\/www.mendoza.gov.ar\/wp-content\/uploads\/sites\/5\/2024\/12\/aDSC_2152-768x512.jpg 768w, https:\/\/www.mendoza.gov.ar\/wp-content\/uploads\/sites\/5\/2024\/12\/aDSC_2152-1536x1024.jpg 1536w, https:\/\/www.mendoza.gov.ar\/wp-content\/uploads\/sites\/5\/2024\/12\/aDSC_2152-2048x1365.jpg 2048w, https:\/\/www.mendoza.gov.ar\/wp-content\/uploads\/sites\/5\/2024\/12\/aDSC_2152-120x80.jpg 120w\" sizes=\"(max-width: 700px) 100vw, 700px\"><\/a><\/figure><\/li><\/ul><\/figure>\n<\/body><\/html>\n","protected":false},"excerpt":{"rendered":"La iniciativa apunta a generar los lineamientos de la pol&iacute;tica log&iacute;stica que necesita nuestra provincia. Se llev&oacute; a cabo esta ma&ntilde;ana en la Casa de Gobierno la primera reuni&oacute;n de la Mesa Log&iacute;stica de Mendoza, encabezada por el ministro de Producci&oacute;n, Rodolfo Vargas Arizu. En la oportunidad, se presentaron los lineamientos generales y los principales&#8230; <a class=\"view-article\" href=\"https:\/\/www.mendoza.gov.ar\/prensa\/mendoza-mas-logistica-un-espacio-para-articular-la-gobernanza-publico-privada\/\"><\/a>","protected":false},"author":63,"featured_media":446324,"comment_status":"open","ping_status":"open","sticky":false,"template":"","format":"standard","meta":[],"categories":[15],"tags":[],"_links":{"self":[{"href":"https:\/\/www.mendoza.gov.ar\/prensa\/wp-json\/wp\/v2\/posts\/446320"}],"collection":[{"href":"https:\/\/www.mendoza.gov.ar\/prensa\/wp-json\/wp\/v2\/posts"}],"about":[{"href":"https:\/\/www.mendoza.gov.ar\/prensa\/wp-json\/wp\/v2\/types\/post"}],"author":[{"embeddable":true,"href":"https:\/\/www.mendoza.gov.ar\/prensa\/wp-json\/wp\/v2\/users\/63"}],"replies":[{"embeddable":true,"href":"https:\/\/www.mendoza.gov.ar\/prensa\/wp-json\/wp\/v2\/comments?post=446320"}],"version-history":[{"count":6,"href":"https:\/\/www.mendoza.gov.ar\/prensa\/wp-json\/wp\/v2\/posts\/446320\/revisions"}],"predecessor-version":[{"id":446347,"href":"https:\/\/www.mendoza.gov.ar\/prensa\/wp-json\/wp\/v2\/posts\/446320\/revisions\/446347"}],"wp:featuredmedia":[{"embeddable":true,"href":"https:\/\/www.mendoza.gov.ar\/prensa\/wp-json\/wp\/v2\/media\/446324"}],"wp:attachment":[{"href":"https:\/\/www.mendoza.gov.ar\/prensa\/wp-json\/wp\/v2\/media?parent=446320"}],"wp:term":[{"taxonomy":"category","embeddable":true,"href":"https:\/\/www.mendoza.gov.ar\/prensa\/wp-json\/wp\/v2\/categories?post=446320"},{"taxonomy":"post_tag","embeddable":true,"href":"https:\/\/www.mendoza.gov.ar\/prensa\/wp-json\/wp\/v2\/tags?post=446320"}],"curies":[{"name":"wp","href":"https:\/\/api.w.org\/{rel}","templated":true}]}}