{"id":44691,"date":"2015-12-26T15:54:02","date_gmt":"2015-12-26T18:54:02","guid":{"rendered":"http:\/\/prensa.mendoza.gov.ar\/?p=44691"},"modified":"2015-12-26T15:54:02","modified_gmt":"2015-12-26T18:54:02","slug":"cornejo-le-pidio-a-la-suprema-corte-dialogo-por-el-fallo-que-elimina-la-prision-preventiva","status":"publish","type":"post","link":"https:\/\/www.mendoza.gov.ar\/prensa\/cornejo-le-pidio-a-la-suprema-corte-dialogo-por-el-fallo-que-elimina-la-prision-preventiva\/","title":{"rendered":"Cornejo le pidi\u00f3 a la Suprema Corte di\u00e1logo por el fallo que elimina la prisi\u00f3n preventiva"},"content":{"rendered":"<!DOCTYPE html PUBLIC \"-\/\/W3C\/\/DTD HTML 4.0 Transitional\/\/EN\" \"http:\/\/www.w3.org\/TR\/REC-html40\/loose.dtd\">\n<html><body><p>Esta ma&ntilde;ana el gobernador, Alfredo Cornejo, mantuvo una reuni&oacute;n en Casa de Gobierno con autoridades legislativas, donde se analiz&oacute; el fallo de la Suprema Corte de Justicia de Mendoza, el cual hizo lugar a un H&aacute;beas Corpus colectivo que permitir&aacute; la inmediata liberaci&oacute;n de m&aacute;s de 800 personas procesadas sin sentencia. &ldquo;El pr&oacute;ximo lunes a las 12, tendr&aacute; lugar una reuni&oacute;n entre el Poder Ejecutivo y el Legislativo para debatir la aplicaci&oacute;n del fallo. Tenemos mucho respeto por la divisi&oacute;n de poderes y una intenci&oacute;n de armon&iacute;a con la Corte, pero este fallo nos preocupa mucho&rdquo;, afirm&oacute; Cornejo.<\/p>\n<p>En conferencia de prensa, el gobernador estuvo acompa&ntilde;ado por la vice gobernadora Laura Montero, el ministro de Seguridad Gianni Vennier, el jefe de la Polic&iacute;a de Mendoza, Roberto Munives, el subsecretario de Justicia y Relaciones Institucionales del Ministerio de Gobierno, Justicia y Trabajo, Marcelo D` Agostino Dill&oacute;n, el presidente provisional del Senado, Juan Carlos Jaliff, el presidente de la C&aacute;mara de Diputados, N&eacute;stor Pares, el presidente del bloque de Diputados Cesar Biffi, y el presidente del bloque de Senadores, Alejandro Molero.<\/p>\n<p>&ldquo;Esto redefine la prisi&oacute;n preventiva ya que el fallo tiene plazos perentorios inalcanzables para el trabajo de nuestra fuerza de seguridad que deben reunir en 24 horas todos los elementos probatorios para que el fiscal pueda dejar privado de la libertad al sospechoso de un delito&rdquo;, coment&oacute; el mandatario.<\/p>\n<p>En relaci&oacute;n a la demanda ciudadana de la prevenci&oacute;n de delitos, Cornejo explic&oacute; &ldquo;las resoluciones judiciales deben estar ajustadas a la realidad. Podr&iacute;amos no tener m&aacute;s hacinamientos en las c&aacute;rceles sino detuvi&eacute;ramos a nadie, pero eso no es lo que impulsamos como pol&iacute;tica de seguridad. Esta decisi&oacute;n trae aparejados problemas operativos para el sistema policial&rdquo;.<\/p>\n<p>Al momento de ser consultado sobre los hipot&eacute;ticos motivos de este fallo, el mandatario se&ntilde;al&oacute; que &ldquo;hay condiciones objetivas para pensar que la decisi&oacute;n tiene un trasfondo pol&iacute;tico. Cuando los abogados que presentaron el pedido fueron funcionarios durante los gobiernos de Celso Jaque y Francisco P&eacute;rez, no se construy&oacute; ni un s&oacute;lo metro cuadrado de c&aacute;rcel&rdquo;.<\/p>\n<p>En referencia al objetivo de la reuni&oacute;n del pr&oacute;ximo lunes, Cornejo &nbsp;adelant&oacute;: &ldquo;Nos gustar&iacute;a escuchar la opini&oacute;n de los integrantes de la Suprema Corte pero tambi&eacute;n que nos escuchen a nosotros y sobre todo a los referentes de las fuerzas de seguridad&rdquo;.<\/p>\n<p><a href=\"https:\/\/www.mendoza.gov.ar\/prensa\/wp-content\/uploads\/sites\/23\/N1K6488.jpg\"><img loading=\"lazy\" class=\"alignnone wp-image-44692 img-responsive center-block\" src=\"https:\/\/www.mendoza.gov.ar\/prensa\/wp-content\/uploads\/sites\/23\/N1K6488.jpg\" alt=\"_N1K6488\" width=\"650\" height=\"432\"><\/a><\/p>\n<p>A su turno, el jefe de la Polic&iacute;a de Mendoza, Roberto Munives, detall&oacute; la cantidad de personal y recursos que este fallo afectar&iacute;a en el caso de que se detengan 50 personas por d&iacute;a. &ldquo;Necesitar&iacute;amos 50 m&oacute;viles para el traslado de cada personas, 50 m&oacute;viles m&aacute;s para la constataci&oacute;n del domicilio, otros 50 m&oacute;viles para llevar a los testigos, todos ellos con una dotaci&oacute;n de dos a tres polic&iacute;as. Adem&aacute;s de personal para inspecciones oculares, peritajes, trabajos forenses y personal de identificaci&oacute;n. Para cumplir con esto requerir&iacute;amos de mil polic&iacute;as y 250 m&oacute;viles, lo que resentir&iacute;a significativamente las tareas preventivas de seguridad&rdquo;, sostuvo Munives.<\/p>\n<p>&nbsp;<\/p>\n<p><strong>Aqu&iacute; audio completo de la conferencia<\/strong><\/p>\n<p>&nbsp;<\/p>\n<p>https:\/\/soundcloud.com\/user-505450423\/conferencia-cornejo-por-fallo-mp3<\/p>\n<p>&nbsp;<\/p>\n<\/body><\/html>\n","protected":false},"excerpt":{"rendered":"El gobernador se reuni\u00f3 con autoridades legislativas para analizar los alcances de la decisi\u00f3n que tom\u00f3 el m\u00e1ximo tribunal el mi\u00e9rcoles pasado.","protected":false},"author":3,"featured_media":44702,"comment_status":"open","ping_status":"open","sticky":false,"template":"","format":"standard","meta":[],"categories":[19],"tags":[],"_links":{"self":[{"href":"https:\/\/www.mendoza.gov.ar\/prensa\/wp-json\/wp\/v2\/posts\/44691"}],"collection":[{"href":"https:\/\/www.mendoza.gov.ar\/prensa\/wp-json\/wp\/v2\/posts"}],"about":[{"href":"https:\/\/www.mendoza.gov.ar\/prensa\/wp-json\/wp\/v2\/types\/post"}],"author":[{"embeddable":true,"href":"https:\/\/www.mendoza.gov.ar\/prensa\/wp-json\/wp\/v2\/users\/3"}],"replies":[{"embeddable":true,"href":"https:\/\/www.mendoza.gov.ar\/prensa\/wp-json\/wp\/v2\/comments?post=44691"}],"version-history":[{"count":0,"href":"https:\/\/www.mendoza.gov.ar\/prensa\/wp-json\/wp\/v2\/posts\/44691\/revisions"}],"wp:featuredmedia":[{"embeddable":true,"href":"https:\/\/www.mendoza.gov.ar\/prensa\/wp-json\/wp\/v2\/media\/44702"}],"wp:attachment":[{"href":"https:\/\/www.mendoza.gov.ar\/prensa\/wp-json\/wp\/v2\/media?parent=44691"}],"wp:term":[{"taxonomy":"category","embeddable":true,"href":"https:\/\/www.mendoza.gov.ar\/prensa\/wp-json\/wp\/v2\/categories?post=44691"},{"taxonomy":"post_tag","embeddable":true,"href":"https:\/\/www.mendoza.gov.ar\/prensa\/wp-json\/wp\/v2\/tags?post=44691"}],"curies":[{"name":"wp","href":"https:\/\/api.w.org\/{rel}","templated":true}]}}