{"id":44712,"date":"2015-12-27T15:26:05","date_gmt":"2015-12-27T18:26:05","guid":{"rendered":"http:\/\/prensa.mendoza.gov.ar\/?p=44712"},"modified":"2015-12-27T15:26:05","modified_gmt":"2015-12-27T18:26:05","slug":"importante-trabajo-de-los-aviones-antigranizo-durante-el-fin-de-semana","status":"publish","type":"post","link":"https:\/\/www.mendoza.gov.ar\/prensa\/importante-trabajo-de-los-aviones-antigranizo-durante-el-fin-de-semana\/","title":{"rendered":"Los aviones antigranizo trabajaron durante el fin de semana"},"content":{"rendered":"<!DOCTYPE html PUBLIC \"-\/\/W3C\/\/DTD HTML 4.0 Transitional\/\/EN\" \"http:\/\/www.w3.org\/TR\/REC-html40\/loose.dtd\">\n<html><body><div dir=\"ltr\">Un arduo trabajo tuvieron los pilotos y radaristas del organismo dependiente del Ministerio de Econom&iacute;a, Infraestructura y Energ&iacute;a en la tarde y la noche del s&aacute;bado. Debido a las intensas tormentas, los aviones del sistema de mitigaci&oacute;n de granizo trabajaron en la zona Sur, Este y Norte de Mendoza.<\/div>\n<div><\/div>\n<div dir=\"ltr\">En concreto, se sembraron ocho c&eacute;lulas de tormentas a las que se les redujo considerablemente&nbsp;la intensidad y el volumen del granizo que precipitaron sobre los distritos de Los Campamentos, Mirador y La Reducci&oacute;n del departamento de Rivadavia; Tres Porte&ntilde;as y Chapanay del departamento de San&nbsp;Mart&iacute;n;&nbsp;Las Catitas del departamento de Santa Rosa; Villa Tulumaya, La Palmeras, Costa de Araujo, San Francisco, Jocol&iacute; Viejo,&nbsp;El Chical&nbsp;y Paramillo del departamento de&nbsp;Lavalle; El Pastal, El Borboll&oacute;n, El Challao, Algarrobal y Colonia Las Heras del departamento hom&oacute;nimo; Agrelo y Ugarteche del departamento de Luj&aacute;n de Cuyo; y Fray Luis Beltr&aacute;n del departamento de Maip&uacute;.<\/div>\n<div dir=\"ltr\"><\/div>\n<div dir=\"ltr\">El fen&oacute;meno se present&oacute; entre las 16 y las 3 del domingo en toda esa zona en la modalidad, que en&nbsp;el lenguaje t&eacute;cnico se conoce como multicelda organizada, que son una gran cantidad de celdas graniceras y que son el estadio anterior a la supercelda, la nube con mayor potencial de granizo conocida.<\/div>\n<div dir=\"ltr\"><\/div>\n<div dir=\"ltr\">La jornada de trabajo para los pilotos de Contingencias comenz&oacute; a las 14 hs del s&aacute;bado con dos vuelos de siembra y uno de patrulla&nbsp;sobre la zona Sur, m&aacute;s precisamente en el distrito La Llave del departamento de San Rafael.<\/div>\n<div dir=\"ltr\"><\/div>\n<div dir=\"ltr\">Debido a todo este trabajo, los aviones requirieron utilizar 219 cartuchos debido a la intensidad de las tormentas. Hay que recordar que el stock de bengalas fue reforzado con la llegada de 524 unidades m&aacute;s el s&aacute;bado en la ma&ntilde;ana y que se espera un cargamento similar para principios de enero.<\/div>\n<div dir=\"ltr\"><\/div>\n<div dir=\"ltr\">Por &uacute;ltimo, es importante saber que la siembra con yoduro de plata de nubes graniceras, es un sistema de mitigaci&oacute;n que morigera la ca&iacute;da de piedra sobre zonas cultivadas de la provincia y que es uno de los sistemas que mayores resultados tiene en el mundo.<\/div>\n<div dir=\"ltr\"><\/div>\n<div dir=\"ltr\"><\/div>\n<\/body><\/html>\n","protected":false},"excerpt":{"rendered":"De acuerdo con lo informado por la Direcci\u00f3n de Contingencias Clim\u00e1ticas, la flota de aeronaves dispuestas para la lucha antigranizo, sembr\u00f3 este s\u00e1bado con yoduro de plata diez c\u00e9lulas de tormentas en toda la provincia.","protected":false},"author":3,"featured_media":44713,"comment_status":"open","ping_status":"open","sticky":false,"template":"","format":"standard","meta":[],"categories":[1],"tags":[],"_links":{"self":[{"href":"https:\/\/www.mendoza.gov.ar\/prensa\/wp-json\/wp\/v2\/posts\/44712"}],"collection":[{"href":"https:\/\/www.mendoza.gov.ar\/prensa\/wp-json\/wp\/v2\/posts"}],"about":[{"href":"https:\/\/www.mendoza.gov.ar\/prensa\/wp-json\/wp\/v2\/types\/post"}],"author":[{"embeddable":true,"href":"https:\/\/www.mendoza.gov.ar\/prensa\/wp-json\/wp\/v2\/users\/3"}],"replies":[{"embeddable":true,"href":"https:\/\/www.mendoza.gov.ar\/prensa\/wp-json\/wp\/v2\/comments?post=44712"}],"version-history":[{"count":0,"href":"https:\/\/www.mendoza.gov.ar\/prensa\/wp-json\/wp\/v2\/posts\/44712\/revisions"}],"wp:featuredmedia":[{"embeddable":true,"href":"https:\/\/www.mendoza.gov.ar\/prensa\/wp-json\/wp\/v2\/media\/44713"}],"wp:attachment":[{"href":"https:\/\/www.mendoza.gov.ar\/prensa\/wp-json\/wp\/v2\/media?parent=44712"}],"wp:term":[{"taxonomy":"category","embeddable":true,"href":"https:\/\/www.mendoza.gov.ar\/prensa\/wp-json\/wp\/v2\/categories?post=44712"},{"taxonomy":"post_tag","embeddable":true,"href":"https:\/\/www.mendoza.gov.ar\/prensa\/wp-json\/wp\/v2\/tags?post=44712"}],"curies":[{"name":"wp","href":"https:\/\/api.w.org\/{rel}","templated":true}]}}