{"id":44782,"date":"2015-12-28T15:49:44","date_gmt":"2015-12-28T18:49:44","guid":{"rendered":"http:\/\/prensa.mendoza.gov.ar\/?p=44782"},"modified":"2015-12-28T15:49:44","modified_gmt":"2015-12-28T18:49:44","slug":"se-presentaron-a-los-municipios-los-ejes-sobre-desarrollo-economico-y-empleo","status":"publish","type":"post","link":"https:\/\/www.mendoza.gov.ar\/prensa\/se-presentaron-a-los-municipios-los-ejes-sobre-desarrollo-economico-y-empleo\/","title":{"rendered":"Se presentaron a los municipios los ejes sobre desarrollo econ\u00f3mico y empleo"},"content":{"rendered":"<!DOCTYPE html PUBLIC \"-\/\/W3C\/\/DTD HTML 4.0 Transitional\/\/EN\" \"http:\/\/www.w3.org\/TR\/REC-html40\/loose.dtd\">\n<html><body><p>El subsecretario de Industria y Tecnolog&iacute;a, Guillermo Cruz, present&oacute; a los municipios los ejes sobre los que se trabajar&aacute; en desarrollo econ&oacute;mico y empleo. Lo acompa&ntilde;aron funcionarios del &aacute;rea, que aportaron informaci&oacute;n precisa de cada sector.<\/p>\n<p>El director de Desarrollo Tecnol&oacute;gico y Empleo, Lorenzo Nieva, y el de Innovaci&oacute;n y Desarrollo Sostenible, Guillermo Navarro, se encargaron de detallar el trabajo que se llevar&aacute; a cabo. En ese sentido, explicaron que los ejes son la generaci&oacute;n de empleo, creaci&oacute;n de nuevas pymes y el desarrollo tecnol&oacute;gico.<\/p>\n<p>Respecto del primer punto, los funcionarios explicaron que el objetivo es la creaci&oacute;n de empleo privado y que se busca articular con los municipios para ser un nexo entre la oferta y la demanda laboral. Para la generaci&oacute;n de nuevas pymes, la intenci&oacute;n es profundizar la difusi&oacute;n de informaci&oacute;n &uacute;til vinculada a l&iacute;neas de cr&eacute;dito. Sobre el desarrollo tecnol&oacute;gico, se explic&oacute; que el prop&oacute;sito es que &eacute;ste se incorpore, debido al gran potencial de demanda que posee la seguridad y la educaci&oacute;n.<\/p>\n<p><a href=\"https:\/\/www.mendoza.gov.ar\/prensa\/wp-content\/uploads\/sites\/23\/ECONCOMIA-3.jpg\"><img loading=\"lazy\" class=\"alignnone wp-image-44787 img-responsive center-block\" src=\"https:\/\/www.mendoza.gov.ar\/prensa\/wp-content\/uploads\/sites\/23\/ECONCOMIA-3.jpg\" alt=\"\" width=\"650\" height=\"425\"><\/a><\/p>\n<p>El subsecretario Cruz, al frente de la presentaci&oacute;n, hizo hincapi&eacute; en el trabajo conjunto con los municipios y con las distintas &aacute;reas de gobierno que apuntan al desarrollo econ&oacute;mico. &ldquo;Queremos que todos los fondos que la provincia vuelca al sector productivo est&eacute;n articulados y organizados&rdquo;, subray&oacute; y agreg&oacute; que se &ldquo;va a ser todo lo posible para mejorar la competitividad&rdquo; y que para alcanzar ese prop&oacute;sito se trabajar&aacute; con el sector acad&eacute;mico.<\/p>\n<p>Tambi&eacute;n estuvieron presentes funcionarios de la Direcci&oacute;n de Estad&iacute;sticas e Investigaciones Econ&oacute;micas (DEIE). Facundo Biffi, jefe del &aacute;rea, explic&oacute; el trabajo que se desarrollar&aacute; con las estad&iacute;sticas municipales: &ldquo;El objetivo es que los datos sobre cada departamento salgan de las propias comunas. Vamos a unificar criterios para hacer un relevamiento que nos sean &uacute;tiles a todos&rdquo;, expres&oacute;.<\/p>\n<p>De la reuni&oacute;n participaron representantes de las &aacute;reas de empleo y desarrollo econ&oacute;mico de General Alvear, San Carlos, La Paz, San Mart&iacute;n, Lavalle, Guaymall&eacute;n, Godoy Cruz, Ciudad, Malarg&uuml;e, Tunuy&aacute;n y Maip&uacute;. La reuni&oacute;n tuvo lugar en la sede del Ministerio de Econom&iacute;a, Infraestructura y Energ&iacute;a, sexto piso de Casa de Gobierno.<\/p>\n<\/body><\/html>\n","protected":false},"excerpt":{"rendered":"El subsecretario de Industria y Tecnolog\u00eda del Ministerio de Econom\u00eda, Infraestructura y Energ\u00eda, se reuni\u00f3 con los municipios para presentar los objetivos de la nueva gesti\u00f3n.","protected":false},"author":3,"featured_media":44785,"comment_status":"open","ping_status":"open","sticky":false,"template":"","format":"standard","meta":[],"categories":[1],"tags":[],"_links":{"self":[{"href":"https:\/\/www.mendoza.gov.ar\/prensa\/wp-json\/wp\/v2\/posts\/44782"}],"collection":[{"href":"https:\/\/www.mendoza.gov.ar\/prensa\/wp-json\/wp\/v2\/posts"}],"about":[{"href":"https:\/\/www.mendoza.gov.ar\/prensa\/wp-json\/wp\/v2\/types\/post"}],"author":[{"embeddable":true,"href":"https:\/\/www.mendoza.gov.ar\/prensa\/wp-json\/wp\/v2\/users\/3"}],"replies":[{"embeddable":true,"href":"https:\/\/www.mendoza.gov.ar\/prensa\/wp-json\/wp\/v2\/comments?post=44782"}],"version-history":[{"count":0,"href":"https:\/\/www.mendoza.gov.ar\/prensa\/wp-json\/wp\/v2\/posts\/44782\/revisions"}],"wp:featuredmedia":[{"embeddable":true,"href":"https:\/\/www.mendoza.gov.ar\/prensa\/wp-json\/wp\/v2\/media\/44785"}],"wp:attachment":[{"href":"https:\/\/www.mendoza.gov.ar\/prensa\/wp-json\/wp\/v2\/media?parent=44782"}],"wp:term":[{"taxonomy":"category","embeddable":true,"href":"https:\/\/www.mendoza.gov.ar\/prensa\/wp-json\/wp\/v2\/categories?post=44782"},{"taxonomy":"post_tag","embeddable":true,"href":"https:\/\/www.mendoza.gov.ar\/prensa\/wp-json\/wp\/v2\/tags?post=44782"}],"curies":[{"name":"wp","href":"https:\/\/api.w.org\/{rel}","templated":true}]}}