{"id":44802,"date":"2015-12-28T17:51:58","date_gmt":"2015-12-28T20:51:58","guid":{"rendered":"http:\/\/prensa.mendoza.gov.ar\/?p=44802"},"modified":"2015-12-28T17:51:58","modified_gmt":"2015-12-28T20:51:58","slug":"el-gobernador-pidio-que-rever-el-fallo-de-la-corte-sobre-detenciones-y-prision-preventiva","status":"publish","type":"post","link":"https:\/\/www.mendoza.gov.ar\/prensa\/el-gobernador-pidio-que-rever-el-fallo-de-la-corte-sobre-detenciones-y-prision-preventiva\/","title":{"rendered":"El Gobernador se reuni\u00f3 con miembros de la Corte por el fallo sobre detenciones"},"content":{"rendered":"<!DOCTYPE html PUBLIC \"-\/\/W3C\/\/DTD HTML 4.0 Transitional\/\/EN\" \"http:\/\/www.w3.org\/TR\/REC-html40\/loose.dtd\">\n<html><body><p>El Gobernador Alfredo Cornejo visit&oacute; esta ma&ntilde;ana el despacho del presidente de la Suprema Corte&nbsp;de Justicia de la Provincia, para dialogar sobre el fallo que regula las detenciones y la prisi&oacute;n preventiva. En el lugar lo esperaban tambi&eacute;n los ministros de la Corte,&nbsp;Mario Adaro y Herman Amilton Salvini, como as&iacute; tambi&eacute;n el Procurador&nbsp;Rodolfo Gonz&aacute;lez.&nbsp;Lo acompa&ntilde;aron la Vice Gobernadora, Laura Montero; el diputado nacional, Luis Petri; los ministros de Seguridad, Gianni Venier, y de Gobierno, Justicia y Trabajo, Dalmiro Garay; y los Subsecretarios de Justicia y Relaciones Institucionales, Marcelo D&rsquo;Agostino, y de Gesti&oacute;n P&uacute;blica y Modernizaci&oacute;n del Estado, Ulpiano Su&aacute;rez.<\/p>\n<p>Luego de la reuni&oacute;n, que se realiz&oacute; a puertas cerradas en el cuarto piso del Palacio Judicial, el Gobernador &nbsp;destac&oacute; que &ldquo;el fallo hace virtualmente inaplicable la prisi&oacute;n preventiva y por eso quedar&aacute;n libres la mayor&iacute;a de los detenidos. La Corte no explica como operar&aacute; en la pr&aacute;ctica su resoluci&oacute;n&rdquo;.<\/p>\n<p>Laura Montero expres&oacute; que su deseo y el del Gobernador &ldquo;es mantener una buena relaci&oacute;n institucional con el Poder Judicial&rdquo;, aunque consider&oacute; al fallo como &ldquo;lesivo para algunos intereses de la Provincia y que puede tener efectos bastantes severos para la ciudadan&iacute;a, afectando directamente en la situaci&oacute;n de inseguridad&rdquo;.&nbsp;Tambi&eacute;n se lament&oacute; por &ldquo;la ausencia de los ministros que firmaron este fallo&rdquo;&nbsp;y por la falta de una audiencia p&uacute;blica previa para dialogar sobre el tema.<\/p>\n<p>Resalt&oacute; el hecho de que &ldquo;no hay b&uacute;squeda de conflicto por parte de ninguno de los tres poderes&rdquo; y que habr&aacute; que esperar la decisi&oacute;n que tomen los magistrados unos d&iacute;as ya que &ldquo;los presentes tomaron nuestras propuestas y ma&ntilde;ana van a llamar a una reuni&oacute;n&rdquo;. Adem&aacute;s indic&oacute; que &ldquo;este fallo tiene parte resolutiva de imposible cumplimiento. Es por esto que apelamos al di&aacute;logo y esperamos la pronta resoluci&oacute;n de la Suprema Corte&rdquo;.<\/p>\n<p>Con respecto al fallo en particular, Montero indic&oacute; que &ldquo;el mismo se atribuye facultades tanto legislativas como ejecutivas&rdquo; y que &ldquo;tiene implicancias muy severas, particularmente en el accionar de las fuerzas de seguridad, por las disposiciones que toma&rdquo;. Adem&aacute;s sostuvo que &ldquo;no es preciso en cuanto a las fechas de aplicaci&oacute;n, que exceden al habeas corpus para una cantidad de personas que estaban detenidas bajo este sistema&rdquo;.<\/p>\n<p>&ldquo;Es un fallo de cumplimiento imposible, que desnuda las debilidades del sistema judicial, sin dar intervenci&oacute;n al procurador, sin dar intervenci&oacute;n a los otros poderes intervinientes&rdquo;, argument&oacute; Montero y aclar&oacute;: &ldquo;es un fallo que se dicta en un proceso poco oportuno y deja al borde del colapso a todo el sistema de seguridad y es eso lo que&nbsp; le hemos venido a transmitirles&rdquo;.<\/p>\n<p>Por su parte Dalmiro Garay afirm&oacute;:&nbsp;&ldquo;hemos venido a manifestar nuestra inquietud, intranquilidad y preocupaci&oacute;n a los miembros de la Corte por la falta de di&aacute;logo institucional, por la falta de apertura para la soluci&oacute;n de este conflicto&rdquo;. Y destac&oacute; que &ldquo;se necesitan de todos los actores del Estado&rdquo;, tras indicar que &ldquo;la seguridad del sistema carcelario es un tema multicausal&rdquo;.<\/p>\n<p><a href=\"https:\/\/soundcloud.com\/user-505450423\/audio-conferencia-de-prensa-reunion-del-gobierno-con-la-corte\">&nbsp;Para escuchar las declaraciones&nbsp;haga click aqu&iacute;.<\/a><\/p>\n<p>&nbsp;<\/p>\n<\/body><\/html>\n","protected":false},"excerpt":{"rendered":"Al despacho de Pedro Llorente, concurrieron adem\u00e1s, la vicegobernadora Laura Montero, legisladores y funcionarios. Mostaron preocupaci\u00f3n por los aspectos pr\u00e1cticos de la resoluci\u00f3n.\n","protected":false},"author":3,"featured_media":44804,"comment_status":"open","ping_status":"open","sticky":false,"template":"","format":"standard","meta":[],"categories":[19],"tags":[],"_links":{"self":[{"href":"https:\/\/www.mendoza.gov.ar\/prensa\/wp-json\/wp\/v2\/posts\/44802"}],"collection":[{"href":"https:\/\/www.mendoza.gov.ar\/prensa\/wp-json\/wp\/v2\/posts"}],"about":[{"href":"https:\/\/www.mendoza.gov.ar\/prensa\/wp-json\/wp\/v2\/types\/post"}],"author":[{"embeddable":true,"href":"https:\/\/www.mendoza.gov.ar\/prensa\/wp-json\/wp\/v2\/users\/3"}],"replies":[{"embeddable":true,"href":"https:\/\/www.mendoza.gov.ar\/prensa\/wp-json\/wp\/v2\/comments?post=44802"}],"version-history":[{"count":0,"href":"https:\/\/www.mendoza.gov.ar\/prensa\/wp-json\/wp\/v2\/posts\/44802\/revisions"}],"wp:featuredmedia":[{"embeddable":true,"href":"https:\/\/www.mendoza.gov.ar\/prensa\/wp-json\/wp\/v2\/media\/44804"}],"wp:attachment":[{"href":"https:\/\/www.mendoza.gov.ar\/prensa\/wp-json\/wp\/v2\/media?parent=44802"}],"wp:term":[{"taxonomy":"category","embeddable":true,"href":"https:\/\/www.mendoza.gov.ar\/prensa\/wp-json\/wp\/v2\/categories?post=44802"},{"taxonomy":"post_tag","embeddable":true,"href":"https:\/\/www.mendoza.gov.ar\/prensa\/wp-json\/wp\/v2\/tags?post=44802"}],"curies":[{"name":"wp","href":"https:\/\/api.w.org\/{rel}","templated":true}]}}