{"id":448395,"date":"2024-12-22T08:05:36","date_gmt":"2024-12-22T11:05:36","guid":{"rendered":"https:\/\/www.mendoza.gov.ar\/prensa\/?p=448395"},"modified":"2024-12-22T09:07:53","modified_gmt":"2024-12-22T12:07:53","slug":"en-san-rafael-el-gobierno-de-mendoza-acompana-al-s-r-club-en-la-presentacion-de-su-plantel-para-la-liga-nacional-federal-de-voley-2025","status":"publish","type":"post","link":"https:\/\/www.mendoza.gov.ar\/prensa\/en-san-rafael-el-gobierno-de-mendoza-acompana-al-s-r-club-en-la-presentacion-de-su-plantel-para-la-liga-nacional-federal-de-voley-2025\/","title":{"rendered":"En San Rafael, el Gobierno de Mendoza acompa\u00f1a al S.R. Club en la presentaci\u00f3n de su plantel para la Liga Nacional Federal de V\u00f3ley 2025"},"content":{"rendered":"<!DOCTYPE html PUBLIC \"-\/\/W3C\/\/DTD HTML 4.0 Transitional\/\/EN\" \"http:\/\/www.w3.org\/TR\/REC-html40\/loose.dtd\">\n<html><body><h5>Durante el acto, se reafirm&oacute; el compromiso del Gobierno provincial con el desarrollo del deporte, destacando el apoyo econ&oacute;mico para cubrir costos de indumentaria y log&iacute;stica. Este respaldo busca fortalecer el talento local y posicionar a Mendoza como referente en competencias nacionales.<\/h5>\n\n\n\n<p>Acompa&ntilde;ado por la vicegobernadora, Hebe Casado, y autoridades provinciales, el subsecretario de Deportes de la Provincia, Federico Chiapetta, particip&oacute; en la presentaci&oacute;n oficial del plantel y la nueva indumentaria del S.R. Club, que representar&aacute; al Sur provincial en la Liga Nacional Federal de V&oacute;ley masculina 2025.<\/p>\n\n\n\n<p>La presentaci&oacute;n se llev&oacute; a cabo en el Centro de Congresos y Exposiciones &ldquo;Alfredo Bufano&rdquo;, con una mucho p&uacute;blico y la presencia de autoridades locales. Durante la presentaci&oacute;n, Chiapetta reafirm&oacute; el compromiso del Gobierno de Mendoza con el desarrollo del deporte provincial y destac&oacute; la importancia de este tipo de competencias para fortalecer el talento local y posicionar a la provincia como un referente a nivel nacional.<\/p>\n\n\n\n<p>&ldquo;Este tipo de iniciativas son fundamentales para fomentar la profesionalizaci&oacute;n del deporte en Mendoza. Estamos orgullosos de acompa&ntilde;ar al S.R. Club en este desaf&iacute;o y de contribuir al crecimiento del v&oacute;ley en la provincia&rdquo;, expres&oacute; el subsecretario.<\/p>\n\n\n\n<p>El Gobierno provincial apoyar&aacute; al equipo cubriendo costos clave, como indumentaria y log&iacute;stica, asegurando que los jugadores puedan competir en condiciones &oacute;ptimas en esta exigente competencia nacional.<\/p>\n\n\n\n<p><strong>El plantel del S.R. Club para la temporada 2025<\/strong><\/p>\n\n\n\n<p>El equipo present&oacute; a los jugadores que defender&aacute;n los colores del club y de Mendoza en la Liga Federal:<\/p>\n\n\n\n<ul><li>Armadores: &Aacute;ngel De Brito, Federico S&aacute;enz, Mauricio Torres.<\/li><li>Puntas: Gustavo Telesca, Cristian Toro, Valentino Giluta, Franco Tasso.<\/li><li>Centrales: Mart&iacute;n Palma, Santiago Murcia, Santiago Cortez, Gonzalo Morbidelli, Cristian Balastegui.<\/li><li>Opuestos: Jos&eacute; Luis <em>Pepe <\/em>Gonz&aacute;lez, Andr&eacute;s Venegas.<\/li><li>L&iacute;beros: Fausto Nieto, Mariano G&oacute;mez, Lucas Buffa.<\/li><\/ul>\n\n\n\n<p>El cuerpo t&eacute;cnico est&aacute; liderado por Gonzalo Barros como entrenador, acompa&ntilde;ado por Vernon Arriaga como estadista.<\/p>\n\n\n\n<p><strong>Sobre la Liga Federal de V&oacute;ley<\/strong><\/p>\n\n\n\n<p>La Liga Nacional Federal de V&oacute;ley es una competencia que re&uacute;ne a los mejores equipos de todo el pa&iacute;s. Para esta temporada 2025, el S.R. Club aspira a destacarse por su esfuerzo, dedicaci&oacute;n y esp&iacute;ritu competitivo, consolid&aacute;ndose como protagonista en el escenario nacional.<\/p>\n\n\n\n<p>Con este apoyo, el Gobierno de Mendoza ratifica su compromiso con el deporte como herramienta de desarrollo social y promoci&oacute;n de talentos locales.<\/p>\n\n\n\n<figure class=\"wp-block-gallery columns-3\"><ul class=\"blocks-gallery-grid\"><li class=\"blocks-gallery-item\"><figure><a href=\"https:\/\/www.mendoza.gov.ar\/wp-content\/uploads\/sites\/5\/2024\/12\/COBERTURA-GOBIERNO-228.jpg\"><img loading=\"lazy\" width=\"700\" height=\"467\" src=\"https:\/\/www.mendoza.gov.ar\/wp-content\/uploads\/sites\/5\/2024\/12\/COBERTURA-GOBIERNO-228-700x467.jpg\" alt=\"\" data-id=\"448399\" data-full-url=\"https:\/\/www.mendoza.gov.ar\/wp-content\/uploads\/sites\/5\/2024\/12\/COBERTURA-GOBIERNO-228.jpg\" data-link=\"https:\/\/www.mendoza.gov.ar\/prensa\/?attachment_id=448399\" class=\"wp-image-448399 img-responsive center-block\" srcset=\"https:\/\/www.mendoza.gov.ar\/wp-content\/uploads\/sites\/5\/2024\/12\/COBERTURA-GOBIERNO-228-700x467.jpg 700w, https:\/\/www.mendoza.gov.ar\/wp-content\/uploads\/sites\/5\/2024\/12\/COBERTURA-GOBIERNO-228-250x167.jpg 250w, https:\/\/www.mendoza.gov.ar\/wp-content\/uploads\/sites\/5\/2024\/12\/COBERTURA-GOBIERNO-228-768x512.jpg 768w, https:\/\/www.mendoza.gov.ar\/wp-content\/uploads\/sites\/5\/2024\/12\/COBERTURA-GOBIERNO-228-1536x1024.jpg 1536w, https:\/\/www.mendoza.gov.ar\/wp-content\/uploads\/sites\/5\/2024\/12\/COBERTURA-GOBIERNO-228-2048x1365.jpg 2048w, https:\/\/www.mendoza.gov.ar\/wp-content\/uploads\/sites\/5\/2024\/12\/COBERTURA-GOBIERNO-228-120x80.jpg 120w\" sizes=\"(max-width: 700px) 100vw, 700px\"><\/a><\/figure><\/li><li class=\"blocks-gallery-item\"><figure><a href=\"https:\/\/www.mendoza.gov.ar\/wp-content\/uploads\/sites\/5\/2024\/12\/COBERTURA-GOBIERNO-269.jpg\"><img src=\"https:\/\/www.mendoza.gov.ar\/wp-content\/uploads\/sites\/5\/2024\/12\/COBERTURA-GOBIERNO-269-700x467.jpg\" alt=\"\" data-id=\"448400\" data-full-url=\"https:\/\/www.mendoza.gov.ar\/wp-content\/uploads\/sites\/5\/2024\/12\/COBERTURA-GOBIERNO-269.jpg\" data-link=\"https:\/\/www.mendoza.gov.ar\/prensa\/?attachment_id=448400\" class=\"wp-image-448400 img-responsive center-block\"><\/a><\/figure><\/li><li class=\"blocks-gallery-item\"><figure><a href=\"https:\/\/www.mendoza.gov.ar\/wp-content\/uploads\/sites\/5\/2024\/12\/COBERTURA-GOBIERNO-272.jpg\"><img loading=\"lazy\" width=\"700\" height=\"467\" src=\"https:\/\/www.mendoza.gov.ar\/wp-content\/uploads\/sites\/5\/2024\/12\/COBERTURA-GOBIERNO-272-700x467.jpg\" alt=\"\" data-id=\"448401\" data-full-url=\"https:\/\/www.mendoza.gov.ar\/wp-content\/uploads\/sites\/5\/2024\/12\/COBERTURA-GOBIERNO-272.jpg\" data-link=\"https:\/\/www.mendoza.gov.ar\/prensa\/?attachment_id=448401\" class=\"wp-image-448401 img-responsive center-block\" srcset=\"https:\/\/www.mendoza.gov.ar\/wp-content\/uploads\/sites\/5\/2024\/12\/COBERTURA-GOBIERNO-272-700x467.jpg 700w, https:\/\/www.mendoza.gov.ar\/wp-content\/uploads\/sites\/5\/2024\/12\/COBERTURA-GOBIERNO-272-250x167.jpg 250w, https:\/\/www.mendoza.gov.ar\/wp-content\/uploads\/sites\/5\/2024\/12\/COBERTURA-GOBIERNO-272-768x512.jpg 768w, https:\/\/www.mendoza.gov.ar\/wp-content\/uploads\/sites\/5\/2024\/12\/COBERTURA-GOBIERNO-272-1536x1024.jpg 1536w, https:\/\/www.mendoza.gov.ar\/wp-content\/uploads\/sites\/5\/2024\/12\/COBERTURA-GOBIERNO-272-2048x1365.jpg 2048w, https:\/\/www.mendoza.gov.ar\/wp-content\/uploads\/sites\/5\/2024\/12\/COBERTURA-GOBIERNO-272-120x80.jpg 120w\" sizes=\"(max-width: 700px) 100vw, 700px\"><\/a><\/figure><\/li><li class=\"blocks-gallery-item\"><figure><a href=\"https:\/\/www.mendoza.gov.ar\/wp-content\/uploads\/sites\/5\/2024\/12\/COBERTURA-GOBIERNO-288.jpg\"><img loading=\"lazy\" width=\"700\" height=\"467\" src=\"https:\/\/www.mendoza.gov.ar\/wp-content\/uploads\/sites\/5\/2024\/12\/COBERTURA-GOBIERNO-288-700x467.jpg\" alt=\"\" data-id=\"448402\" data-full-url=\"https:\/\/www.mendoza.gov.ar\/wp-content\/uploads\/sites\/5\/2024\/12\/COBERTURA-GOBIERNO-288.jpg\" data-link=\"https:\/\/www.mendoza.gov.ar\/prensa\/?attachment_id=448402\" class=\"wp-image-448402 img-responsive center-block\" srcset=\"https:\/\/www.mendoza.gov.ar\/wp-content\/uploads\/sites\/5\/2024\/12\/COBERTURA-GOBIERNO-288-700x467.jpg 700w, https:\/\/www.mendoza.gov.ar\/wp-content\/uploads\/sites\/5\/2024\/12\/COBERTURA-GOBIERNO-288-250x167.jpg 250w, https:\/\/www.mendoza.gov.ar\/wp-content\/uploads\/sites\/5\/2024\/12\/COBERTURA-GOBIERNO-288-768x512.jpg 768w, https:\/\/www.mendoza.gov.ar\/wp-content\/uploads\/sites\/5\/2024\/12\/COBERTURA-GOBIERNO-288-1536x1024.jpg 1536w, https:\/\/www.mendoza.gov.ar\/wp-content\/uploads\/sites\/5\/2024\/12\/COBERTURA-GOBIERNO-288-2048x1365.jpg 2048w, https:\/\/www.mendoza.gov.ar\/wp-content\/uploads\/sites\/5\/2024\/12\/COBERTURA-GOBIERNO-288-120x80.jpg 120w\" sizes=\"(max-width: 700px) 100vw, 700px\"><\/a><\/figure><\/li><li class=\"blocks-gallery-item\"><figure><a href=\"https:\/\/www.mendoza.gov.ar\/wp-content\/uploads\/sites\/5\/2024\/12\/COBERTURA-GOBIERNO-282.jpg\"><img loading=\"lazy\" width=\"700\" height=\"467\" src=\"https:\/\/www.mendoza.gov.ar\/wp-content\/uploads\/sites\/5\/2024\/12\/COBERTURA-GOBIERNO-282-700x467.jpg\" alt=\"\" data-id=\"448403\" data-full-url=\"https:\/\/www.mendoza.gov.ar\/wp-content\/uploads\/sites\/5\/2024\/12\/COBERTURA-GOBIERNO-282.jpg\" data-link=\"https:\/\/www.mendoza.gov.ar\/prensa\/?attachment_id=448403\" class=\"wp-image-448403 img-responsive center-block\" srcset=\"https:\/\/www.mendoza.gov.ar\/wp-content\/uploads\/sites\/5\/2024\/12\/COBERTURA-GOBIERNO-282-700x467.jpg 700w, https:\/\/www.mendoza.gov.ar\/wp-content\/uploads\/sites\/5\/2024\/12\/COBERTURA-GOBIERNO-282-250x167.jpg 250w, https:\/\/www.mendoza.gov.ar\/wp-content\/uploads\/sites\/5\/2024\/12\/COBERTURA-GOBIERNO-282-768x512.jpg 768w, https:\/\/www.mendoza.gov.ar\/wp-content\/uploads\/sites\/5\/2024\/12\/COBERTURA-GOBIERNO-282-1536x1024.jpg 1536w, https:\/\/www.mendoza.gov.ar\/wp-content\/uploads\/sites\/5\/2024\/12\/COBERTURA-GOBIERNO-282-2048x1365.jpg 2048w, https:\/\/www.mendoza.gov.ar\/wp-content\/uploads\/sites\/5\/2024\/12\/COBERTURA-GOBIERNO-282-120x80.jpg 120w\" sizes=\"(max-width: 700px) 100vw, 700px\"><\/a><\/figure><\/li><li class=\"blocks-gallery-item\"><figure><a href=\"https:\/\/www.mendoza.gov.ar\/wp-content\/uploads\/sites\/5\/2024\/12\/COBERTURA-GOBIERNO-300.jpg\"><img loading=\"lazy\" width=\"700\" height=\"467\" src=\"https:\/\/www.mendoza.gov.ar\/wp-content\/uploads\/sites\/5\/2024\/12\/COBERTURA-GOBIERNO-300-700x467.jpg\" alt=\"\" data-id=\"448404\" data-full-url=\"https:\/\/www.mendoza.gov.ar\/wp-content\/uploads\/sites\/5\/2024\/12\/COBERTURA-GOBIERNO-300.jpg\" data-link=\"https:\/\/www.mendoza.gov.ar\/prensa\/?attachment_id=448404\" class=\"wp-image-448404 img-responsive center-block\" srcset=\"https:\/\/www.mendoza.gov.ar\/wp-content\/uploads\/sites\/5\/2024\/12\/COBERTURA-GOBIERNO-300-700x467.jpg 700w, https:\/\/www.mendoza.gov.ar\/wp-content\/uploads\/sites\/5\/2024\/12\/COBERTURA-GOBIERNO-300-250x167.jpg 250w, https:\/\/www.mendoza.gov.ar\/wp-content\/uploads\/sites\/5\/2024\/12\/COBERTURA-GOBIERNO-300-768x512.jpg 768w, https:\/\/www.mendoza.gov.ar\/wp-content\/uploads\/sites\/5\/2024\/12\/COBERTURA-GOBIERNO-300-1536x1024.jpg 1536w, https:\/\/www.mendoza.gov.ar\/wp-content\/uploads\/sites\/5\/2024\/12\/COBERTURA-GOBIERNO-300-2048x1365.jpg 2048w, https:\/\/www.mendoza.gov.ar\/wp-content\/uploads\/sites\/5\/2024\/12\/COBERTURA-GOBIERNO-300-120x80.jpg 120w\" sizes=\"(max-width: 700px) 100vw, 700px\"><\/a><\/figure><\/li><li class=\"blocks-gallery-item\"><figure><a href=\"https:\/\/www.mendoza.gov.ar\/wp-content\/uploads\/sites\/5\/2024\/12\/COBERTURA-GOBIERNO-337.jpg\"><img loading=\"lazy\" width=\"700\" height=\"467\" src=\"https:\/\/www.mendoza.gov.ar\/wp-content\/uploads\/sites\/5\/2024\/12\/COBERTURA-GOBIERNO-337-700x467.jpg\" alt=\"\" data-id=\"448405\" data-full-url=\"https:\/\/www.mendoza.gov.ar\/wp-content\/uploads\/sites\/5\/2024\/12\/COBERTURA-GOBIERNO-337.jpg\" data-link=\"https:\/\/www.mendoza.gov.ar\/prensa\/?attachment_id=448405\" class=\"wp-image-448405 img-responsive center-block\" srcset=\"https:\/\/www.mendoza.gov.ar\/wp-content\/uploads\/sites\/5\/2024\/12\/COBERTURA-GOBIERNO-337-700x467.jpg 700w, https:\/\/www.mendoza.gov.ar\/wp-content\/uploads\/sites\/5\/2024\/12\/COBERTURA-GOBIERNO-337-250x167.jpg 250w, https:\/\/www.mendoza.gov.ar\/wp-content\/uploads\/sites\/5\/2024\/12\/COBERTURA-GOBIERNO-337-768x512.jpg 768w, https:\/\/www.mendoza.gov.ar\/wp-content\/uploads\/sites\/5\/2024\/12\/COBERTURA-GOBIERNO-337-1536x1024.jpg 1536w, https:\/\/www.mendoza.gov.ar\/wp-content\/uploads\/sites\/5\/2024\/12\/COBERTURA-GOBIERNO-337-2048x1365.jpg 2048w, https:\/\/www.mendoza.gov.ar\/wp-content\/uploads\/sites\/5\/2024\/12\/COBERTURA-GOBIERNO-337-120x80.jpg 120w\" sizes=\"(max-width: 700px) 100vw, 700px\"><\/a><\/figure><\/li><li class=\"blocks-gallery-item\"><figure><a href=\"https:\/\/www.mendoza.gov.ar\/wp-content\/uploads\/sites\/5\/2024\/12\/COBERTURA-GOBIERNO-395.jpg\"><img loading=\"lazy\" width=\"700\" height=\"467\" src=\"https:\/\/www.mendoza.gov.ar\/wp-content\/uploads\/sites\/5\/2024\/12\/COBERTURA-GOBIERNO-395-700x467.jpg\" alt=\"\" data-id=\"448406\" data-full-url=\"https:\/\/www.mendoza.gov.ar\/wp-content\/uploads\/sites\/5\/2024\/12\/COBERTURA-GOBIERNO-395.jpg\" data-link=\"https:\/\/www.mendoza.gov.ar\/prensa\/?attachment_id=448406\" class=\"wp-image-448406 img-responsive center-block\" srcset=\"https:\/\/www.mendoza.gov.ar\/wp-content\/uploads\/sites\/5\/2024\/12\/COBERTURA-GOBIERNO-395-700x467.jpg 700w, https:\/\/www.mendoza.gov.ar\/wp-content\/uploads\/sites\/5\/2024\/12\/COBERTURA-GOBIERNO-395-250x167.jpg 250w, https:\/\/www.mendoza.gov.ar\/wp-content\/uploads\/sites\/5\/2024\/12\/COBERTURA-GOBIERNO-395-768x512.jpg 768w, https:\/\/www.mendoza.gov.ar\/wp-content\/uploads\/sites\/5\/2024\/12\/COBERTURA-GOBIERNO-395-1536x1024.jpg 1536w, https:\/\/www.mendoza.gov.ar\/wp-content\/uploads\/sites\/5\/2024\/12\/COBERTURA-GOBIERNO-395-2048x1365.jpg 2048w, https:\/\/www.mendoza.gov.ar\/wp-content\/uploads\/sites\/5\/2024\/12\/COBERTURA-GOBIERNO-395-120x80.jpg 120w\" sizes=\"(max-width: 700px) 100vw, 700px\"><\/a><\/figure><\/li><\/ul><\/figure>\n<\/body><\/html>\n","protected":false},"excerpt":{"rendered":"Durante el acto, se reafirm&oacute; el compromiso del Gobierno provincial con el desarrollo del deporte, destacando el apoyo econ&oacute;mico para cubrir costos de indumentaria y log&iacute;stica. Este respaldo busca fortalecer el talento local y posicionar a Mendoza como referente en competencias nacionales. Acompa&ntilde;ado por la vicegobernadora, Hebe Casado, y autoridades provinciales, el subsecretario de Deportes&#8230; <a class=\"view-article\" href=\"https:\/\/www.mendoza.gov.ar\/prensa\/en-san-rafael-el-gobierno-de-mendoza-acompana-al-s-r-club-en-la-presentacion-de-su-plantel-para-la-liga-nacional-federal-de-voley-2025\/\"><\/a>","protected":false},"author":68,"featured_media":448400,"comment_status":"open","ping_status":"open","sticky":false,"template":"","format":"standard","meta":[],"categories":[10,32],"tags":[],"_links":{"self":[{"href":"https:\/\/www.mendoza.gov.ar\/prensa\/wp-json\/wp\/v2\/posts\/448395"}],"collection":[{"href":"https:\/\/www.mendoza.gov.ar\/prensa\/wp-json\/wp\/v2\/posts"}],"about":[{"href":"https:\/\/www.mendoza.gov.ar\/prensa\/wp-json\/wp\/v2\/types\/post"}],"author":[{"embeddable":true,"href":"https:\/\/www.mendoza.gov.ar\/prensa\/wp-json\/wp\/v2\/users\/68"}],"replies":[{"embeddable":true,"href":"https:\/\/www.mendoza.gov.ar\/prensa\/wp-json\/wp\/v2\/comments?post=448395"}],"version-history":[{"count":8,"href":"https:\/\/www.mendoza.gov.ar\/prensa\/wp-json\/wp\/v2\/posts\/448395\/revisions"}],"predecessor-version":[{"id":448423,"href":"https:\/\/www.mendoza.gov.ar\/prensa\/wp-json\/wp\/v2\/posts\/448395\/revisions\/448423"}],"wp:featuredmedia":[{"embeddable":true,"href":"https:\/\/www.mendoza.gov.ar\/prensa\/wp-json\/wp\/v2\/media\/448400"}],"wp:attachment":[{"href":"https:\/\/www.mendoza.gov.ar\/prensa\/wp-json\/wp\/v2\/media?parent=448395"}],"wp:term":[{"taxonomy":"category","embeddable":true,"href":"https:\/\/www.mendoza.gov.ar\/prensa\/wp-json\/wp\/v2\/categories?post=448395"},{"taxonomy":"post_tag","embeddable":true,"href":"https:\/\/www.mendoza.gov.ar\/prensa\/wp-json\/wp\/v2\/tags?post=448395"}],"curies":[{"name":"wp","href":"https:\/\/api.w.org\/{rel}","templated":true}]}}