{"id":44849,"date":"2015-12-29T13:17:33","date_gmt":"2015-12-29T16:17:33","guid":{"rendered":"http:\/\/prensa.mendoza.gov.ar\/?p=44849"},"modified":"2015-12-29T13:17:33","modified_gmt":"2015-12-29T16:17:33","slug":"murio-otra-llama-que-estaba-descompensada-en-el-zoo","status":"publish","type":"post","link":"https:\/\/www.mendoza.gov.ar\/prensa\/murio-otra-llama-que-estaba-descompensada-en-el-zoo\/","title":{"rendered":"Muri\u00f3 otra llama que estaba descompensada en el Zoo"},"content":{"rendered":"<!DOCTYPE html PUBLIC \"-\/\/W3C\/\/DTD HTML 4.0 Transitional\/\/EN\" \"http:\/\/www.w3.org\/TR\/REC-html40\/loose.dtd\">\n<html><body><p>La Direcci&oacute;n del Zoo, en coordinaci&oacute;n con la Secretar&iacute;a de Ambiente y Ordenamiento Territorial, confirm&oacute; este mediod&iacute;a la muerte de otra llama, con lo que ya son 11 los animales fallecidos (3 llamas y 8 ciervos de diferentes especies) en el lapso de una semana. Este animal fue encontrado descompensado a primeras horas del lunes por personal del Zool&oacute;gico.<\/p>\n<p>De forma inmediata esta llama fue asistida por personal veterinario quienes informaron anoche que se encontraba estable. Pero esta ma&ntilde;ana el animal tuvo una reca&iacute;da en su estado de salud y finalmente falleci&oacute; este mediod&iacute;a.<\/p>\n<p>Las autoridades contin&uacute;an a la espera de los resultados de los an&aacute;lisis complementarios y espec&iacute;ficos, ya que a&uacute;n se encuentran en los plazos establecidos, para llevar a cabo una investigaci&oacute;n exhaustiva de las causas de la muerte de los animales y como medida de prevenci&oacute;n seg&uacute;n lo contempla el protocolo de emergencia.<\/p>\n<p>En cuanto a la seguridad, se orden&oacute; el aumento de vigilancia nocturna con refuerzos de personal policial, el incremento de las frecuencias de vigilancia del personal de seguridad, especialmente en los sectores afectados.<\/p>\n<p>El paseo continuar&aacute; con sus puertas cerradas y con la prohibici&oacute;n de acceso a toda persona ajena a las actividades que se est&aacute;n desarrollando, hasta el d&iacute;a viernes 1 de enero, con el fin de no entorpecer la investigaci&oacute;n. De esta manera el Zoo de Mendoza reabrir&aacute; sus puertas al p&uacute;blico el d&iacute;a s&aacute;bado 2 de enero.<\/p>\n<\/body><\/html>\n","protected":false},"excerpt":{"rendered":"El animal se hab\u00eda descompensado ayer por la ma\u00f1ana y este mediod\u00eda falleci\u00f3. El Zool\u00f3gico permanecer\u00e1 cerrado hasta el viernes  y reabrir\u00e1 sus puertas al p\u00fablico el s\u00e1bado. ","protected":false},"author":3,"featured_media":44754,"comment_status":"open","ping_status":"open","sticky":false,"template":"","format":"standard","meta":[],"categories":[3],"tags":[],"_links":{"self":[{"href":"https:\/\/www.mendoza.gov.ar\/prensa\/wp-json\/wp\/v2\/posts\/44849"}],"collection":[{"href":"https:\/\/www.mendoza.gov.ar\/prensa\/wp-json\/wp\/v2\/posts"}],"about":[{"href":"https:\/\/www.mendoza.gov.ar\/prensa\/wp-json\/wp\/v2\/types\/post"}],"author":[{"embeddable":true,"href":"https:\/\/www.mendoza.gov.ar\/prensa\/wp-json\/wp\/v2\/users\/3"}],"replies":[{"embeddable":true,"href":"https:\/\/www.mendoza.gov.ar\/prensa\/wp-json\/wp\/v2\/comments?post=44849"}],"version-history":[{"count":0,"href":"https:\/\/www.mendoza.gov.ar\/prensa\/wp-json\/wp\/v2\/posts\/44849\/revisions"}],"wp:featuredmedia":[{"embeddable":true,"href":"https:\/\/www.mendoza.gov.ar\/prensa\/wp-json\/wp\/v2\/media\/44754"}],"wp:attachment":[{"href":"https:\/\/www.mendoza.gov.ar\/prensa\/wp-json\/wp\/v2\/media?parent=44849"}],"wp:term":[{"taxonomy":"category","embeddable":true,"href":"https:\/\/www.mendoza.gov.ar\/prensa\/wp-json\/wp\/v2\/categories?post=44849"},{"taxonomy":"post_tag","embeddable":true,"href":"https:\/\/www.mendoza.gov.ar\/prensa\/wp-json\/wp\/v2\/tags?post=44849"}],"curies":[{"name":"wp","href":"https:\/\/api.w.org\/{rel}","templated":true}]}}