{"id":44854,"date":"2015-12-29T14:05:41","date_gmt":"2015-12-29T17:05:41","guid":{"rendered":"http:\/\/prensa.mendoza.gov.ar\/?p=44854"},"modified":"2015-12-29T14:05:41","modified_gmt":"2015-12-29T17:05:41","slug":"solicitan-uso-responsable-del-agua","status":"publish","type":"post","link":"https:\/\/www.mendoza.gov.ar\/prensa\/solicitan-uso-responsable-del-agua\/","title":{"rendered":"Solicitan uso responsable del agua"},"content":{"rendered":"<!DOCTYPE html PUBLIC \"-\/\/W3C\/\/DTD HTML 4.0 Transitional\/\/EN\" \"http:\/\/www.w3.org\/TR\/REC-html40\/loose.dtd\">\n<html><body><p>Tanto desde la cartera de de Econom&iacute;a, Infraestructura y Energ&iacute;a, como desde Irrigaci&oacute;n informaron que, durante la madrugada de hoy, se realizaron nuevamente maniobras de apertura de compuertas en el Dique Potrerillos (ajenas a Aysam), debido a que las operaciones realizadas el lunes no pudieron eliminar la totalidad de los sedimentos.<\/p>\n<p>Por esta raz&oacute;n, y teniendo en cuenta la elevada temperatura pronosticada para hoy y tambi&eacute;n el alto consumo del recurso que se est&aacute; registrando, se solicita a la poblaci&oacute;n hacer un uso sumamente responsable del agua potable durante las pr&oacute;ximas horas.<\/p>\n<p>Las zonas que pueden verse afectadas en la turbiedad del agua son: el Barrio La Favorita, Quinta y Sexta Secci&oacute;n de Ciudad; Alto Dorrego y Las Ca&ntilde;as de Guaymall&eacute;n; Barrios Cementista I y II, Zona Centro y Norte de Las Heras y en Godoy Cruz: Las Tortugas.<\/p>\n<p><strong>Luj&aacute;n de Cuyo<\/strong><\/p>\n<p>Por otro lado, la Comuna&nbsp;de Luj&aacute;n de Cuyo la cual es&nbsp;operadora municipal del servicio sanitario,<b>&nbsp;<\/b>inform&oacute; que debido a la emergencia h&iacute;drica que existe en la provincia, se solicita a los vecinos del departamento un uso responsable y solidario del agua.<\/p>\n<p>Se recuerda que durante los 365 d&iacute;as del a&ntilde;o, las 24 horas, est&aacute; prohibido el uso de mangueras en los domicilios y en la v&iacute;a p&uacute;blica. S&iacute; est&aacute; permitido el uso de balde para riego, de 8 a 22h, y el lavado de autos s&oacute;lo con balde, de 22 a 8h.<\/p>\n<p>El objetivo es que la comunidad evite multas que van de 100 a 10.000 unidades tributarias.<\/p>\n<p><a href=\"https:\/\/www.mendoza.gov.ar\/prensa\/wp-content\/uploads\/sites\/23\/image004.jpg\"><img loading=\"lazy\" class=\"alignnone wp-image-44855 img-responsive center-block\" src=\"https:\/\/www.mendoza.gov.ar\/prensa\/wp-content\/uploads\/sites\/23\/image004.jpg\" alt=\"image004\" width=\"650\" height=\"837\"><\/a><\/p>\n<\/body><\/html>\n","protected":false},"excerpt":{"rendered":"Los trabajos efectuados por el Departamento General Irrigaci\u00f3n junto al Ministerio de Econom\u00eda, Infraestructura y Energ\u00eda, registraron un aumento en el nivel de turbiedad en el agua que ingresa a los Establecimientos Potabilizadores del Gran Mendoza (proveniente del R\u00edo Mendoza), que afecta directamente el proceso de potabilizaci\u00f3n, disminuyendo la velocidad de producci\u00f3n.","protected":false},"author":3,"featured_media":43994,"comment_status":"open","ping_status":"open","sticky":false,"template":"","format":"standard","meta":[],"categories":[1],"tags":[],"_links":{"self":[{"href":"https:\/\/www.mendoza.gov.ar\/prensa\/wp-json\/wp\/v2\/posts\/44854"}],"collection":[{"href":"https:\/\/www.mendoza.gov.ar\/prensa\/wp-json\/wp\/v2\/posts"}],"about":[{"href":"https:\/\/www.mendoza.gov.ar\/prensa\/wp-json\/wp\/v2\/types\/post"}],"author":[{"embeddable":true,"href":"https:\/\/www.mendoza.gov.ar\/prensa\/wp-json\/wp\/v2\/users\/3"}],"replies":[{"embeddable":true,"href":"https:\/\/www.mendoza.gov.ar\/prensa\/wp-json\/wp\/v2\/comments?post=44854"}],"version-history":[{"count":0,"href":"https:\/\/www.mendoza.gov.ar\/prensa\/wp-json\/wp\/v2\/posts\/44854\/revisions"}],"wp:featuredmedia":[{"embeddable":true,"href":"https:\/\/www.mendoza.gov.ar\/prensa\/wp-json\/wp\/v2\/media\/43994"}],"wp:attachment":[{"href":"https:\/\/www.mendoza.gov.ar\/prensa\/wp-json\/wp\/v2\/media?parent=44854"}],"wp:term":[{"taxonomy":"category","embeddable":true,"href":"https:\/\/www.mendoza.gov.ar\/prensa\/wp-json\/wp\/v2\/categories?post=44854"},{"taxonomy":"post_tag","embeddable":true,"href":"https:\/\/www.mendoza.gov.ar\/prensa\/wp-json\/wp\/v2\/tags?post=44854"}],"curies":[{"name":"wp","href":"https:\/\/api.w.org\/{rel}","templated":true}]}}