{"id":449298,"date":"2024-12-30T10:02:28","date_gmt":"2024-12-30T13:02:28","guid":{"rendered":"https:\/\/www.mendoza.gov.ar\/prensa\/?p=449298"},"modified":"2024-12-30T10:13:43","modified_gmt":"2024-12-30T13:13:43","slug":"suspension-de-la-audiencia-publica-malargue-distrito-minero-occidental-2","status":"publish","type":"post","link":"https:\/\/www.mendoza.gov.ar\/prensa\/suspension-de-la-audiencia-publica-malargue-distrito-minero-occidental-2\/","title":{"rendered":"Suspensi\u00f3n de la Audiencia P\u00fablica de Malarg\u00fce Distrito Minero Occidental 2"},"content":{"rendered":"<!DOCTYPE html PUBLIC \"-\/\/W3C\/\/DTD HTML 4.0 Transitional\/\/EN\" \"http:\/\/www.w3.org\/TR\/REC-html40\/loose.dtd\">\n<html><body><h5>La medida de la Direcci&oacute;n de Miner&iacute;a y la Direcci&oacute;n de Protecci&oacute;n Ambiental responde a la necesidad de garantizar un an&aacute;lisis exhaustivo de la documentaci&oacute;n presentada por el proponente, incluyendo una respuesta al informe emitido por la Facultad de Ciencias Aplicadas a la Industria (FCAI).<\/h5>\n\n\n\n<p>El Ministerio de Energ&iacute;a y Ambiente dispuso la suspensi&oacute;n de la Audiencia P&uacute;blica prevista para el 8 de febrero de 2025, correspondiente al Proyecto &ldquo;El Destino y otras&rdquo;, denominado por el proponente de Malarg&uuml;e Distrito Minero Occidental 2.<\/p>\n\n\n\n<p>La medida, adoptada conjuntamente por la Direcci&oacute;n de Miner&iacute;a y la Direcci&oacute;n de Protecci&oacute;n Ambiental, responde a la necesidad de garantizar un an&aacute;lisis exhaustivo de la documentaci&oacute;n presentada por el proponente, incluyendo una respuesta detallada al informe emitido por la Facultad de Ciencias Aplicadas a la Industria (FCAI).<\/p>\n\n\n\n<p>&ldquo;En el marco de la respuesta de Facultad de Ciencias Aplicadas a la Industria (FCAI), que necesita interpretar alguna informaci&oacute;n que ha solicitado en base al informe t&eacute;cnico, es que se ha notificado al proponente Impulsa Mendoza para que complete esta informaci&oacute;n&rdquo;, explic&oacute; el director de Miner&iacute;a, Jer&oacute;nimo Shantal.<\/p>\n\n\n\n<p>&ldquo;En base a esa notificaci&oacute;n, el proponente solicit&oacute; tiempo para elaborar la respuesta de manera satisfactoria. Por ende, la Autoridad Ambiental Minera ha suspendido la audiencia p&uacute;blica que hab&iacute;a sido originalmente fijada para el 8 de febrero. La fecha de la nueva audiencia p&uacute;blica se establecer&aacute; en breve en cuanto se tengan las respuestas y la Autoridad Ambiental Minera pueda determinar el tiempo razonable para que la comunidad pueda leer toda la informaci&oacute;n que se est&aacute; sumando al expediente del proyecto Malarg&uuml;e Distrito Minero Occidental 2.<\/p>\n\n\n\n<p>&ldquo;Teniendo en cuenta el ingreso y la incorporaci&oacute;n de nueva informaci&oacute;n por parte de Impulsa Mendoza, decidimos como Autoridad Ambiental Minera suspender la audiencia p&uacute;blica del proyecto MDMO2 estipulada para el 8 de febrero. Esta medida es parte de nuestra pol&iacute;tica de gobierno y gesti&oacute;n, con transparencia en todos nuestros procesos. Estamos convencidos de que la ciudadan&iacute;a debe conocer el detalle de todo el proyecto antes de elevarlo a su audiencia p&uacute;blica y as&iacute; poder tener una participaci&oacute;n m&aacute;s cr&iacute;tica y activa&rdquo;, afirm&oacute; el director de Protecci&oacute;n Ambiental, Leonardo Fern&aacute;ndez.<\/p>\n\n\n\n<p>De hecho, la medida se enmarca en el cumplimiento de las normativas ambientales vigentes que promueven la transparencia, la participaci&oacute;n ciudadana y el acceso a la informaci&oacute;n ambiental en los procesos de evaluaci&oacute;n de impacto ambiental.<\/p>\n\n\n\n<p>El objetivo principal de esta suspensi&oacute;n es asegurar que la ciudadan&iacute;a cuente con toda la informaci&oacute;n necesaria de manera oportuna y adecuada antes de participar en la Audiencia P&uacute;blica.<\/p>\n\n\n\n<p>De esta forma, se busca garantizar una evaluaci&oacute;n ambiental m&aacute;s rigurosa, promoviendo la participaci&oacute;n activa y bien informada de la comunidad en las decisiones que impactan en su entorno.<\/p>\n\n\n\n<p><strong>Pr&oacute;ximos pasos<\/strong><br><br>&bull; La Autoridad Ambiental Minera comunicar&aacute; oportunamente la nueva fecha para la realizaci&oacute;n de la Audiencia P&uacute;blica.<br>&bull; Se continuar&aacute; trabajando para cumplir con los principios de publicidad, transparencia y concurrencia establecidos por la normativa.<\/p>\n\n\n\n<p><strong>Los informes con datos abiertos<\/strong><\/p>\n\n\n\n<p>&bull; Malarg&uuml;e Distrito Minero Occidental 2 contar&aacute; con el dictamen t&eacute;cnico de la Facultad de Ciencias Aplicadas a la Industria de la Universidad Nacional de Cuyo e informes sectoriales de los organismos que se detallan a continuaci&oacute;n y que ser&aacute;n incorporados y subidos a la p&aacute;gina en la previa de la nueva fecha de audiencia p&uacute;blica para que cualquier ciudadano pueda consultarlos.<br><br>&bull; Municipalidad de Malarg&uuml;e.<\/p>\n\n\n\n<ul><li>Departamento General de Irrigaci&oacute;n.<\/li><li>Direcci&oacute;n de &Aacute;reas Protegidas.<\/li><li>Direcci&oacute;n de Hidr&aacute;ulica.<\/li><li>Direcci&oacute;n de Patrimonio Cultural y Museos.<\/li><li>Direcci&oacute;n de Transici&oacute;n Energ&eacute;tica.<\/li><li>Direcci&oacute;n de Ganader&iacute;a.<\/li><li>Direcci&oacute;n de Biodiversidad y Ecoparque.<\/li><li>Instituto Nacional de Asuntos Ind&iacute;genas (INAI).<\/li><li>Instituto Argentino de Nivolog&iacute;a, Glaciolog&iacute;a y Ciencias Ambientales (Ianigla).<\/li><li>Direcci&oacute;n de Planificaci&oacute;n de la Subsecretar&iacute;a de Infraestructura y Desarrollo Territorial.<\/li><li>Direcci&oacute;n de Bienes Registrables del Estado.<\/li><li>Direcci&oacute;n de Hidrocarburos.<\/li><li>Instituto Argentino de Investigaciones de Zonas &Aacute;ridas (Iadiza).<\/li><\/ul>\n\n\n\n<figure class=\"wp-block-gallery columns-1\"><ul class=\"blocks-gallery-grid\"><li class=\"blocks-gallery-item\"><figure><a href=\"https:\/\/www.mendoza.gov.ar\/wp-content\/uploads\/sites\/5\/2023\/08\/Mina-Hierro-Indio-Mendoza-Malargue-Mineria-1.jpg\"><img loading=\"lazy\" width=\"700\" height=\"394\" src=\"https:\/\/www.mendoza.gov.ar\/wp-content\/uploads\/sites\/5\/2023\/08\/Mina-Hierro-Indio-Mendoza-Malargue-Mineria-1-700x394.jpg\" alt=\"\" data-id=\"369372\" data-full-url=\"https:\/\/www.mendoza.gov.ar\/wp-content\/uploads\/sites\/5\/2023\/08\/Mina-Hierro-Indio-Mendoza-Malargue-Mineria-1.jpg\" data-link=\"https:\/\/www.mendoza.gov.ar\/prensa\/mendoza-organiza-un-foro-de-mineria-sustentable-que-reunira-a-todas-las-provincias\/mina-hierro-indio-mendoza-malargue-mineria-1\/\" class=\"wp-image-369372 img-responsive center-block\" srcset=\"https:\/\/www.mendoza.gov.ar\/wp-content\/uploads\/sites\/5\/2023\/08\/Mina-Hierro-Indio-Mendoza-Malargue-Mineria-1-700x394.jpg 700w, https:\/\/www.mendoza.gov.ar\/wp-content\/uploads\/sites\/5\/2023\/08\/Mina-Hierro-Indio-Mendoza-Malargue-Mineria-1-250x141.jpg 250w, https:\/\/www.mendoza.gov.ar\/wp-content\/uploads\/sites\/5\/2023\/08\/Mina-Hierro-Indio-Mendoza-Malargue-Mineria-1-768x432.jpg 768w, https:\/\/www.mendoza.gov.ar\/wp-content\/uploads\/sites\/5\/2023\/08\/Mina-Hierro-Indio-Mendoza-Malargue-Mineria-1-120x68.jpg 120w, https:\/\/www.mendoza.gov.ar\/wp-content\/uploads\/sites\/5\/2023\/08\/Mina-Hierro-Indio-Mendoza-Malargue-Mineria-1.jpg 1280w\" sizes=\"(max-width: 700px) 100vw, 700px\"><\/a><\/figure><\/li><\/ul><\/figure>\n<\/body><\/html>\n","protected":false},"excerpt":{"rendered":"La medida de la Direcci&oacute;n de Miner&iacute;a y la Direcci&oacute;n de Protecci&oacute;n Ambiental responde a la necesidad de garantizar un an&aacute;lisis exhaustivo de la documentaci&oacute;n presentada por el proponente, incluyendo una respuesta al informe emitido por la Facultad de Ciencias Aplicadas a la Industria (FCAI). El Ministerio de Energ&iacute;a y Ambiente dispuso la suspensi&oacute;n de&#8230; <a class=\"view-article\" href=\"https:\/\/www.mendoza.gov.ar\/prensa\/suspension-de-la-audiencia-publica-malargue-distrito-minero-occidental-2\/\"><\/a>","protected":false},"author":62,"featured_media":369372,"comment_status":"open","ping_status":"open","sticky":false,"template":"","format":"standard","meta":[],"categories":[3,3038,3060,3042],"tags":[],"_links":{"self":[{"href":"https:\/\/www.mendoza.gov.ar\/prensa\/wp-json\/wp\/v2\/posts\/449298"}],"collection":[{"href":"https:\/\/www.mendoza.gov.ar\/prensa\/wp-json\/wp\/v2\/posts"}],"about":[{"href":"https:\/\/www.mendoza.gov.ar\/prensa\/wp-json\/wp\/v2\/types\/post"}],"author":[{"embeddable":true,"href":"https:\/\/www.mendoza.gov.ar\/prensa\/wp-json\/wp\/v2\/users\/62"}],"replies":[{"embeddable":true,"href":"https:\/\/www.mendoza.gov.ar\/prensa\/wp-json\/wp\/v2\/comments?post=449298"}],"version-history":[{"count":10,"href":"https:\/\/www.mendoza.gov.ar\/prensa\/wp-json\/wp\/v2\/posts\/449298\/revisions"}],"predecessor-version":[{"id":449315,"href":"https:\/\/www.mendoza.gov.ar\/prensa\/wp-json\/wp\/v2\/posts\/449298\/revisions\/449315"}],"wp:featuredmedia":[{"embeddable":true,"href":"https:\/\/www.mendoza.gov.ar\/prensa\/wp-json\/wp\/v2\/media\/369372"}],"wp:attachment":[{"href":"https:\/\/www.mendoza.gov.ar\/prensa\/wp-json\/wp\/v2\/media?parent=449298"}],"wp:term":[{"taxonomy":"category","embeddable":true,"href":"https:\/\/www.mendoza.gov.ar\/prensa\/wp-json\/wp\/v2\/categories?post=449298"},{"taxonomy":"post_tag","embeddable":true,"href":"https:\/\/www.mendoza.gov.ar\/prensa\/wp-json\/wp\/v2\/tags?post=449298"}],"curies":[{"name":"wp","href":"https:\/\/api.w.org\/{rel}","templated":true}]}}