{"id":449524,"date":"2024-12-31T14:19:34","date_gmt":"2024-12-31T17:19:34","guid":{"rendered":"https:\/\/www.mendoza.gov.ar\/prensa\/?p=449524"},"modified":"2025-01-02T09:37:17","modified_gmt":"2025-01-02T12:37:17","slug":"proteccion-ambiental-acepto-el-plan-de-remediacion-de-pasivos-ambientales-de-lulunta-luego-de-la-intimacion-a-ypf","status":"publish","type":"post","link":"https:\/\/www.mendoza.gov.ar\/prensa\/proteccion-ambiental-acepto-el-plan-de-remediacion-de-pasivos-ambientales-de-lulunta-luego-de-la-intimacion-a-ypf\/","title":{"rendered":"Protecci\u00f3n Ambiental acept\u00f3 el plan de remediaci\u00f3n de pasivos ambientales de Lulunta luego de la intimaci\u00f3n a YPF"},"content":{"rendered":"<!DOCTYPE html PUBLIC \"-\/\/W3C\/\/DTD HTML 4.0 Transitional\/\/EN\" \"http:\/\/www.w3.org\/TR\/REC-html40\/loose.dtd\">\n<html><body><p><strong>El 18 de este mes se intim&oacute; a la empresa a presentar un plan de trabajo de remediaci&oacute;n &ldquo;improrrogable&rdquo; en el t&eacute;rmino de 5 d&iacute;as. YPF present&oacute; un plan que incluye auditor&iacute;as del CRICYT y sistemas de extracci&oacute;n del pasivo que no afecten la flora y la fauna.<\/strong><\/p>\n\n\n\n<p>Luego de intimar a YPF a presentar un minucioso plan de remediaci&oacute;n de pasivos ambientales &ldquo;improrrogable&rdquo;, la empresa present&oacute; los pasos a seguir y la Direcci&oacute;n de Protecci&oacute;n Ambiental (DPA) del Ministerio de Energ&iacute;a y Ambiente le dio curso. Se trata de los pasivos correspondientes a la &ldquo;Zona Sur ECP-54, margen Sur camino comunero&rdquo;, en la zona de Lulunta.<\/p>\n\n\n\n<p>Entre las condiciones de la resoluci&oacute;n se ordena que la documentaci&oacute;n presentada por YPF relacionada con la caracterizaci&oacute;n y el an&aacute;lisis cuantitativo de riesgos de la zona sea evaluada por la Fundaci&oacute;n CRICYT, que actuar&aacute; como Ente Auditor Externo. Ese organismo tambi&eacute;n supervisar&aacute; las tareas de remediaci&oacute;n de hidrocarburos y emitir&aacute; un informe de cierre una vez concluidas.<\/p>\n\n\n\n<p>A su vez, la empresa deber&aacute; cumplir estrictamente con las conclusiones y requerimientos detallados en el Informe T&eacute;cnico de la Direcci&oacute;n de Protecci&oacute;n Ambiental y actuar con m&aacute;xima celeridad.<\/p>\n\n\n\n<p>Durante el proceso, el Departamento General de Irrigaci&oacute;n se encargar&aacute; de autorizar y registrar cualquier actividad relacionada con el uso de aguas, vertidos, infraestructura h&iacute;drica o riesgos asociados en la zona de trabajo.<\/p>\n\n\n\n<p>La resoluci&oacute;n tambi&eacute;n dispone que las tareas de remediaci&oacute;n ambiental sean monitoreadas por los organismos competentes de la Subsecretar&iacute;a de Ambiente, en particular la Direcci&oacute;n de Protecci&oacute;n Ambiental y la Direcci&oacute;n de Hidr&aacute;ulica.<\/p>\n\n\n\n<p>La empresa deber&aacute; notificar a la Direcci&oacute;n de Protecci&oacute;n Ambiental con antelaci&oacute;n de 72 horas el inicio de las tareas de remediaci&oacute;n. Esto garantiza la supervisi&oacute;n adecuada y el cumplimiento de los objetivos establecidos.<\/p>\n\n\n\n<p>El plan tiene tres pasos e incluye excavadora, retropala, 4 camiones, cuadrilla, pileta de evacuaci&oacute;n, cami&oacute;n de vac&iacute;o y cami&oacute;n cisterna.<\/p>\n\n\n\n<p>&bull; Etapa de saneamiento: Se realiza mediante extracci&oacute;n mec&aacute;nica seg&uacute;n lo ordenado por la resoluci&oacute;n y el dictamen de la Fundaci&oacute;n CRICYT.<br>&bull; Primera etapa: Se est&aacute; construyendo un cierre perimetral con 60% de avance al 09\/12\/2024, pendiente de aprobaci&oacute;n por el Departamento General de Irrigaci&oacute;n para la colocaci&oacute;n de ca&ntilde;os de derivaci&oacute;n.<br>&bull; Segunda etapa: Se iniciar&aacute; tras completar la primera y una vez concluida, presentar&aacute; muestras de suelo a la DPA.<br>&bull; Tercera Etapa: Saneamiento mediante extracci&oacute;n mec&aacute;nica.<\/p>\n\n\n\n<p>Como indica la resoluci&oacute;n, los sitios donde se realizar&aacute;n las tareas deber&aacute;n quedar totalmente libres de pasivos ambientales y los que sean retirados deber&aacute;n ser tratados, y realizar su disposici&oacute;n final controlada.<\/p>\n\n\n\n<figure class=\"wp-block-gallery columns-2 is-cropped\"><ul class=\"blocks-gallery-grid\"><li class=\"blocks-gallery-item\"><figure><a href=\"https:\/\/www.mendoza.gov.ar\/wp-content\/uploads\/sites\/5\/2024\/12\/Imagen-de-WhatsApp-2024-12-31-a-las-14.02.20_8f7febe2.jpg\"><img src=\"https:\/\/www.mendoza.gov.ar\/wp-content\/uploads\/sites\/5\/2024\/12\/Imagen-de-WhatsApp-2024-12-31-a-las-14.02.20_8f7febe2.jpg\" alt=\"\" data-id=\"449526\" data-full-url=\"https:\/\/www.mendoza.gov.ar\/wp-content\/uploads\/sites\/5\/2024\/12\/Imagen-de-WhatsApp-2024-12-31-a-las-14.02.20_8f7febe2.jpg\" data-link=\"https:\/\/www.mendoza.gov.ar\/prensa\/?attachment_id=449526\" class=\"wp-image-449526 img-responsive center-block\"><\/a><\/figure><\/li><li class=\"blocks-gallery-item\"><figure><a href=\"https:\/\/www.mendoza.gov.ar\/wp-content\/uploads\/sites\/5\/2024\/12\/Imagen-de-WhatsApp-2024-12-31-a-las-14.02.19_b40f4181.jpg\"><img loading=\"lazy\" width=\"700\" height=\"315\" src=\"https:\/\/www.mendoza.gov.ar\/wp-content\/uploads\/sites\/5\/2024\/12\/Imagen-de-WhatsApp-2024-12-31-a-las-14.02.19_b40f4181-700x315.jpg\" alt=\"\" data-id=\"449527\" data-full-url=\"https:\/\/www.mendoza.gov.ar\/wp-content\/uploads\/sites\/5\/2024\/12\/Imagen-de-WhatsApp-2024-12-31-a-las-14.02.19_b40f4181.jpg\" data-link=\"https:\/\/www.mendoza.gov.ar\/prensa\/?attachment_id=449527\" class=\"wp-image-449527 img-responsive center-block\" srcset=\"https:\/\/www.mendoza.gov.ar\/wp-content\/uploads\/sites\/5\/2024\/12\/Imagen-de-WhatsApp-2024-12-31-a-las-14.02.19_b40f4181-700x315.jpg 700w, https:\/\/www.mendoza.gov.ar\/wp-content\/uploads\/sites\/5\/2024\/12\/Imagen-de-WhatsApp-2024-12-31-a-las-14.02.19_b40f4181-250x113.jpg 250w, https:\/\/www.mendoza.gov.ar\/wp-content\/uploads\/sites\/5\/2024\/12\/Imagen-de-WhatsApp-2024-12-31-a-las-14.02.19_b40f4181-768x346.jpg 768w, https:\/\/www.mendoza.gov.ar\/wp-content\/uploads\/sites\/5\/2024\/12\/Imagen-de-WhatsApp-2024-12-31-a-las-14.02.19_b40f4181-120x54.jpg 120w, https:\/\/www.mendoza.gov.ar\/wp-content\/uploads\/sites\/5\/2024\/12\/Imagen-de-WhatsApp-2024-12-31-a-las-14.02.19_b40f4181.jpg 1280w\" sizes=\"(max-width: 700px) 100vw, 700px\"><\/a><\/figure><\/li><\/ul><\/figure>\n<\/body><\/html>\n","protected":false},"excerpt":{"rendered":"El 18 de este mes se intim&oacute; a la empresa a presentar un plan de trabajo de remediaci&oacute;n &ldquo;improrrogable&rdquo; en el t&eacute;rmino de 5 d&iacute;as. YPF present&oacute; un plan que incluye auditor&iacute;as del CRICYT y sistemas de extracci&oacute;n del pasivo que no afecten la flora y la fauna. Luego de intimar a YPF a presentar&#8230; <a class=\"view-article\" href=\"https:\/\/www.mendoza.gov.ar\/prensa\/proteccion-ambiental-acepto-el-plan-de-remediacion-de-pasivos-ambientales-de-lulunta-luego-de-la-intimacion-a-ypf\/\"><\/a>","protected":false},"author":78,"featured_media":449526,"comment_status":"open","ping_status":"open","sticky":false,"template":"","format":"standard","meta":[],"categories":[3,3060],"tags":[],"_links":{"self":[{"href":"https:\/\/www.mendoza.gov.ar\/prensa\/wp-json\/wp\/v2\/posts\/449524"}],"collection":[{"href":"https:\/\/www.mendoza.gov.ar\/prensa\/wp-json\/wp\/v2\/posts"}],"about":[{"href":"https:\/\/www.mendoza.gov.ar\/prensa\/wp-json\/wp\/v2\/types\/post"}],"author":[{"embeddable":true,"href":"https:\/\/www.mendoza.gov.ar\/prensa\/wp-json\/wp\/v2\/users\/78"}],"replies":[{"embeddable":true,"href":"https:\/\/www.mendoza.gov.ar\/prensa\/wp-json\/wp\/v2\/comments?post=449524"}],"version-history":[{"count":8,"href":"https:\/\/www.mendoza.gov.ar\/prensa\/wp-json\/wp\/v2\/posts\/449524\/revisions"}],"predecessor-version":[{"id":449534,"href":"https:\/\/www.mendoza.gov.ar\/prensa\/wp-json\/wp\/v2\/posts\/449524\/revisions\/449534"}],"wp:featuredmedia":[{"embeddable":true,"href":"https:\/\/www.mendoza.gov.ar\/prensa\/wp-json\/wp\/v2\/media\/449526"}],"wp:attachment":[{"href":"https:\/\/www.mendoza.gov.ar\/prensa\/wp-json\/wp\/v2\/media?parent=449524"}],"wp:term":[{"taxonomy":"category","embeddable":true,"href":"https:\/\/www.mendoza.gov.ar\/prensa\/wp-json\/wp\/v2\/categories?post=449524"},{"taxonomy":"post_tag","embeddable":true,"href":"https:\/\/www.mendoza.gov.ar\/prensa\/wp-json\/wp\/v2\/tags?post=449524"}],"curies":[{"name":"wp","href":"https:\/\/api.w.org\/{rel}","templated":true}]}}