{"id":44969,"date":"2015-12-29T22:00:51","date_gmt":"2015-12-30T01:00:51","guid":{"rendered":"http:\/\/prensa.mendoza.gov.ar\/?p=44969"},"modified":"2015-12-29T22:00:51","modified_gmt":"2015-12-30T01:00:51","slug":"se-realizo-la-primera-reunion-de-unicipio","status":"publish","type":"post","link":"https:\/\/www.mendoza.gov.ar\/prensa\/se-realizo-la-primera-reunion-de-unicipio\/","title":{"rendered":"Se realiz\u00f3 la primera reuni\u00f3n de Unicipio"},"content":{"rendered":"<!DOCTYPE html PUBLIC \"-\/\/W3C\/\/DTD HTML 4.0 Transitional\/\/EN\" \"http:\/\/www.w3.org\/TR\/REC-html40\/loose.dtd\">\n<html><body><p>Antes de ganar las elecciones, Alfredo Cornejo cerr&oacute; su campa&ntilde;a con la presentaci&oacute;n de un plan de gesti&oacute;n interdepartamental. El objetivo principal del mismo era que las seis comunas del &aacute;rea metropolitana pudieran resolver problemas interjurisdiccionales en conjunto. Con esta premisa fue que, durante el transcurso de la tarde, Humberto Mingorance congreg&oacute; a los intendentes de Las Heras, Daniel Orozco; Capital, Rodolfo Su&aacute;rez; Maip&uacute;, Alejandro Bermejo; Guaymall&eacute;n, Marcelino Iglesias; Luj&aacute;n de Cuyo, Omar De Marchi y Godoy Cruz, Tadeo Garc&iacute;a Zalazar. La cita se dio en Sal&oacute;n Malvinas, de la Municipalidad de Las Heras. Tambi&eacute;n estuvo presente &nbsp;el presidente provisional del Senado,&nbsp;Juan Carlos Jaliff<em>.<\/em><\/p>\n<p>En esta primera instancia se decidi&oacute; comenzar a trabajar en la elaboraci&oacute;n de planes municipales de ordenamiento territorial para definir, viabilizar y ejecutar un modelo territorial deseado. Al respecto Mingorance afirm&oacute; que &ldquo;estamos en un momento de inflexi&oacute;n importante en la provincia ya que el Plan de Ordenamiento Territorial est&aacute; muy cercano a salir&rdquo;.<\/p>\n<p>El Ministro se&ntilde;al&oacute;: &ldquo;es muy importante esta buena comuni&oacute;n que hay entre los distintos intendentes del &aacute;rea metropolitana, m&aacute;s all&aacute; del color pol&iacute;tico que tengan&rdquo;. &nbsp;Adem&aacute;s, abri&oacute; la convocatoria al municipio de Lavalle &ldquo;porque nos parece importante que tambi&eacute;n est&eacute; Roberto Righi&rdquo; incluido en este proyecto interdepartamental.<\/p>\n<p>&ldquo;La intenci&oacute;n del Gobernador de que se generen este tipo de pol&iacute;ticas comunes&rdquo; fue la premisa con la que Mingorance aval&oacute; el deseo de que &ldquo;una agenda en conjunto&rdquo; sea uno de los primeros objetivos a llevar a cabo.<\/p>\n<\/body><\/html>\n","protected":false},"excerpt":{"rendered":"El secretario de Ambiente y Ordenamiento Territorial, Humberto Mingorance, se reuni\u00f3 hoy con los intendentes del \u00e1rea metropolitana. Se decidi\u00f3, entre otras cuestiones, sumar al municipio de Lavalle al proyecto.","protected":false},"author":3,"featured_media":44970,"comment_status":"open","ping_status":"open","sticky":false,"template":"","format":"standard","meta":[],"categories":[3],"tags":[],"_links":{"self":[{"href":"https:\/\/www.mendoza.gov.ar\/prensa\/wp-json\/wp\/v2\/posts\/44969"}],"collection":[{"href":"https:\/\/www.mendoza.gov.ar\/prensa\/wp-json\/wp\/v2\/posts"}],"about":[{"href":"https:\/\/www.mendoza.gov.ar\/prensa\/wp-json\/wp\/v2\/types\/post"}],"author":[{"embeddable":true,"href":"https:\/\/www.mendoza.gov.ar\/prensa\/wp-json\/wp\/v2\/users\/3"}],"replies":[{"embeddable":true,"href":"https:\/\/www.mendoza.gov.ar\/prensa\/wp-json\/wp\/v2\/comments?post=44969"}],"version-history":[{"count":0,"href":"https:\/\/www.mendoza.gov.ar\/prensa\/wp-json\/wp\/v2\/posts\/44969\/revisions"}],"wp:featuredmedia":[{"embeddable":true,"href":"https:\/\/www.mendoza.gov.ar\/prensa\/wp-json\/wp\/v2\/media\/44970"}],"wp:attachment":[{"href":"https:\/\/www.mendoza.gov.ar\/prensa\/wp-json\/wp\/v2\/media?parent=44969"}],"wp:term":[{"taxonomy":"category","embeddable":true,"href":"https:\/\/www.mendoza.gov.ar\/prensa\/wp-json\/wp\/v2\/categories?post=44969"},{"taxonomy":"post_tag","embeddable":true,"href":"https:\/\/www.mendoza.gov.ar\/prensa\/wp-json\/wp\/v2\/tags?post=44969"}],"curies":[{"name":"wp","href":"https:\/\/api.w.org\/{rel}","templated":true}]}}