{"id":45004,"date":"2015-12-30T10:12:04","date_gmt":"2015-12-30T13:12:04","guid":{"rendered":"http:\/\/prensa.mendoza.gov.ar\/?p=45004"},"modified":"2015-12-30T10:12:04","modified_gmt":"2015-12-30T13:12:04","slug":"el-corredor-internacional-se-encuentra-transitable","status":"publish","type":"post","link":"https:\/\/www.mendoza.gov.ar\/prensa\/el-corredor-internacional-se-encuentra-transitable\/","title":{"rendered":"El corredor Internacional se encuentra transitable"},"content":{"rendered":"<!DOCTYPE html PUBLIC \"-\/\/W3C\/\/DTD HTML 4.0 Transitional\/\/EN\" \"http:\/\/www.w3.org\/TR\/REC-html40\/loose.dtd\">\n<html><body><p>Esta ma&ntilde;ana a primera hora se habilit&oacute; la circulaci&oacute;n en la Ruta Nacional N&ordm;7, luego de que tarde noche ocurriera otro derrumbe de lodo y rocas en&nbsp;Curva del Yeso, Km. 1.223 en el Paraje Horcones.<\/p>\n<p>Gendarmer&iacute;a y Vialidad Nacional recomiendan circular con precauci&oacute;n por la zona, ya que hay m&aacute;quinas y operarios trabajando para el completo despeje de la calzada. Al mismo tiempo solicitan a los conductores respetar las se&ntilde;ales y las indicaciones en los puestos de control.<\/p>\n<\/body><\/html>\n","protected":false},"excerpt":{"rendered":"Luego de arduos trabajos durante la noche Vialidad Nacional despej\u00f3 la ruta para el tr\u00e1nsito de todo tipo de veh\u00edculos.","protected":false},"author":3,"featured_media":0,"comment_status":"open","ping_status":"open","sticky":false,"template":"","format":"standard","meta":[],"categories":[19],"tags":[],"_links":{"self":[{"href":"https:\/\/www.mendoza.gov.ar\/prensa\/wp-json\/wp\/v2\/posts\/45004"}],"collection":[{"href":"https:\/\/www.mendoza.gov.ar\/prensa\/wp-json\/wp\/v2\/posts"}],"about":[{"href":"https:\/\/www.mendoza.gov.ar\/prensa\/wp-json\/wp\/v2\/types\/post"}],"author":[{"embeddable":true,"href":"https:\/\/www.mendoza.gov.ar\/prensa\/wp-json\/wp\/v2\/users\/3"}],"replies":[{"embeddable":true,"href":"https:\/\/www.mendoza.gov.ar\/prensa\/wp-json\/wp\/v2\/comments?post=45004"}],"version-history":[{"count":0,"href":"https:\/\/www.mendoza.gov.ar\/prensa\/wp-json\/wp\/v2\/posts\/45004\/revisions"}],"wp:attachment":[{"href":"https:\/\/www.mendoza.gov.ar\/prensa\/wp-json\/wp\/v2\/media?parent=45004"}],"wp:term":[{"taxonomy":"category","embeddable":true,"href":"https:\/\/www.mendoza.gov.ar\/prensa\/wp-json\/wp\/v2\/categories?post=45004"},{"taxonomy":"post_tag","embeddable":true,"href":"https:\/\/www.mendoza.gov.ar\/prensa\/wp-json\/wp\/v2\/tags?post=45004"}],"curies":[{"name":"wp","href":"https:\/\/api.w.org\/{rel}","templated":true}]}}