{"id":45032,"date":"2015-12-30T15:21:44","date_gmt":"2015-12-30T18:21:44","guid":{"rendered":"http:\/\/prensa.mendoza.gov.ar\/?p=45032"},"modified":"2015-12-30T15:21:44","modified_gmt":"2015-12-30T18:21:44","slug":"operativo-interministerial-para-este-fin-de-semana-largo","status":"publish","type":"post","link":"https:\/\/www.mendoza.gov.ar\/prensa\/operativo-interministerial-para-este-fin-de-semana-largo\/","title":{"rendered":"Operativo interministerial para este fin de semana largo"},"content":{"rendered":"<!DOCTYPE html PUBLIC \"-\/\/W3C\/\/DTD HTML 4.0 Transitional\/\/EN\" \"http:\/\/www.w3.org\/TR\/REC-html40\/loose.dtd\">\n<html><body><p>Evitar la venta clandestina de pirotecnia; habilitar e inspeccionar fiestas; &nbsp;monitorear la seguridad vial y ciudadana; &nbsp;disponer controles de alcoholemia en distintos accesos; &nbsp;reforzar la vigilancia en espejos de agua y cauces, entre otros; son las acciones que desplegar&aacute;n en conjunto diferentes &nbsp;&aacute;reas del Ejecutivo durante el pr&oacute;ximo feriado.<\/p>\n<p>As&iacute; lo informaron, hoy, funcionarios del Gobierno en una conferencia de prensa &nbsp;donde tambi&eacute;n dieron a conocer c&oacute;mo funcionar&aacute;n durante los festejos el transporte p&uacute;blico; las guardias hospitalarias y los servicios de emergencia.<\/p>\n<p>Ricardo Tahan, subdirector General de la Polic&iacute;a; N&eacute;stor Majul, subsecretario de Relaciones Institucionales; Hugo Fiorens, &nbsp;de Diversi&oacute;n Nocturna; Oscar Pizarro, director de Defensa Civil; Fabi&aacute;n Moyano, a cargo del Registro Provincial&nbsp;de Armas (RePAR); Oscar Sagaz, subsecretario de Salud y Humberto Mingorance, titular &nbsp;de la Secretar&iacute;a de Ambiente y Ordenamiento Territorial, fueron quienes dieron los detalles del plan que se pondr&aacute; en marcha a partir de ma&ntilde;ana, 31 de diciembre.<\/p>\n<p>Con el Plan de Acci&oacute;n Interministerial se pretende garantizar tanto el funcionamiento de los servicios, &nbsp;como la integridad de la poblaci&oacute;n, &ldquo;para tener un fin de a&ntilde;o tranquilo y que las fiestas sean fiestas y no tragedias durante los festejos de A&ntilde;o Nuevo&rdquo;, dijo Tahan. Adem&aacute;s agreg&oacute;: &nbsp;&ldquo;esperamos que la ciudadan&iacute;a entienda que buscamos evitar el Riesgo 0&rdquo;.<\/p>\n<p>Durante el 31 de Diciembre y el 1&ordm; de Enero se dispondr&aacute; de 2.000 efectivos aproximadamente que participar&aacute;n &ldquo;en distintos momentos y distintas maniobras&rdquo;. A partir de las 0 comenzar&aacute;n&nbsp;los operativos de seguridad vial y alcoholemia; mientras que durante la siguiente jornada se han programado puestos de control en las rutas, espejos de agua, r&iacute;os y cauces.<\/p>\n<p><a href=\"https:\/\/www.mendoza.gov.ar\/prensa\/wp-content\/uploads\/sites\/23\/controles-2.jpg\"><img loading=\"lazy\" class=\"alignnone wp-image-45064 img-responsive center-block\" src=\"https:\/\/www.mendoza.gov.ar\/prensa\/wp-content\/uploads\/sites\/23\/controles-2.jpg\" alt=\"controles 2\" width=\"650\" height=\"433\"><\/a><\/p>\n<p>Por su parte Hugo Fiorens, de Diversi&oacute;n Nocturna y Fabi&aacute;n Moyano , del RePAR, hicieron incapi&eacute; en la necesidad de que los padres tomen conciencia y de que se interioricen a las fiestas que van sus hijos, sobre todo los menores de edad &ldquo; ya que durante los controles de Navidad muchos menores conduc&iacute;an veh&iacute;culos y asistieron a fiestas que no estaban habilitadas&rdquo;.<\/p>\n<p>Al respecto Tahan inform&oacute; que &ldquo;s&oacute;lo hay 10 fiestas autorizadas con los permisos y los planes de contingencia necesarios, los padres pueden llamar al 0800 222 0900 para interiorizarse de cu&aacute;les son&rdquo;.<\/p>\n<p>En cuanto a la pirotecnia, los funcionarios se&ntilde;alaron que fueron trasladados a los polvorines 1.100 kilos que hab&iacute;an sido secuestrados en relaci&oacute;n a los festejos navide&ntilde;os.<\/p>\n<p><strong>Operativo de Salud<\/strong><\/p>\n<p>El titular del Servicio Coordinado de Emergencias, Oscar Sagaz, indic&oacute; que se dispondr&aacute; de refuerzos de ambulancias en los espejos de agua con m&oacute;viles de ret&eacute;n y avanzada &ldquo;para poder atender las emergencias en el lugar&rdquo;. Tambi&eacute;n, se contar&aacute; con ambulancias en la zona del parque General San Mart&iacute;n.<\/p>\n<p><a href=\"https:\/\/www.mendoza.gov.ar\/prensa\/wp-content\/uploads\/sites\/23\/controles-3.jpg\"><img loading=\"lazy\" class=\"alignnone wp-image-45063 img-responsive center-block\" src=\"https:\/\/www.mendoza.gov.ar\/prensa\/wp-content\/uploads\/sites\/23\/controles-3.jpg\" alt=\"controles 3\" width=\"650\" height=\"434\"><\/a><\/p>\n<p>Mientras que las guardias hospitalarias funcionar&aacute;n como lo hacen habitualmente y no como feriado. Los centros de referencia para las emergencias son: Hospitales Central, Lagomaggiore, Notti, Scaravelli, Perrupato y Schestakow.<\/p>\n<p><strong>Espejos de Agua<\/strong><\/p>\n<p>Respecto a los espejos de agua, Humberto Mingorance, explic&oacute; que durante el fin de semana se controlar&aacute; no s&oacute;lo a los ba&ntilde;istas sino tambi&eacute;n a las embarcaciones &nbsp;ya que se verificar&aacute; que las mismas tengan est&eacute;n habilitadas y los titulares tengan las matr&iacute;culas en vigencia.<\/p>\n<p>El funcionario solicit&oacute; a la poblaci&oacute;n no acudir a cauces y r&iacute;os en los que est&eacute; prohibido ingresar.<\/p>\n<p>&nbsp;<\/p>\n<p>&nbsp;<\/p>\n<p>&nbsp;<\/p>\n<\/body><\/html>\n","protected":false},"excerpt":{"rendered":"En conferencia de prensa, funcionarios de distintas \u00e1reas del Ejecutivo explicaron c\u00f3mo trabajar\u00e1n en conjunto para preservar el bienestar de la comunidad mendocina durante este fin de semana largo, con motivo de la fiesta de A\u00f1o Nuevo.","protected":false},"author":3,"featured_media":45062,"comment_status":"open","ping_status":"open","sticky":false,"template":"","format":"standard","meta":[],"categories":[19],"tags":[],"_links":{"self":[{"href":"https:\/\/www.mendoza.gov.ar\/prensa\/wp-json\/wp\/v2\/posts\/45032"}],"collection":[{"href":"https:\/\/www.mendoza.gov.ar\/prensa\/wp-json\/wp\/v2\/posts"}],"about":[{"href":"https:\/\/www.mendoza.gov.ar\/prensa\/wp-json\/wp\/v2\/types\/post"}],"author":[{"embeddable":true,"href":"https:\/\/www.mendoza.gov.ar\/prensa\/wp-json\/wp\/v2\/users\/3"}],"replies":[{"embeddable":true,"href":"https:\/\/www.mendoza.gov.ar\/prensa\/wp-json\/wp\/v2\/comments?post=45032"}],"version-history":[{"count":0,"href":"https:\/\/www.mendoza.gov.ar\/prensa\/wp-json\/wp\/v2\/posts\/45032\/revisions"}],"wp:featuredmedia":[{"embeddable":true,"href":"https:\/\/www.mendoza.gov.ar\/prensa\/wp-json\/wp\/v2\/media\/45062"}],"wp:attachment":[{"href":"https:\/\/www.mendoza.gov.ar\/prensa\/wp-json\/wp\/v2\/media?parent=45032"}],"wp:term":[{"taxonomy":"category","embeddable":true,"href":"https:\/\/www.mendoza.gov.ar\/prensa\/wp-json\/wp\/v2\/categories?post=45032"},{"taxonomy":"post_tag","embeddable":true,"href":"https:\/\/www.mendoza.gov.ar\/prensa\/wp-json\/wp\/v2\/tags?post=45032"}],"curies":[{"name":"wp","href":"https:\/\/api.w.org\/{rel}","templated":true}]}}