{"id":45073,"date":"2015-12-30T17:45:13","date_gmt":"2015-12-30T20:45:13","guid":{"rendered":"http:\/\/prensa.mendoza.gov.ar\/?p=45073"},"modified":"2015-12-30T17:45:13","modified_gmt":"2015-12-30T20:45:13","slug":"ano-nuevo-recomendaciones-sobre-el-uso-responsable-de-pirotecnia","status":"publish","type":"post","link":"https:\/\/www.mendoza.gov.ar\/prensa\/ano-nuevo-recomendaciones-sobre-el-uso-responsable-de-pirotecnia\/","title":{"rendered":"A\u00f1o Nuevo: recomendaciones sobre el uso responsable de pirotecnia"},"content":{"rendered":"<!DOCTYPE html PUBLIC \"-\/\/W3C\/\/DTD HTML 4.0 Transitional\/\/EN\" \"http:\/\/www.w3.org\/TR\/REC-html40\/loose.dtd\">\n<html><body><p>El mal uso de la pirotecnia puede traer graves consecuencias. Con el objetivo de concientizar sobre el uso responsable de estos productos, el Gobierno de Mendoza puso un marcha una campa&ntilde;a, a trav&eacute;s de las redes sociales, que busca concientizar sobre los riesgos asociados a la utilizaci&oacute;n de pirotecnia y las lamentables consecuencias que puede provocar la incorrecta manipulaci&oacute;n de estos productos.<\/p>\n<p>Bajo el lema &ldquo;en estas fiestas, hagamos ruido sin peligros y sin afectar a otros&rdquo; se recomienda&nbsp;a los mendocinos&nbsp;prevenir accidentes siguiendo los siguientes consejos:<\/p>\n<ul>\n<li>Si vas a comprar pirotecnia, que sea en comercios autorizados.<\/li>\n<li>Control&aacute; que la etiqueta tenga N&ordm; de Registro y la leyenda &ldquo;Autorizado por Renar&rdquo;.<\/li>\n<li>Prefer&iacute; pirotecnia de luces y colores, son menos peligrosas y asusta menos a las mascotas.<\/li>\n<li>Usalos siempre al aire libre y no los introduzcas en envases.<\/li>\n<li>Nunca toques un producto que no explot&oacute;.<\/li>\n<\/ul>\n<p>&nbsp;<\/p>\n<\/body><\/html>\n","protected":false},"excerpt":{"rendered":"Desde el Gobierno de Mendoza se trabaja en una campa\u00f1a de concientizaci\u00f3n sobre los riesgos asociados a la mala utilizaci\u00f3n de estos productos y sus consecuencias.","protected":false},"author":3,"featured_media":45083,"comment_status":"open","ping_status":"open","sticky":false,"template":"","format":"standard","meta":[],"categories":[19],"tags":[],"_links":{"self":[{"href":"https:\/\/www.mendoza.gov.ar\/prensa\/wp-json\/wp\/v2\/posts\/45073"}],"collection":[{"href":"https:\/\/www.mendoza.gov.ar\/prensa\/wp-json\/wp\/v2\/posts"}],"about":[{"href":"https:\/\/www.mendoza.gov.ar\/prensa\/wp-json\/wp\/v2\/types\/post"}],"author":[{"embeddable":true,"href":"https:\/\/www.mendoza.gov.ar\/prensa\/wp-json\/wp\/v2\/users\/3"}],"replies":[{"embeddable":true,"href":"https:\/\/www.mendoza.gov.ar\/prensa\/wp-json\/wp\/v2\/comments?post=45073"}],"version-history":[{"count":0,"href":"https:\/\/www.mendoza.gov.ar\/prensa\/wp-json\/wp\/v2\/posts\/45073\/revisions"}],"wp:featuredmedia":[{"embeddable":true,"href":"https:\/\/www.mendoza.gov.ar\/prensa\/wp-json\/wp\/v2\/media\/45083"}],"wp:attachment":[{"href":"https:\/\/www.mendoza.gov.ar\/prensa\/wp-json\/wp\/v2\/media?parent=45073"}],"wp:term":[{"taxonomy":"category","embeddable":true,"href":"https:\/\/www.mendoza.gov.ar\/prensa\/wp-json\/wp\/v2\/categories?post=45073"},{"taxonomy":"post_tag","embeddable":true,"href":"https:\/\/www.mendoza.gov.ar\/prensa\/wp-json\/wp\/v2\/tags?post=45073"}],"curies":[{"name":"wp","href":"https:\/\/api.w.org\/{rel}","templated":true}]}}