{"id":45080,"date":"2015-12-30T18:24:21","date_gmt":"2015-12-30T21:24:21","guid":{"rendered":"http:\/\/prensa.mendoza.gov.ar\/?p=45080"},"modified":"2015-12-30T18:24:21","modified_gmt":"2015-12-30T21:24:21","slug":"transitabilidad-de-las-principales-rutas-turisticas-de-mendoza","status":"publish","type":"post","link":"https:\/\/www.mendoza.gov.ar\/prensa\/transitabilidad-de-las-principales-rutas-turisticas-de-mendoza\/","title":{"rendered":"Transitabilidad de las principales rutas tur\u00edsticas de Mendoza"},"content":{"rendered":"<!DOCTYPE html PUBLIC \"-\/\/W3C\/\/DTD HTML 4.0 Transitional\/\/EN\" \"http:\/\/www.w3.org\/TR\/REC-html40\/loose.dtd\">\n<html><body><p>De acuerdo al relevamiento realizado por el personal del organismo vial el estado del tr&aacute;nsito en las rutas tur&iacute;sticas de la provincia es el siguiente:<\/p>\n<p>Ruta Provincial 52, camino a Villavicencio: Transitable con normalidad hasta el Hotel y la reserva natural. Desde all&iacute; hasta el Valle de Uspallata transitable con precauci&oacute;n por mejoras que se realizan en el camino.<\/p>\n<p>Ruta Provincial 16, camino a Dique El Carrizal: Transitable para todo tipo de veh&iacute;culos.<\/p>\n<p>Ruta Provincial 89, camino al Manzano Hist&oacute;rico: Transitable con normalidad.<\/p>\n<p>Ruta Provincial 173, v&iacute;nculo ciudad de San Rafael &ndash; Valle Grande: Transitable con total normalidad. Por la misma ruta hacia el Ca&ntilde;&oacute;n del Atuel el camino es de suelo natural por lo cual se solicita mantener velocidades moderadas.<\/p>\n<p>Ruta Provincial 186, v&iacute;nculo ciudad de&nbsp; Malarg&uuml;e &ndash; Laguna de Llancanelo: Transitable para todo tipo de veh&iacute;culos con precauci&oacute;n debido a sectores en obra.<\/p>\n<p>Ruta Provincial 222, camino a Laguna de la ni&ntilde;a encantada y complejo Las Le&ntilde;as: Transitable para todo tipo de veh&iacute;culos.<\/p>\n<p>Ruta Nacional 40, camino a Caverna de las Brujas, Malarg&uuml;e: Transitable para todo tipo de veh&iacute;culos.<\/p>\n<p>Ruta Nacional 40, tramo Malarg&uuml;e &ndash; Bardas Blancas &ndash; La Pasarela: Transitable con precauci&oacute;n debido al desarrollo de obras viales.<\/p>\n<p>Ruta Nacional 40, tramo Pareditas &ndash; El Sosneado: Transitable para todo tipo de veh&iacute;culos con precacuci&oacute;n debido a la presencia de maquinarias y operarios abocados a la pavimentaci&oacute;n del tramo.<\/p>\n<p>Se recuerda a los turistas que el camino que conduce a Laguna del Diamante en San Carlos quedar&aacute; habilitado a partir del lunes 11 de enero de 2016.<\/p>\n<p>Ruta Nacional 7, tramo Uspallata &ndash; L&iacute;mite con Chile: Transitable con precauci&oacute;n debido al intenso caudal de tr&aacute;nsito que se registra.<\/p>\n<p>&nbsp;<\/p>\n<p>&nbsp;<\/p>\n<p>&nbsp;<\/p>\n<\/body><\/html>\n","protected":false},"excerpt":{"rendered":"La Direcci\u00f3n Provincial de Vialidad recomienda circular con precauci\u00f3n durante las pr\u00f3ximas horas debido al crecimiento del movimiento vehicular.","protected":false},"author":3,"featured_media":45118,"comment_status":"open","ping_status":"open","sticky":false,"template":"","format":"standard","meta":[],"categories":[1],"tags":[],"_links":{"self":[{"href":"https:\/\/www.mendoza.gov.ar\/prensa\/wp-json\/wp\/v2\/posts\/45080"}],"collection":[{"href":"https:\/\/www.mendoza.gov.ar\/prensa\/wp-json\/wp\/v2\/posts"}],"about":[{"href":"https:\/\/www.mendoza.gov.ar\/prensa\/wp-json\/wp\/v2\/types\/post"}],"author":[{"embeddable":true,"href":"https:\/\/www.mendoza.gov.ar\/prensa\/wp-json\/wp\/v2\/users\/3"}],"replies":[{"embeddable":true,"href":"https:\/\/www.mendoza.gov.ar\/prensa\/wp-json\/wp\/v2\/comments?post=45080"}],"version-history":[{"count":0,"href":"https:\/\/www.mendoza.gov.ar\/prensa\/wp-json\/wp\/v2\/posts\/45080\/revisions"}],"wp:featuredmedia":[{"embeddable":true,"href":"https:\/\/www.mendoza.gov.ar\/prensa\/wp-json\/wp\/v2\/media\/45118"}],"wp:attachment":[{"href":"https:\/\/www.mendoza.gov.ar\/prensa\/wp-json\/wp\/v2\/media?parent=45080"}],"wp:term":[{"taxonomy":"category","embeddable":true,"href":"https:\/\/www.mendoza.gov.ar\/prensa\/wp-json\/wp\/v2\/categories?post=45080"},{"taxonomy":"post_tag","embeddable":true,"href":"https:\/\/www.mendoza.gov.ar\/prensa\/wp-json\/wp\/v2\/tags?post=45080"}],"curies":[{"name":"wp","href":"https:\/\/api.w.org\/{rel}","templated":true}]}}