{"id":45082,"date":"2016-01-03T08:00:40","date_gmt":"2016-01-03T11:00:40","guid":{"rendered":"http:\/\/prensa.mendoza.gov.ar\/?p=45082"},"modified":"2016-01-03T08:00:40","modified_gmt":"2016-01-03T11:00:40","slug":"el-lunes-11-de-enero-quedara-habilitado-el-camino-que-conduce-a-la-laguna-del-diamante","status":"publish","type":"post","link":"https:\/\/www.mendoza.gov.ar\/prensa\/el-lunes-11-de-enero-quedara-habilitado-el-camino-que-conduce-a-la-laguna-del-diamante\/","title":{"rendered":"El lunes 11 de enero quedar\u00e1 habilitado el camino que conduce a la Laguna del Diamante"},"content":{"rendered":"<!DOCTYPE html PUBLIC \"-\/\/W3C\/\/DTD HTML 4.0 Transitional\/\/EN\" \"http:\/\/www.w3.org\/TR\/REC-html40\/loose.dtd\">\n<html><body><p>La Ruta Provincial 98, ubicada en San Carlos, es la principal v&iacute;a de ingreso a la Laguna del Diamante, uno de los atractivos tur&iacute;sticos m&aacute;s importantes con que cuenta Mendoza en su regi&oacute;n centro oeste.<\/p>\n<p>A &nbsp;partir del lunes 11 de enero, esa v&iacute;a quedar&aacute; habilitada al tr&aacute;nsito, una vez que concluyan los trabajos de reconstrucci&oacute;n del camino que lleva adelante Vialidad Provincial.<\/p>\n<p>Las tareas comprenden el retiro de planchones de nieve (formaci&oacute;n caracter&iacute;stica del invierno en caminos de alta monta&ntilde;a), el ensanche de curvas, y la compactaci&oacute;n de la traza en distintos tramos, entre otros detalles.<\/p>\n<p>El arquitecto Oscar Sandes, nuevo titular del organismo vial, sostuvo que &ldquo;durante los primeros d&iacute;as de diciembre fue imposible acceder al lugar para poder trabajar debido a las condiciones clim&aacute;ticas, con lo cual estimamos que reci&eacute;n a partir del 11 de enero en adelante la ruta quedar&aacute; reconstruida y transitable. Nosotros recomendamos tanto a mendocinos como a turistas hacer el recorrido hacia la Laguna durante las horas de sol, en veh&iacute;culos que se encuentren en buenas condiciones y, por su puesto, respetando las condiciones de manejo que impone un camino de monta&ntilde;a&rdquo;.<\/p>\n<p>La Laguna del Diamante se encuentra a 200 kil&oacute;metros de la ciudad capital de Mendoza, a una altitud de 3300 metros sobre el nivel del mar y es uno de los sitios tur&iacute;sticos m&aacute;s importantes y de mayor belleza paisaj&iacute;stica ubicados en la Provincia.<\/p>\n<\/body><\/html>\n","protected":false},"excerpt":{"rendered":"As\u00ed lo inform\u00f3 el Administrador de Vialidad Provincial, Oscar Sandes. Los trabajos de despeje y recomposici\u00f3n del camino comenzaron hace dos semanas, una vez que las condiciones clim\u00e1ticas permitieron el ingreso de las maquinas viales.\n","protected":false},"author":3,"featured_media":0,"comment_status":"open","ping_status":"open","sticky":false,"template":"","format":"standard","meta":[],"categories":[1],"tags":[],"_links":{"self":[{"href":"https:\/\/www.mendoza.gov.ar\/prensa\/wp-json\/wp\/v2\/posts\/45082"}],"collection":[{"href":"https:\/\/www.mendoza.gov.ar\/prensa\/wp-json\/wp\/v2\/posts"}],"about":[{"href":"https:\/\/www.mendoza.gov.ar\/prensa\/wp-json\/wp\/v2\/types\/post"}],"author":[{"embeddable":true,"href":"https:\/\/www.mendoza.gov.ar\/prensa\/wp-json\/wp\/v2\/users\/3"}],"replies":[{"embeddable":true,"href":"https:\/\/www.mendoza.gov.ar\/prensa\/wp-json\/wp\/v2\/comments?post=45082"}],"version-history":[{"count":0,"href":"https:\/\/www.mendoza.gov.ar\/prensa\/wp-json\/wp\/v2\/posts\/45082\/revisions"}],"wp:attachment":[{"href":"https:\/\/www.mendoza.gov.ar\/prensa\/wp-json\/wp\/v2\/media?parent=45082"}],"wp:term":[{"taxonomy":"category","embeddable":true,"href":"https:\/\/www.mendoza.gov.ar\/prensa\/wp-json\/wp\/v2\/categories?post=45082"},{"taxonomy":"post_tag","embeddable":true,"href":"https:\/\/www.mendoza.gov.ar\/prensa\/wp-json\/wp\/v2\/tags?post=45082"}],"curies":[{"name":"wp","href":"https:\/\/api.w.org\/{rel}","templated":true}]}}