{"id":45143,"date":"2015-12-31T08:06:57","date_gmt":"2015-12-31T11:06:57","guid":{"rendered":"http:\/\/prensa.mendoza.gov.ar\/?p=45143"},"modified":"2015-12-31T08:06:57","modified_gmt":"2015-12-31T11:06:57","slug":"corredor-internacional-habilitado-hasta-las-2000-hs","status":"publish","type":"post","link":"https:\/\/www.mendoza.gov.ar\/prensa\/corredor-internacional-habilitado-hasta-las-2000-hs\/","title":{"rendered":"Corredor internacional habilitado hasta las 20:00 hs"},"content":{"rendered":"<!DOCTYPE html PUBLIC \"-\/\/W3C\/\/DTD HTML 4.0 Transitional\/\/EN\" \"http:\/\/www.w3.org\/TR\/REC-html40\/loose.dtd\">\n<html><body><p>Esta madrugada, desde Vialidad Nacional informaron que, luego de los derrumbes de la noche del 30 de diciembre, la circulaci&oacute;n en la Ruta 7 se encuentra habilitada, nuevamente, para todo tipo de veh&iacute;culos, entre la localidad de Puente del Inca y Boca de T&uacute;nel Internacional Cristo Redentor. Por su parte, la Unidad de Pasos Fronterizos comunic&oacute; que a partir de las 8:30 hs, de hoy 31 de diciembre, se producir&aacute; la reapertura del complejo Los Libertadores.<\/p>\n<p>Vialidad adem&aacute;s se&ntilde;al&oacute; que debido a que en los &uacute;ltimos d&iacute;as se han producido aludes en forma peri&oacute;dica, en el sector Arroyo La Salada, se recomienda a los usuarios realizar el cruce en las primeras horas de d&iacute;a, record&aacute;ndoles que el sector afectado estar&aacute; habilitado en el d&iacute;a de la fecha hasta las 20:00 hs.<\/p>\n<p>Cabe aclarar que los equipos y personal de la Direcci&oacute;n Nacional de Vialidad a&uacute;n se encuentran operando sobre la calzada, por lo que recomiendan circular con precauci&oacute;n.<\/p>\n<p>&nbsp;<\/p>\n<\/body><\/html>\n","protected":false},"excerpt":{"rendered":"Desde Vialidad Nacional, informaron que la circulaci\u00f3n en la Ruta 7 se encuentra habilitada para todo tipo de veh\u00edculos. Los Libertadores dar\u00e1 apertura al complejo a partir de las 8:30hs. ","protected":false},"author":3,"featured_media":45145,"comment_status":"open","ping_status":"open","sticky":false,"template":"","format":"standard","meta":[],"categories":[19],"tags":[],"_links":{"self":[{"href":"https:\/\/www.mendoza.gov.ar\/prensa\/wp-json\/wp\/v2\/posts\/45143"}],"collection":[{"href":"https:\/\/www.mendoza.gov.ar\/prensa\/wp-json\/wp\/v2\/posts"}],"about":[{"href":"https:\/\/www.mendoza.gov.ar\/prensa\/wp-json\/wp\/v2\/types\/post"}],"author":[{"embeddable":true,"href":"https:\/\/www.mendoza.gov.ar\/prensa\/wp-json\/wp\/v2\/users\/3"}],"replies":[{"embeddable":true,"href":"https:\/\/www.mendoza.gov.ar\/prensa\/wp-json\/wp\/v2\/comments?post=45143"}],"version-history":[{"count":0,"href":"https:\/\/www.mendoza.gov.ar\/prensa\/wp-json\/wp\/v2\/posts\/45143\/revisions"}],"wp:featuredmedia":[{"embeddable":true,"href":"https:\/\/www.mendoza.gov.ar\/prensa\/wp-json\/wp\/v2\/media\/45145"}],"wp:attachment":[{"href":"https:\/\/www.mendoza.gov.ar\/prensa\/wp-json\/wp\/v2\/media?parent=45143"}],"wp:term":[{"taxonomy":"category","embeddable":true,"href":"https:\/\/www.mendoza.gov.ar\/prensa\/wp-json\/wp\/v2\/categories?post=45143"},{"taxonomy":"post_tag","embeddable":true,"href":"https:\/\/www.mendoza.gov.ar\/prensa\/wp-json\/wp\/v2\/tags?post=45143"}],"curies":[{"name":"wp","href":"https:\/\/api.w.org\/{rel}","templated":true}]}}