{"id":45185,"date":"2016-01-01T13:07:01","date_gmt":"2016-01-01T16:07:01","guid":{"rendered":"http:\/\/prensa.mendoza.gov.ar\/?p=45185"},"modified":"2016-01-01T13:07:01","modified_gmt":"2016-01-01T16:07:01","slug":"coparticipacion-provincial-pedido-al-ejecutivo-nacional","status":"publish","type":"post","link":"https:\/\/www.mendoza.gov.ar\/prensa\/coparticipacion-provincial-pedido-al-ejecutivo-nacional\/","title":{"rendered":"Coparticipaci\u00f3n provincial: pedido al Ejecutivo Nacional"},"content":{"rendered":"<!DOCTYPE html PUBLIC \"-\/\/W3C\/\/DTD HTML 4.0 Transitional\/\/EN\" \"http:\/\/www.w3.org\/TR\/REC-html40\/loose.dtd\">\n<html><body><p>En defensa de los intereses patrimoniales de la provincia de Mendoza, el gobernador Alfredo Cornejo, con la intervenci&oacute;n del Fiscal de Estado Fernando Sim&oacute;n, instruy&oacute; al asesor de Gobierno para pedir una soluci&oacute;n en la necesaria rediscusi&oacute;n de las pautas y forma en la que se realiza el reparto de los fondos coparticipables entre la Naci&oacute;n y las provincias.<\/p>\n<p>En este marco, se ha solicitado al Ejecutivo Nacional a que disponga un espacio de di&aacute;logo federal en el que todos los actores del sistema puedan determinar nuevos esquemas, que reconociendo los derechos de la Provincia, que en su cuota de los recursos impositivos y que forman parte de la masa coparticipable, tiendan a mejorar la actual situaci&oacute;n de Mendoza.<\/p>\n<p>Es importante destacar que la presentaci&oacute;n se realiz&oacute; el 30 de diciembre con el objetivo de que se disponga del cese de las detracciones y restituci&oacute;n de las sumas detra&iacute;das a la Provincia de Mendoza por aplicaci&oacute;n del art&iacute;culo 76 de la Ley N&deg;&nbsp;26.078, de los art&iacute;culos 1&deg;, inciso a), y 4&deg; del Decreto N&deg;&nbsp;1.399\/01, y dem&aacute;s normativa aplicable, cuya inconstitucionalidad fuera declarada por la Corte Suprema de Justicia de la Naci&oacute;n en las causas de cinco provincias: CSJ 538\/2009 (45-S)\/CS1 &ldquo;Santa Fe, Provincia de c\/ Estado Nacional s\/ acci&oacute;n declarativa de inconstitucionalidad&rdquo;, CSJ 191\/2009 (45-S)\/CS1 &ldquo;San Luis, Provincia de c\/ Estado Nacional s\/ acci&oacute;n declarativa de inconstitucionalidad y cobro de pesos&rdquo;, CSJ 786\/2013 (49-C) \/CS1 &ldquo;C&oacute;rdoba, Provincia de c\/ Estado Nacional y otro s\/ medida cautelar&rdquo;, CSJ 539\/2009 (45-S) CS1 &ldquo;Santa Fe c\/ Estado Nacional s\/ acci&oacute;n declarativa de inconstitucionalidad&rdquo; y CSJ 1039\/2008 (44-S)\/CS1 &ldquo;San Luis, Provincia de c\/ Estado Nacional y otra s\/ cobro de pesos&rdquo;.<\/p>\n<p>Cabe recordar que el pedido surge a partir del fallo de la Corte Suprema de Justicia que &nbsp;dio a favor de las provincias que reclamaron la quita ilegal de fondos coparticipables federales. En este sentido, el presente pedido es la continuidad de los tr&aacute;mites que la Fiscal&iacute;a de Estado inici&oacute;&nbsp; a fines de noviembre del 2015. Dichos tr&aacute;mites se realizaron &nbsp;para buscar las compensaciones respectivas, tras por lo menos cinco a&ntilde;os de descuentos indebidos por parte del Gobierno nacional.<\/p>\n<\/body><\/html>\n","protected":false},"excerpt":{"rendered":"El Gobernador instruy\u00f3 al asesor de Gobierno para pedir una soluci\u00f3n en la necesaria rediscusi\u00f3n de las pautas y forma en la que se realiza el reparto de los fondos coparticipables entre la Naci\u00f3n y las provincias.","protected":false},"author":3,"featured_media":45188,"comment_status":"open","ping_status":"open","sticky":false,"template":"","format":"standard","meta":[],"categories":[19],"tags":[],"_links":{"self":[{"href":"https:\/\/www.mendoza.gov.ar\/prensa\/wp-json\/wp\/v2\/posts\/45185"}],"collection":[{"href":"https:\/\/www.mendoza.gov.ar\/prensa\/wp-json\/wp\/v2\/posts"}],"about":[{"href":"https:\/\/www.mendoza.gov.ar\/prensa\/wp-json\/wp\/v2\/types\/post"}],"author":[{"embeddable":true,"href":"https:\/\/www.mendoza.gov.ar\/prensa\/wp-json\/wp\/v2\/users\/3"}],"replies":[{"embeddable":true,"href":"https:\/\/www.mendoza.gov.ar\/prensa\/wp-json\/wp\/v2\/comments?post=45185"}],"version-history":[{"count":0,"href":"https:\/\/www.mendoza.gov.ar\/prensa\/wp-json\/wp\/v2\/posts\/45185\/revisions"}],"wp:featuredmedia":[{"embeddable":true,"href":"https:\/\/www.mendoza.gov.ar\/prensa\/wp-json\/wp\/v2\/media\/45188"}],"wp:attachment":[{"href":"https:\/\/www.mendoza.gov.ar\/prensa\/wp-json\/wp\/v2\/media?parent=45185"}],"wp:term":[{"taxonomy":"category","embeddable":true,"href":"https:\/\/www.mendoza.gov.ar\/prensa\/wp-json\/wp\/v2\/categories?post=45185"},{"taxonomy":"post_tag","embeddable":true,"href":"https:\/\/www.mendoza.gov.ar\/prensa\/wp-json\/wp\/v2\/tags?post=45185"}],"curies":[{"name":"wp","href":"https:\/\/api.w.org\/{rel}","templated":true}]}}