{"id":452122,"date":"2025-01-21T08:51:16","date_gmt":"2025-01-21T11:51:16","guid":{"rendered":"https:\/\/www.mendoza.gov.ar\/prensa\/?p=452122"},"modified":"2025-01-21T11:12:35","modified_gmt":"2025-01-21T14:12:35","slug":"mendoza-celebra-el-dia-mundial-de-la-educacion-ambiental-con-talleres-actividades-gratuitas-y-un-tour-por-el-parque-san-martin","status":"publish","type":"post","link":"https:\/\/www.mendoza.gov.ar\/prensa\/mendoza-celebra-el-dia-mundial-de-la-educacion-ambiental-con-talleres-actividades-gratuitas-y-un-tour-por-el-parque-san-martin\/","title":{"rendered":"Mendoza celebra el D\u00eda Mundial de la Educaci\u00f3n Ambiental con talleres, actividades gratuitas y un tour por el Parque San Mart\u00edn"},"content":{"rendered":"<!DOCTYPE html PUBLIC \"-\/\/W3C\/\/DTD HTML 4.0 Transitional\/\/EN\" \"http:\/\/www.w3.org\/TR\/REC-html40\/loose.dtd\">\n<html><body><h5>Habr&aacute; talleres gratuitos sobre reciclaje, empleos verdes, econom&iacute;a circular y fauna con expertos de Mendoza, Argentina y el mundo, adem&aacute;s de actividades con la Direcci&oacute;n de Juventudes de Mendoza y plantaci&oacute;n de forestales. Se culminar&aacute; el s&aacute;bado 25 con un tour guiado por el n&uacute;cleo hist&oacute;rico del Parque.<\/h5>\n\n\n\n<p>En el marco del D&iacute;a Mundial de la Educaci&oacute;n Ambiental, Mendoza prepara una semana llena de actividades educativas, culturales y recreativas, que culminar&aacute; en el Parque General San Mart&iacute;n con un tour gratuito.<\/p>\n\n\n\n<p>La agenda incluir&aacute; talleres, paneles, visitas guiadas y acciones de concientizaci&oacute;n ambiental para todas las edades, con la participaci&oacute;n de expertos de Argentina y el mundo.<\/p>\n\n\n\n<p>&ldquo;Invitamos a la comunidad mendocina y a visitantes a sumarse a estas actividades, que buscan promover la educaci&oacute;n ambiental y la concientizaci&oacute;n sobre la importancia de proteger nuestro entorno natural&rdquo;, destac&oacute; el director de Biodiversidad y Ecoparque, Ignacio Haudet. &ldquo;Nuestro objetivo, adem&aacute;s de celebrar una fecha tan importante, es educar en el respeto ambiental a las infancias y juventudes&rdquo;, afirm&oacute;.<\/p>\n\n\n\n<p><strong>Cronograma de actividades destacadas:<\/strong><\/p>\n\n\n\n<p><strong>Mi&eacute;rcoles 22 de enero:<\/strong><\/p>\n\n\n\n<p>En conjunto con la Direcci&oacute;n de Juventudes de la provincia, se realizar&aacute; una actividad en la Direcci&oacute;n de Responsabilidad Penal Juvenil (DRPJ). Las propuestas incluyen un taller de Econom&iacute;a Circular y Empleos Verdes, adem&aacute;s de una plantaci&oacute;n de forestales en conjunto.<\/p>\n\n\n\n<p>Estas iniciativas buscan fomentar la empleabilidad de los j&oacute;venes con una mirada ambiental fuerte demostrando que hay formas de generar nuevos empleados y posibilidades siendo responsables con nuestro entorno.<\/p>\n\n\n\n<p><strong>Jueves 23 de enero:<\/strong><\/p>\n\n\n\n<p>Con la Direcci&oacute;n de Juventudes de la Provincia de Mendoza se realizar&aacute; una visita al Centro Educativo de Primera Infancia (CEPI) 11 Huellitas de Amor (Correa Sa&aacute; 2865, esquina Domingo F. Sarmiento, Guaymall&eacute;n), donde se dictar&aacute; un taller sobre separaci&oacute;n de residuos, se trabajar&aacute; en la comunidad cercana al CEPI y luego se visitar&aacute; el Centro Verde de Guaymall&eacute;n para conocer de cerca los procesos de reciclaje en su totalidad.<\/p>\n\n\n\n<p><strong>Viernes 24 de enero:<\/strong><\/p>\n\n\n\n<p>El Museo Cornelio Moyano ser&aacute; la sede de un panel con expertos de Argentina y el mundo sobre fauna.<\/p>\n\n\n\n<p>&nbsp;De 19 a 21, los asistentes podr&aacute;n conocer los detalles del &ldquo;Trabajo de condicionamiento operante para lograr el traslado de <em>Kenya<\/em>, la elefanta africana que est&aacute; siendo preparada para su traslado hacia el santuario &nbsp;de Brasil.<\/p>\n\n\n\n<p>Expondr&aacute;n Marcos Flores, cuidador experto del Santuario de Elefantes en Mato Grosso, Brasil; y Johana Rinc&oacute;n Alba, m&eacute;dica veterinaria y zootecnista de la Fundaci&oacute;n Franz Weber, una instituci&oacute;n con m&aacute;s de &nbsp;50 a&ntilde;os de experiencia en protecci&oacute;n ambiental y animal.<\/p>\n\n\n\n<p>Adem&aacute;s, se presentar&aacute; el trabajo del Departamento de Fauna y un proyecto de investigaci&oacute;n sobre la interferencia de animales dom&eacute;sticos en fauna silvestre, incluyendo experiencias en la Reserva de &Ntilde;acu&ntilde;&aacute;n.<\/p>\n\n\n\n<p><strong>S&aacute;bado 25 de enero:<\/strong><\/p>\n\n\n\n<p>La semana culminar&aacute; con un <em>free walking tour<\/em> por el Parque General San Mart&iacute;n, una de las &aacute;reas urbanas protegidas m&aacute;s importantes de Mendoza.<\/p>\n\n\n\n<p>La actividad, que se realizar&aacute; de 9.30 a 12.30, partir&aacute; desde los portones del parque, Boulogne Sur Mer y Emilio Civit.<\/p>\n\n\n\n<p>Durante el recorrido, quienes participen podr&aacute;n conocer los puntos m&aacute;s emblem&aacute;ticos del casco hist&oacute;rico del parque, como sus monumentos, esculturas y su espejo de agua, donde se podr&aacute; compartir un paseo en embarcaci&oacute;n.<\/p>\n\n\n\n<p>La caminata concluir&aacute; en el nuevo espacio gastron&oacute;mico H&aacute;bitat, ubicado en el Prado Espa&ntilde;ol, y que, con su dise&ntilde;o y gastronom&iacute;a, ser&aacute; parte del paseo obligado por el Lago del Parque.<\/p>\n\n\n\n<p>En todo el recorrido participar&aacute;n por especialistas para brindar informaci&oacute;n sobre la biodiversidad del parque y su importancia para el buen vivir dentro de la ciudad.<\/p>\n\n\n\n<p>Importante: El cupo m&aacute;ximo para el <em>walking tour<\/em> es de 40 personas, y se requiere inscripci&oacute;n previa.<\/p>\n\n\n\n<p>Las personas interesadas pueden inscribirse llenando este formulario digital:&nbsp;<a rel=\"noreferrer noopener\" href=\"https:\/\/docs.google.com\/forms\/d\/e\/1FAIpQLSe8JyEmGehInFvEJg3SU8fSAk1OvKlNBUJ-m4z6gzK9nmfS0Q\/viewform\" target=\"_blank\">https:\/\/docs.google.com\/forms\/d\/e\/1FAIpQLSe8JyEmGehInFvEJg3SU8fSAk1OvKlNBUJ-m4z6gzK9nmfS0Q\/viewform<\/a><\/p>\n\n\n\n<figure class=\"wp-block-gallery columns-3 is-cropped\"><ul class=\"blocks-gallery-grid\"><li class=\"blocks-gallery-item\"><figure><img loading=\"lazy\" width=\"700\" height=\"525\" src=\"https:\/\/www.mendoza.gov.ar\/wp-content\/uploads\/sites\/5\/2025\/01\/P-700x525.jpg\" alt=\"\" data-id=\"452123\" data-full-url=\"https:\/\/www.mendoza.gov.ar\/wp-content\/uploads\/sites\/5\/2025\/01\/P.jpg\" data-link=\"https:\/\/www.mendoza.gov.ar\/prensa\/?attachment_id=452123\" class=\"wp-image-452123 img-responsive center-block\" srcset=\"https:\/\/www.mendoza.gov.ar\/wp-content\/uploads\/sites\/5\/2025\/01\/P-700x525.jpg 700w, https:\/\/www.mendoza.gov.ar\/wp-content\/uploads\/sites\/5\/2025\/01\/P-250x188.jpg 250w, https:\/\/www.mendoza.gov.ar\/wp-content\/uploads\/sites\/5\/2025\/01\/P-768x576.jpg 768w, https:\/\/www.mendoza.gov.ar\/wp-content\/uploads\/sites\/5\/2025\/01\/P-1536x1152.jpg 1536w, https:\/\/www.mendoza.gov.ar\/wp-content\/uploads\/sites\/5\/2025\/01\/P-120x90.jpg 120w, https:\/\/www.mendoza.gov.ar\/wp-content\/uploads\/sites\/5\/2025\/01\/P.jpg 1600w\" sizes=\"(max-width: 700px) 100vw, 700px\"><\/figure><\/li><li class=\"blocks-gallery-item\"><figure><img loading=\"lazy\" width=\"700\" height=\"394\" src=\"https:\/\/www.mendoza.gov.ar\/wp-content\/uploads\/sites\/5\/2025\/01\/P1-700x394.jpg\" alt=\"\" data-id=\"452124\" data-full-url=\"https:\/\/www.mendoza.gov.ar\/wp-content\/uploads\/sites\/5\/2025\/01\/P1.jpg\" data-link=\"https:\/\/www.mendoza.gov.ar\/prensa\/?attachment_id=452124\" class=\"wp-image-452124 img-responsive center-block\" srcset=\"https:\/\/www.mendoza.gov.ar\/wp-content\/uploads\/sites\/5\/2025\/01\/P1-700x394.jpg 700w, https:\/\/www.mendoza.gov.ar\/wp-content\/uploads\/sites\/5\/2025\/01\/P1-250x141.jpg 250w, https:\/\/www.mendoza.gov.ar\/wp-content\/uploads\/sites\/5\/2025\/01\/P1-768x432.jpg 768w, https:\/\/www.mendoza.gov.ar\/wp-content\/uploads\/sites\/5\/2025\/01\/P1-1536x864.jpg 1536w, https:\/\/www.mendoza.gov.ar\/wp-content\/uploads\/sites\/5\/2025\/01\/P1-120x68.jpg 120w, https:\/\/www.mendoza.gov.ar\/wp-content\/uploads\/sites\/5\/2025\/01\/P1.jpg 1600w\" sizes=\"(max-width: 700px) 100vw, 700px\"><\/figure><\/li><li class=\"blocks-gallery-item\"><figure><img loading=\"lazy\" width=\"700\" height=\"525\" src=\"https:\/\/www.mendoza.gov.ar\/wp-content\/uploads\/sites\/5\/2025\/01\/P2-700x525.jpg\" alt=\"\" data-id=\"452125\" data-full-url=\"https:\/\/www.mendoza.gov.ar\/wp-content\/uploads\/sites\/5\/2025\/01\/P2.jpg\" data-link=\"https:\/\/www.mendoza.gov.ar\/prensa\/?attachment_id=452125\" class=\"wp-image-452125 img-responsive center-block\" srcset=\"https:\/\/www.mendoza.gov.ar\/wp-content\/uploads\/sites\/5\/2025\/01\/P2-700x525.jpg 700w, https:\/\/www.mendoza.gov.ar\/wp-content\/uploads\/sites\/5\/2025\/01\/P2-250x188.jpg 250w, https:\/\/www.mendoza.gov.ar\/wp-content\/uploads\/sites\/5\/2025\/01\/P2-768x576.jpg 768w, https:\/\/www.mendoza.gov.ar\/wp-content\/uploads\/sites\/5\/2025\/01\/P2-1536x1152.jpg 1536w, https:\/\/www.mendoza.gov.ar\/wp-content\/uploads\/sites\/5\/2025\/01\/P2-120x90.jpg 120w, https:\/\/www.mendoza.gov.ar\/wp-content\/uploads\/sites\/5\/2025\/01\/P2.jpg 1600w\" sizes=\"(max-width: 700px) 100vw, 700px\"><\/figure><\/li><li class=\"blocks-gallery-item\"><figure><img loading=\"lazy\" width=\"700\" height=\"525\" src=\"https:\/\/www.mendoza.gov.ar\/wp-content\/uploads\/sites\/5\/2025\/01\/P3-700x525.jpg\" alt=\"\" data-id=\"452126\" data-full-url=\"https:\/\/www.mendoza.gov.ar\/wp-content\/uploads\/sites\/5\/2025\/01\/P3.jpg\" data-link=\"https:\/\/www.mendoza.gov.ar\/prensa\/?attachment_id=452126\" class=\"wp-image-452126 img-responsive center-block\" srcset=\"https:\/\/www.mendoza.gov.ar\/wp-content\/uploads\/sites\/5\/2025\/01\/P3-700x525.jpg 700w, https:\/\/www.mendoza.gov.ar\/wp-content\/uploads\/sites\/5\/2025\/01\/P3-250x188.jpg 250w, https:\/\/www.mendoza.gov.ar\/wp-content\/uploads\/sites\/5\/2025\/01\/P3-768x576.jpg 768w, https:\/\/www.mendoza.gov.ar\/wp-content\/uploads\/sites\/5\/2025\/01\/P3-1536x1152.jpg 1536w, https:\/\/www.mendoza.gov.ar\/wp-content\/uploads\/sites\/5\/2025\/01\/P3-120x90.jpg 120w, https:\/\/www.mendoza.gov.ar\/wp-content\/uploads\/sites\/5\/2025\/01\/P3.jpg 1600w\" sizes=\"(max-width: 700px) 100vw, 700px\"><\/figure><\/li><li class=\"blocks-gallery-item\"><figure><img loading=\"lazy\" width=\"700\" height=\"467\" src=\"https:\/\/www.mendoza.gov.ar\/wp-content\/uploads\/sites\/5\/2025\/01\/P4.jpg\" alt=\"\" data-id=\"452127\" data-full-url=\"https:\/\/www.mendoza.gov.ar\/wp-content\/uploads\/sites\/5\/2025\/01\/P4.jpg\" data-link=\"https:\/\/www.mendoza.gov.ar\/prensa\/?attachment_id=452127\" class=\"wp-image-452127 img-responsive center-block\" srcset=\"https:\/\/www.mendoza.gov.ar\/wp-content\/uploads\/sites\/5\/2025\/01\/P4.jpg 700w, https:\/\/www.mendoza.gov.ar\/wp-content\/uploads\/sites\/5\/2025\/01\/P4-250x167.jpg 250w, https:\/\/www.mendoza.gov.ar\/wp-content\/uploads\/sites\/5\/2025\/01\/P4-120x80.jpg 120w\" sizes=\"(max-width: 700px) 100vw, 700px\"><\/figure><\/li><\/ul><\/figure>\n<\/body><\/html>\n","protected":false},"excerpt":{"rendered":"Habr&aacute; talleres gratuitos sobre reciclaje, empleos verdes, econom&iacute;a circular y fauna con expertos de Mendoza, Argentina y el mundo, adem&aacute;s de actividades con la Direcci&oacute;n de Juventudes de Mendoza y plantaci&oacute;n de forestales. Se culminar&aacute; el s&aacute;bado 25 con un tour guiado por el n&uacute;cleo hist&oacute;rico del Parque. En el marco del D&iacute;a Mundial de&#8230; <a class=\"view-article\" href=\"https:\/\/www.mendoza.gov.ar\/prensa\/mendoza-celebra-el-dia-mundial-de-la-educacion-ambiental-con-talleres-actividades-gratuitas-y-un-tour-por-el-parque-san-martin\/\"><\/a>","protected":false},"author":66,"featured_media":452127,"comment_status":"open","ping_status":"open","sticky":false,"template":"","format":"standard","meta":[],"categories":[3037,3039,3065,3],"tags":[],"_links":{"self":[{"href":"https:\/\/www.mendoza.gov.ar\/prensa\/wp-json\/wp\/v2\/posts\/452122"}],"collection":[{"href":"https:\/\/www.mendoza.gov.ar\/prensa\/wp-json\/wp\/v2\/posts"}],"about":[{"href":"https:\/\/www.mendoza.gov.ar\/prensa\/wp-json\/wp\/v2\/types\/post"}],"author":[{"embeddable":true,"href":"https:\/\/www.mendoza.gov.ar\/prensa\/wp-json\/wp\/v2\/users\/66"}],"replies":[{"embeddable":true,"href":"https:\/\/www.mendoza.gov.ar\/prensa\/wp-json\/wp\/v2\/comments?post=452122"}],"version-history":[{"count":6,"href":"https:\/\/www.mendoza.gov.ar\/prensa\/wp-json\/wp\/v2\/posts\/452122\/revisions"}],"predecessor-version":[{"id":452149,"href":"https:\/\/www.mendoza.gov.ar\/prensa\/wp-json\/wp\/v2\/posts\/452122\/revisions\/452149"}],"wp:featuredmedia":[{"embeddable":true,"href":"https:\/\/www.mendoza.gov.ar\/prensa\/wp-json\/wp\/v2\/media\/452127"}],"wp:attachment":[{"href":"https:\/\/www.mendoza.gov.ar\/prensa\/wp-json\/wp\/v2\/media?parent=452122"}],"wp:term":[{"taxonomy":"category","embeddable":true,"href":"https:\/\/www.mendoza.gov.ar\/prensa\/wp-json\/wp\/v2\/categories?post=452122"},{"taxonomy":"post_tag","embeddable":true,"href":"https:\/\/www.mendoza.gov.ar\/prensa\/wp-json\/wp\/v2\/tags?post=452122"}],"curies":[{"name":"wp","href":"https:\/\/api.w.org\/{rel}","templated":true}]}}