{"id":452298,"date":"2025-01-22T13:56:16","date_gmt":"2025-01-22T16:56:16","guid":{"rendered":"https:\/\/www.mendoza.gov.ar\/prensa\/?p=452298"},"modified":"2025-01-23T11:22:09","modified_gmt":"2025-01-23T14:22:09","slug":"el-gobernador-cornejo-recibio-al-embajador-de-emiratos-arabes-unidos-que-se-mostro-interesado-en-la-mineria-en-energias-renovables-y-en-alimentos","status":"publish","type":"post","link":"https:\/\/www.mendoza.gov.ar\/prensa\/el-gobernador-cornejo-recibio-al-embajador-de-emiratos-arabes-unidos-que-se-mostro-interesado-en-la-mineria-en-energias-renovables-y-en-alimentos\/","title":{"rendered":"El Gobernador Cornejo recibi\u00f3 al embajador de Emiratos \u00c1rabes Unidos, que se mostr\u00f3 interesado en la miner\u00eda, en energ\u00edas renovables y en alimentos"},"content":{"rendered":"<!DOCTYPE html PUBLIC \"-\/\/W3C\/\/DTD HTML 4.0 Transitional\/\/EN\" \"http:\/\/www.w3.org\/TR\/REC-html40\/loose.dtd\">\n<html><body><h5>El mandatario recibi&oacute; a Saeed Abdulla Alqemzi para comentarle las diferentes actividades que se desarrollan en la provincia. El emisario pidi&oacute; tener todos los proyectos para poder presentarlos a las partes interesadas.<\/h5>\n\n\n\n<p>En la continuidad de las visitas internacionales, el Gobernador Alfredo Cornejo recibi&oacute; este mi&eacute;rcoles al embajador de Emiratos &Aacute;rabes Unidos en Argentina, en concurrencia con Paraguay y Uruguay, Saeed Abdulla Alqemzi, quien se mostr&oacute; agradecido por la generosa recepci&oacute;n.<\/p>\n\n\n\n<p>Participaron en la reuni&oacute;n la ministra de Energ&iacute;a y Ambiente, Jimena Latorre; el ministro de Producci&oacute;n, Rodolfo Vargas Arizu, y el subsecretario de Relaciones Institucionales de Mendoza, Jos&eacute; Mar&iacute;a Videla S&aacute;enz, como tambi&eacute;n una comitiva que lleg&oacute; con el embajador.<\/p>\n\n\n\n<p>El Gobernador le explic&oacute; al emisario las actividades que realizan los funcionarios presentes y habl&oacute; de la cartera de proyectos que hay en Mendoza que pueden ser del inter&eacute;s de Emiratos &Aacute;rabes Unidos. &ldquo;Tenemos una relaci&oacute;n hist&oacute;rica con la provincia y tenemos muchos temas para tratar. Tenemos un inter&eacute;s particular en miner&iacute;a, &nbsp;sobre todo por el cobre que hay. Vamos a estudiar las oportunidades tanto para la provincia como para el fondo soberano&rdquo;, sostuvo Saeed Abdulla Alqemzi, quien expres&oacute; su optimismo por realizar un trabajo en conjunto.<\/p>\n\n\n\n<p>El embajador tambi&eacute;n habl&oacute; de la relaci&oacute;n que tiene el pa&iacute;s &aacute;rabe con ProMendoza y adem&aacute;s mostr&oacute; inter&eacute;s por promover el sector alimentario en su pa&iacute;s. Quiere que Emiratos &Aacute;rabes sea una plataforma importante para los alimentos argentinos.<\/p>\n\n\n\n<p>&ldquo;En nuestro pa&iacute;s hay un intercambio comercial de unos 900 mil millones de d&oacute;lares. F&iacute;jense todas las oportunidades que se pueden generar. Emiratos es para Argentina un lugar ideal para comercializar productos y adem&aacute;s podemos hacer puente con otros pa&iacute;ses de la zona&rdquo;, dijo Saeed Alqemzi.<\/p>\n\n\n\n<p>El emisario adem&aacute;s invit&oacute; a participar a una comitiva mendocina en la 30&ordf; edici&oacute;n de <em>Gulfood<\/em>, el foro m&aacute;s grande del mundo de innovaci&oacute;n alimentaria y poder de marca que se realizar&aacute; del 17 al 21 de febrero en Dubai. Este encuentro re&uacute;ne a m&aacute;s de 5.000 empresas para exhibir m&aacute;s de 100.000 productos relacionados con alimentos, bebidas y <em>catering<\/em>. Mendoza estar&aacute; representada con seis empresas del rubro.<\/p>\n\n\n\n<p>El ministro de Producci&oacute;n sostuvo que Mendoza est&aacute; trabajando en la producci&oacute;n de alfalfa y que ser&iacute;a interesante poder importarla a Emiratos &Aacute;rabes Unidos. &ldquo;Podemos tener 6 o 7 cortes anuales que es lo que necesitan&rdquo;, afirm&oacute; Vargas Arizu. Cabe se&ntilde;alar que el pa&iacute;s de Medio Oriente cuenta con un el mercado importante de alfalfa que mueve alrededor de 500 millones de d&oacute;lares.<\/p>\n\n\n\n<p><strong>Inter&eacute;s por la miner&iacute;a sostenible y energ&iacute;as renovables<\/strong><\/p>\n\n\n\n<p>Dentro de los temas que se trataron en la reuni&oacute;n, la miner&iacute;a sostenible en Mendoza tambi&eacute;n fue del inter&eacute;s de Saeed Abdulla Alqemzi.<\/p>\n\n\n\n<p>La ministra de Energ&iacute;a y Ambiente habl&oacute; de &ldquo;los pasos significativos que dio Mendoza en el &uacute;ltimo tiempo en la miner&iacute;a. Es una industria que est&aacute; abriendo caminos&rdquo;. Latorre hizo referencia a las reservas de cobre en Malarg&uuml;e y a la reciente presentaci&oacute;n de la actualizaci&oacute;n del Informe de Impacto Ambiental de PSJ Cobre Mendocino.<\/p>\n\n\n\n<p>Otro de los temas que despertaron inter&eacute;s en el embajador de Emiratos &Aacute;rabes Unidos fue el de la energ&iacute;a renovable. La ministra destac&oacute; los parques solares que se est&aacute;n desarrollando en la provincia gracias a las inversiones de privados y el apalancamiento de Emesa.<\/p>\n\n\n\n<p>&ldquo;Estamos muy interesados en analizar todas las oportunidades y vamos a ver los detalles. Necesitamos tener todos los proyectos para presentar a las partes interesadas&rdquo;, dijo el embajador, y adem&aacute;s destac&oacute; la rapidez y eficacia con la que se desenvuelve el equipo de Gobierno de Mendoza.<\/p>\n\n\n\n<p>Ambas partes quedaron en continuar con el contacto y las reuniones para pensar en futuras inversiones y tambi&eacute;n en el intercambio comercial.<\/p>\n\n\n\n<figure class=\"wp-block-gallery columns-3\"><ul class=\"blocks-gallery-grid\"><li class=\"blocks-gallery-item\"><figure><a href=\"https:\/\/www.mendoza.gov.ar\/wp-content\/uploads\/sites\/5\/2025\/01\/1DSC_8080.jpg\"><img loading=\"lazy\" width=\"700\" height=\"466\" src=\"https:\/\/www.mendoza.gov.ar\/wp-content\/uploads\/sites\/5\/2025\/01\/1DSC_8080-700x466.jpg\" alt=\"\" data-id=\"452300\" data-full-url=\"https:\/\/www.mendoza.gov.ar\/wp-content\/uploads\/sites\/5\/2025\/01\/1DSC_8080.jpg\" data-link=\"https:\/\/www.mendoza.gov.ar\/prensa\/?attachment_id=452300\" class=\"wp-image-452300 img-responsive center-block\" srcset=\"https:\/\/www.mendoza.gov.ar\/wp-content\/uploads\/sites\/5\/2025\/01\/1DSC_8080-700x466.jpg 700w, https:\/\/www.mendoza.gov.ar\/wp-content\/uploads\/sites\/5\/2025\/01\/1DSC_8080-250x167.jpg 250w, https:\/\/www.mendoza.gov.ar\/wp-content\/uploads\/sites\/5\/2025\/01\/1DSC_8080-768x512.jpg 768w, https:\/\/www.mendoza.gov.ar\/wp-content\/uploads\/sites\/5\/2025\/01\/1DSC_8080-1536x1023.jpg 1536w, https:\/\/www.mendoza.gov.ar\/wp-content\/uploads\/sites\/5\/2025\/01\/1DSC_8080-2048x1364.jpg 2048w, https:\/\/www.mendoza.gov.ar\/wp-content\/uploads\/sites\/5\/2025\/01\/1DSC_8080-120x80.jpg 120w\" sizes=\"(max-width: 700px) 100vw, 700px\"><\/a><\/figure><\/li><li class=\"blocks-gallery-item\"><figure><a href=\"https:\/\/www.mendoza.gov.ar\/wp-content\/uploads\/sites\/5\/2025\/01\/1DSC_8041.jpg\"><img loading=\"lazy\" width=\"700\" height=\"466\" src=\"https:\/\/www.mendoza.gov.ar\/wp-content\/uploads\/sites\/5\/2025\/01\/1DSC_8041-700x466.jpg\" alt=\"\" data-id=\"452301\" data-full-url=\"https:\/\/www.mendoza.gov.ar\/wp-content\/uploads\/sites\/5\/2025\/01\/1DSC_8041.jpg\" data-link=\"https:\/\/www.mendoza.gov.ar\/prensa\/?attachment_id=452301\" class=\"wp-image-452301 img-responsive center-block\" srcset=\"https:\/\/www.mendoza.gov.ar\/wp-content\/uploads\/sites\/5\/2025\/01\/1DSC_8041-700x466.jpg 700w, https:\/\/www.mendoza.gov.ar\/wp-content\/uploads\/sites\/5\/2025\/01\/1DSC_8041-250x167.jpg 250w, https:\/\/www.mendoza.gov.ar\/wp-content\/uploads\/sites\/5\/2025\/01\/1DSC_8041-768x512.jpg 768w, https:\/\/www.mendoza.gov.ar\/wp-content\/uploads\/sites\/5\/2025\/01\/1DSC_8041-1536x1023.jpg 1536w, https:\/\/www.mendoza.gov.ar\/wp-content\/uploads\/sites\/5\/2025\/01\/1DSC_8041-2048x1364.jpg 2048w, https:\/\/www.mendoza.gov.ar\/wp-content\/uploads\/sites\/5\/2025\/01\/1DSC_8041-120x80.jpg 120w\" sizes=\"(max-width: 700px) 100vw, 700px\"><\/a><\/figure><\/li><li class=\"blocks-gallery-item\"><figure><a href=\"https:\/\/www.mendoza.gov.ar\/wp-content\/uploads\/sites\/5\/2025\/01\/1DSC_8038.jpg\"><img loading=\"lazy\" width=\"700\" height=\"428\" src=\"https:\/\/www.mendoza.gov.ar\/wp-content\/uploads\/sites\/5\/2025\/01\/1DSC_8038-700x428.jpg\" alt=\"\" data-id=\"452304\" data-full-url=\"https:\/\/www.mendoza.gov.ar\/wp-content\/uploads\/sites\/5\/2025\/01\/1DSC_8038.jpg\" data-link=\"https:\/\/www.mendoza.gov.ar\/prensa\/?attachment_id=452304\" class=\"wp-image-452304 img-responsive center-block\" srcset=\"https:\/\/www.mendoza.gov.ar\/wp-content\/uploads\/sites\/5\/2025\/01\/1DSC_8038-700x428.jpg 700w, https:\/\/www.mendoza.gov.ar\/wp-content\/uploads\/sites\/5\/2025\/01\/1DSC_8038-250x153.jpg 250w, https:\/\/www.mendoza.gov.ar\/wp-content\/uploads\/sites\/5\/2025\/01\/1DSC_8038-768x470.jpg 768w, https:\/\/www.mendoza.gov.ar\/wp-content\/uploads\/sites\/5\/2025\/01\/1DSC_8038-1536x939.jpg 1536w, https:\/\/www.mendoza.gov.ar\/wp-content\/uploads\/sites\/5\/2025\/01\/1DSC_8038-2048x1253.jpg 2048w, https:\/\/www.mendoza.gov.ar\/wp-content\/uploads\/sites\/5\/2025\/01\/1DSC_8038-120x73.jpg 120w\" sizes=\"(max-width: 700px) 100vw, 700px\"><\/a><\/figure><\/li><li class=\"blocks-gallery-item\"><figure><a href=\"https:\/\/www.mendoza.gov.ar\/wp-content\/uploads\/sites\/5\/2025\/01\/1DSC_8064.jpg\"><img loading=\"lazy\" width=\"700\" height=\"466\" src=\"https:\/\/www.mendoza.gov.ar\/wp-content\/uploads\/sites\/5\/2025\/01\/1DSC_8064-700x466.jpg\" alt=\"\" data-id=\"452302\" data-full-url=\"https:\/\/www.mendoza.gov.ar\/wp-content\/uploads\/sites\/5\/2025\/01\/1DSC_8064.jpg\" data-link=\"https:\/\/www.mendoza.gov.ar\/prensa\/?attachment_id=452302\" class=\"wp-image-452302 img-responsive center-block\" srcset=\"https:\/\/www.mendoza.gov.ar\/wp-content\/uploads\/sites\/5\/2025\/01\/1DSC_8064-700x466.jpg 700w, https:\/\/www.mendoza.gov.ar\/wp-content\/uploads\/sites\/5\/2025\/01\/1DSC_8064-250x167.jpg 250w, https:\/\/www.mendoza.gov.ar\/wp-content\/uploads\/sites\/5\/2025\/01\/1DSC_8064-768x512.jpg 768w, https:\/\/www.mendoza.gov.ar\/wp-content\/uploads\/sites\/5\/2025\/01\/1DSC_8064-1536x1023.jpg 1536w, https:\/\/www.mendoza.gov.ar\/wp-content\/uploads\/sites\/5\/2025\/01\/1DSC_8064-2048x1364.jpg 2048w, https:\/\/www.mendoza.gov.ar\/wp-content\/uploads\/sites\/5\/2025\/01\/1DSC_8064-120x80.jpg 120w\" sizes=\"(max-width: 700px) 100vw, 700px\"><\/a><\/figure><\/li><li class=\"blocks-gallery-item\"><figure><a href=\"https:\/\/www.mendoza.gov.ar\/wp-content\/uploads\/sites\/5\/2025\/01\/1DSC_8044.jpg\"><img loading=\"lazy\" width=\"700\" height=\"466\" src=\"https:\/\/www.mendoza.gov.ar\/wp-content\/uploads\/sites\/5\/2025\/01\/1DSC_8044-700x466.jpg\" alt=\"\" data-id=\"452303\" data-full-url=\"https:\/\/www.mendoza.gov.ar\/wp-content\/uploads\/sites\/5\/2025\/01\/1DSC_8044.jpg\" data-link=\"https:\/\/www.mendoza.gov.ar\/prensa\/?attachment_id=452303\" class=\"wp-image-452303 img-responsive center-block\" srcset=\"https:\/\/www.mendoza.gov.ar\/wp-content\/uploads\/sites\/5\/2025\/01\/1DSC_8044-700x466.jpg 700w, https:\/\/www.mendoza.gov.ar\/wp-content\/uploads\/sites\/5\/2025\/01\/1DSC_8044-250x167.jpg 250w, https:\/\/www.mendoza.gov.ar\/wp-content\/uploads\/sites\/5\/2025\/01\/1DSC_8044-768x512.jpg 768w, https:\/\/www.mendoza.gov.ar\/wp-content\/uploads\/sites\/5\/2025\/01\/1DSC_8044-1536x1023.jpg 1536w, https:\/\/www.mendoza.gov.ar\/wp-content\/uploads\/sites\/5\/2025\/01\/1DSC_8044-2048x1364.jpg 2048w, https:\/\/www.mendoza.gov.ar\/wp-content\/uploads\/sites\/5\/2025\/01\/1DSC_8044-120x80.jpg 120w\" sizes=\"(max-width: 700px) 100vw, 700px\"><\/a><\/figure><\/li><\/ul><\/figure>\n<\/body><\/html>\n","protected":false},"excerpt":{"rendered":"El mandatario recibi&oacute; a Saeed Abdulla Alqemzi para comentarle las diferentes actividades que se desarrollan en la provincia. El emisario pidi&oacute; tener todos los proyectos para poder presentarlos a las partes interesadas. En la continuidad de las visitas internacionales, el Gobernador Alfredo Cornejo recibi&oacute; este mi&eacute;rcoles al embajador de Emiratos &Aacute;rabes Unidos en Argentina, en&#8230; <a class=\"view-article\" href=\"https:\/\/www.mendoza.gov.ar\/prensa\/el-gobernador-cornejo-recibio-al-embajador-de-emiratos-arabes-unidos-que-se-mostro-interesado-en-la-mineria-en-energias-renovables-y-en-alimentos\/\"><\/a>","protected":false},"author":68,"featured_media":452301,"comment_status":"open","ping_status":"open","sticky":false,"template":"","format":"standard","meta":[],"categories":[3,19,15],"tags":[],"_links":{"self":[{"href":"https:\/\/www.mendoza.gov.ar\/prensa\/wp-json\/wp\/v2\/posts\/452298"}],"collection":[{"href":"https:\/\/www.mendoza.gov.ar\/prensa\/wp-json\/wp\/v2\/posts"}],"about":[{"href":"https:\/\/www.mendoza.gov.ar\/prensa\/wp-json\/wp\/v2\/types\/post"}],"author":[{"embeddable":true,"href":"https:\/\/www.mendoza.gov.ar\/prensa\/wp-json\/wp\/v2\/users\/68"}],"replies":[{"embeddable":true,"href":"https:\/\/www.mendoza.gov.ar\/prensa\/wp-json\/wp\/v2\/comments?post=452298"}],"version-history":[{"count":6,"href":"https:\/\/www.mendoza.gov.ar\/prensa\/wp-json\/wp\/v2\/posts\/452298\/revisions"}],"predecessor-version":[{"id":452444,"href":"https:\/\/www.mendoza.gov.ar\/prensa\/wp-json\/wp\/v2\/posts\/452298\/revisions\/452444"}],"wp:featuredmedia":[{"embeddable":true,"href":"https:\/\/www.mendoza.gov.ar\/prensa\/wp-json\/wp\/v2\/media\/452301"}],"wp:attachment":[{"href":"https:\/\/www.mendoza.gov.ar\/prensa\/wp-json\/wp\/v2\/media?parent=452298"}],"wp:term":[{"taxonomy":"category","embeddable":true,"href":"https:\/\/www.mendoza.gov.ar\/prensa\/wp-json\/wp\/v2\/categories?post=452298"},{"taxonomy":"post_tag","embeddable":true,"href":"https:\/\/www.mendoza.gov.ar\/prensa\/wp-json\/wp\/v2\/tags?post=452298"}],"curies":[{"name":"wp","href":"https:\/\/api.w.org\/{rel}","templated":true}]}}