{"id":45320,"date":"2016-01-04T21:22:32","date_gmt":"2016-01-05T00:22:32","guid":{"rendered":"http:\/\/prensa.mendoza.gov.ar\/?p=45320"},"modified":"2016-01-04T21:22:32","modified_gmt":"2016-01-05T00:22:32","slug":"aciar-visito-el-sur-y-evaluo-danos-de-la-tormenta-granicera","status":"publish","type":"post","link":"https:\/\/www.mendoza.gov.ar\/prensa\/aciar-visito-el-sur-y-evaluo-danos-de-la-tormenta-granicera\/","title":{"rendered":"Aciar visit\u00f3 el Sur y evalu\u00f3 da\u00f1os de la tormenta granicera"},"content":{"rendered":"<!DOCTYPE html PUBLIC \"-\/\/W3C\/\/DTD HTML 4.0 Transitional\/\/EN\" \"http:\/\/www.w3.org\/TR\/REC-html40\/loose.dtd\">\n<html><body><p>El subsecretario de Agricultura recorri&oacute; el Sur de la provincia y mantuvo encuentros con productores afectados de la granizada que cay&oacute; el viernes pasado en los departamentos de San Rafael y General Alvear.<\/p>\n<p>&ldquo;Estamos evaluando los da&ntilde;os que dej&oacute; la &uacute;ltima cosecha. Estimamos que son cerca de 100 hect&aacute;reas, aunque no el total de esa superficie tiene fincas&rdquo;, afirm&oacute; el funcionario.<\/p>\n<p>Sobre las medidas que se tomar&aacute;n para revertir el saldo del fen&oacute;meno clim&aacute;tico, Aciar adelant&oacute; que los productores que completen los tr&aacute;mites pertinentes, recibir&aacute;n ayuda del Fondo Solidario Agr&iacute;cola. Pero, adem&aacute;s, la Provincia contar&aacute; con un fondo especial de asistencia que complemente el dinero disponible.<\/p>\n<p>Junto al intendente de General Alvear, Walter Marcolini, se reunieron con representantes de los productores del distrito La Escandinava, que fue uno de los m&aacute;s afectados por la piedra que cay&oacute; el viernes.<\/p>\n<p>En San Rafael, Aciar se reuni&oacute; con productores del poblado La Inda, ubicado en el distrito de Real del Padre. All&iacute; recorri&oacute; fincas y evalu&oacute; los da&ntilde;os por el granizo.<\/p>\n<p>Al momento de dar una respuesta por el que sistema de mitigaci&oacute;n de granizo no estuvo operativo el viernes pasado, Aciar afirm&oacute; que &ldquo;no hab&iacute;a bengalas para que los aviones trabajen. Ya hab&iacute;amos advertido que el stock que recibimos de la gesti&oacute;n pasada era casi nulo y por la demora en la licitaci&oacute;n realizada por la gesti&oacute;n anterior las entregas que recibimos es parcial y en tandas&rdquo;.<\/p>\n<p>Con esta situaci&oacute;n, la Direcci&oacute;n de Contingencias recibi&oacute;, desde el 10 de diciembre hasta la fecha, 940 bengalas antigranizo que se sumaron a las 213 que hab&iacute;a en stock y que fueron utilizadas en distintas tormentas desde esa fecha hasta el jueves pasado.<\/p>\n<p>En este sentido, Aciar record&oacute; que &ldquo;este es un hecho in&eacute;dito en la historia de la lucha antigranizo provincial&rdquo; y adelant&oacute; que &ldquo;se enviar&aacute;n a Fiscal&iacute;a de Estado los expedientes para que ese organismo eval&uacute;e si corresponde sancionar a los responsables&rdquo;.<\/p>\n<p>Aciar tambi&eacute;n mencion&oacute; que Oscar Astorga, director de Contingencias Clim&aacute;ticas, se encuentra en Buenos Aires agilizando los tr&aacute;mites ante la Direcci&oacute;n de Aduanas y el Renar.<\/p>\n<\/body><\/html>\n","protected":false},"excerpt":{"rendered":"El subsecretario de Agricultura y Ganader\u00eda de Mendoza se reuni\u00f3 con productores de General Alvear y San Rafael. Anticip\u00f3 la llegada de fondos.","protected":false},"author":3,"featured_media":45324,"comment_status":"open","ping_status":"open","sticky":false,"template":"","format":"standard","meta":[],"categories":[15],"tags":[],"_links":{"self":[{"href":"https:\/\/www.mendoza.gov.ar\/prensa\/wp-json\/wp\/v2\/posts\/45320"}],"collection":[{"href":"https:\/\/www.mendoza.gov.ar\/prensa\/wp-json\/wp\/v2\/posts"}],"about":[{"href":"https:\/\/www.mendoza.gov.ar\/prensa\/wp-json\/wp\/v2\/types\/post"}],"author":[{"embeddable":true,"href":"https:\/\/www.mendoza.gov.ar\/prensa\/wp-json\/wp\/v2\/users\/3"}],"replies":[{"embeddable":true,"href":"https:\/\/www.mendoza.gov.ar\/prensa\/wp-json\/wp\/v2\/comments?post=45320"}],"version-history":[{"count":0,"href":"https:\/\/www.mendoza.gov.ar\/prensa\/wp-json\/wp\/v2\/posts\/45320\/revisions"}],"wp:featuredmedia":[{"embeddable":true,"href":"https:\/\/www.mendoza.gov.ar\/prensa\/wp-json\/wp\/v2\/media\/45324"}],"wp:attachment":[{"href":"https:\/\/www.mendoza.gov.ar\/prensa\/wp-json\/wp\/v2\/media?parent=45320"}],"wp:term":[{"taxonomy":"category","embeddable":true,"href":"https:\/\/www.mendoza.gov.ar\/prensa\/wp-json\/wp\/v2\/categories?post=45320"},{"taxonomy":"post_tag","embeddable":true,"href":"https:\/\/www.mendoza.gov.ar\/prensa\/wp-json\/wp\/v2\/tags?post=45320"}],"curies":[{"name":"wp","href":"https:\/\/api.w.org\/{rel}","templated":true}]}}