{"id":45329,"date":"2016-01-05T10:13:34","date_gmt":"2016-01-05T13:13:34","guid":{"rendered":"http:\/\/prensa.mendoza.gov.ar\/?p=45329"},"modified":"2016-01-05T10:13:34","modified_gmt":"2016-01-05T13:13:34","slug":"el-gobierno-provincial-desarrolla-acciones-ante-los-inconvenientes-causados-por-las-intensas-lluvias","status":"publish","type":"post","link":"https:\/\/www.mendoza.gov.ar\/prensa\/el-gobierno-provincial-desarrolla-acciones-ante-los-inconvenientes-causados-por-las-intensas-lluvias\/","title":{"rendered":"El Gobierno Provincial desarrolla acciones ante los inconvenientes causados por las intensas lluvias"},"content":{"rendered":"<!DOCTYPE html PUBLIC \"-\/\/W3C\/\/DTD HTML 4.0 Transitional\/\/EN\" \"http:\/\/www.w3.org\/TR\/REC-html40\/loose.dtd\">\n<html><body><p>A ra&iacute;z de las fuertes tormentas que &nbsp;afectan a gran parte del territorio provincial, las autoridades&nbsp;recomiendan a los mendocinos tener precauci&oacute;n a la hora de desplazarse por la v&iacute;a p&uacute;blica ya sea con veh&iacute;culo o como peatones, dado que la gran cantidad de agua precipitada&nbsp;ha provocado la anegaci&oacute;n de calles, la rotura de sem&aacute;foros y la ca&iacute;da de &aacute;rboles en distintas zonas.<\/p>\n<p>La tormenta ha afectado ademas, servicios esenciales como el agua y la electricidad, en grandes sectores del territorio provincial y ha anegado algunas viviendas.<\/p>\n<p>El pron&oacute;stico del Servicio Meteorol&oacute;gico Nacional anticipa que este fen&oacute;meno continuar&aacute; hasta aproximadamente el viernes, con fuertes tormentas e inestabilidad en la alta monta&ntilde;a, por lo que se recomienda a la poblaci&oacute;n tener a mano los siguientes tel&eacute;fonos para afrontar posibles complicaciones.<\/p>\n<p><strong>Tel&eacute;fonos &uacute;tiles<\/strong><\/p>\n<p>Bomberos 100<\/p>\n<p>Defensa Civil 4203384 &nbsp; 42033 85<\/p>\n<p>AYSAM &nbsp;0800 444 8808<\/p>\n<p>EDEMSA &nbsp;0800 333 3672<\/p>\n<p>Desarrollo Social de los distintos municipios<\/p>\n<p><strong>Los servicios p&uacute;blicos<\/strong><\/p>\n<p>Desde el Ente Provincial de Agua y Saneamiento informaron que se est&aacute; realizando un revelamiento sobre cu&aacute;l es el estado de provisi&oacute;n de agua potable.<\/p>\n<p>La Empresa Provincial de Transporte de Mendoza, por su parte, inform&oacute; que el servicios de troles se est&aacute; cumpliendo &nbsp;con algunas demoras provocadas por los inconvenientes que se presentan en las calles que forman parte del recorrido y la provisi&oacute;n del servicio el&eacute;ctrico.<\/p>\n<p>Por otra parte, desde el Ministerio de Infraestructura se inform&oacute; que est&aacute;n relevando da&ntilde;os en escuelas, hospitales y&nbsp;centros de salud para conocer cu&aacute;les han sido afectados y solucionar los inconvenientes, que ser&aacute;n informados oportunamente.<\/p>\n<p><strong>Principales zonas afectadas<\/strong><\/p>\n<p>Los departamentos m&aacute;s afectados son Maip&uacute; y Guaymall&eacute;n en los cuales Contingencia Social ya se encuentra actuando.<\/p>\n<p>Los reclamos deber&aacute;n realizarse ante los municipios, quienes actuar&aacute;n para solucionar los problemas ocasionados por la tormenta de esta madrugada.<\/p>\n<p>Desde el Ministerio de Seguridad de la&nbsp;Provincia se recomienda a la poblaci&oacute;n realizar la denuncia pertinente ante Defensa Civil y esperar con paciencia la asistencia, dado que son numerosas las personas y viviendas afectadas.<\/p>\n<p>&nbsp;<\/p>\n<p>&nbsp;<\/p>\n<p>&nbsp;<\/p>\n<p>&nbsp;<\/p>\n<\/body><\/html>\n","protected":false},"excerpt":{"rendered":"Dada la gran cantidad de agua precipitada se han visto afectados algunos servicios p\u00fablicos. Ramas ca\u00eddas, sem\u00e1foros sin funcionar y calles anegadas son algunas de las principales consecuencias. Contingencia Social se encuentra asistiendo a familias afectadas en los departamentos de Maip\u00fa y Guaymall\u00e9n, principalmente.","protected":false},"author":3,"featured_media":45337,"comment_status":"open","ping_status":"open","sticky":false,"template":"","format":"standard","meta":[],"categories":[19],"tags":[],"_links":{"self":[{"href":"https:\/\/www.mendoza.gov.ar\/prensa\/wp-json\/wp\/v2\/posts\/45329"}],"collection":[{"href":"https:\/\/www.mendoza.gov.ar\/prensa\/wp-json\/wp\/v2\/posts"}],"about":[{"href":"https:\/\/www.mendoza.gov.ar\/prensa\/wp-json\/wp\/v2\/types\/post"}],"author":[{"embeddable":true,"href":"https:\/\/www.mendoza.gov.ar\/prensa\/wp-json\/wp\/v2\/users\/3"}],"replies":[{"embeddable":true,"href":"https:\/\/www.mendoza.gov.ar\/prensa\/wp-json\/wp\/v2\/comments?post=45329"}],"version-history":[{"count":0,"href":"https:\/\/www.mendoza.gov.ar\/prensa\/wp-json\/wp\/v2\/posts\/45329\/revisions"}],"wp:featuredmedia":[{"embeddable":true,"href":"https:\/\/www.mendoza.gov.ar\/prensa\/wp-json\/wp\/v2\/media\/45337"}],"wp:attachment":[{"href":"https:\/\/www.mendoza.gov.ar\/prensa\/wp-json\/wp\/v2\/media?parent=45329"}],"wp:term":[{"taxonomy":"category","embeddable":true,"href":"https:\/\/www.mendoza.gov.ar\/prensa\/wp-json\/wp\/v2\/categories?post=45329"},{"taxonomy":"post_tag","embeddable":true,"href":"https:\/\/www.mendoza.gov.ar\/prensa\/wp-json\/wp\/v2\/tags?post=45329"}],"curies":[{"name":"wp","href":"https:\/\/api.w.org\/{rel}","templated":true}]}}