{"id":45344,"date":"2016-01-05T10:57:47","date_gmt":"2016-01-05T13:57:47","guid":{"rendered":"http:\/\/prensa.mendoza.gov.ar\/?p=45344"},"modified":"2016-01-05T10:57:47","modified_gmt":"2016-01-05T13:57:47","slug":"debido-a-las-tormentas-el-cerro-de-la-gloria-vuelve-a-quedar-cerrado","status":"publish","type":"post","link":"https:\/\/www.mendoza.gov.ar\/prensa\/debido-a-las-tormentas-el-cerro-de-la-gloria-vuelve-a-quedar-cerrado\/","title":{"rendered":"Debido a las tormentas, el acceso al Cerro de la Gloria vuelve a quedar cerrado  \u00a0"},"content":{"rendered":"<!DOCTYPE html PUBLIC \"-\/\/W3C\/\/DTD HTML 4.0 Transitional\/\/EN\" \"http:\/\/www.w3.org\/TR\/REC-html40\/loose.dtd\">\n<html><body><p>La Secretar&iacute;a de Ambiente y Ordenamiento Territorial de la provincia informa, que debido a las fuertes tormentas que se registraron a primeras horas del d&iacute;a, el Cerro de la Gloria se encuentra temporalmente inhabilitado por derrumbes en los accesos al paseo.<\/p>\n<p>Desde la Direcci&oacute;n de Parques y Zool&oacute;gicos, el personal se encuentra trabajando en la zona y se est&aacute;n realizando todos los operativos de limpieza correspondientes desde esta ma&ntilde;ana. El paseo se volver&aacute; a encontrar habilitado el jueves por la tarde, siempre y cuando no se reporten nuevas tormentas.<\/p>\n<\/body><\/html>\n","protected":false},"excerpt":{"rendered":"Las fuertes condiciones clim\u00e1ticas de esta ma\u00f1ana volvieron a dejar inhabilitado el paseo. Personal de la Direcci\u00f3n de Parques y Zool\u00f3gicos se encuentran trabajando en el lugar.","protected":false},"author":3,"featured_media":45384,"comment_status":"open","ping_status":"open","sticky":false,"template":"","format":"standard","meta":[],"categories":[3],"tags":[],"_links":{"self":[{"href":"https:\/\/www.mendoza.gov.ar\/prensa\/wp-json\/wp\/v2\/posts\/45344"}],"collection":[{"href":"https:\/\/www.mendoza.gov.ar\/prensa\/wp-json\/wp\/v2\/posts"}],"about":[{"href":"https:\/\/www.mendoza.gov.ar\/prensa\/wp-json\/wp\/v2\/types\/post"}],"author":[{"embeddable":true,"href":"https:\/\/www.mendoza.gov.ar\/prensa\/wp-json\/wp\/v2\/users\/3"}],"replies":[{"embeddable":true,"href":"https:\/\/www.mendoza.gov.ar\/prensa\/wp-json\/wp\/v2\/comments?post=45344"}],"version-history":[{"count":0,"href":"https:\/\/www.mendoza.gov.ar\/prensa\/wp-json\/wp\/v2\/posts\/45344\/revisions"}],"wp:featuredmedia":[{"embeddable":true,"href":"https:\/\/www.mendoza.gov.ar\/prensa\/wp-json\/wp\/v2\/media\/45384"}],"wp:attachment":[{"href":"https:\/\/www.mendoza.gov.ar\/prensa\/wp-json\/wp\/v2\/media?parent=45344"}],"wp:term":[{"taxonomy":"category","embeddable":true,"href":"https:\/\/www.mendoza.gov.ar\/prensa\/wp-json\/wp\/v2\/categories?post=45344"},{"taxonomy":"post_tag","embeddable":true,"href":"https:\/\/www.mendoza.gov.ar\/prensa\/wp-json\/wp\/v2\/tags?post=45344"}],"curies":[{"name":"wp","href":"https:\/\/api.w.org\/{rel}","templated":true}]}}