{"id":45363,"date":"2016-01-05T13:06:21","date_gmt":"2016-01-05T16:06:21","guid":{"rendered":"http:\/\/prensa.mendoza.gov.ar\/?p=45363"},"modified":"2016-01-05T13:06:21","modified_gmt":"2016-01-05T16:06:21","slug":"numerosos-equipos-semaforicos-afectados-por-la-lluvias","status":"publish","type":"post","link":"https:\/\/www.mendoza.gov.ar\/prensa\/numerosos-equipos-semaforicos-afectados-por-la-lluvias\/","title":{"rendered":"Servicios P\u00fablicos dio a conocer el listado de equipos semaf\u00f3ricos afectados por la tormenta"},"content":{"rendered":"<!DOCTYPE html PUBLIC \"-\/\/W3C\/\/DTD HTML 4.0 Transitional\/\/EN\" \"http:\/\/www.w3.org\/TR\/REC-html40\/loose.dtd\">\n<html><body><p>Debido a las intensas lluvias que afectan a la provincia en estas &uacute;ltimas&nbsp;horas, varios sem&aacute;foros se encuentran fuera de servicio a causa de<br>\ncortocircuitos y falta de energ&iacute;a.<\/p>\n<p>Es por eso que la Secretar&iacute;a de Servicios P&uacute;blicos solicita a la poblaci&oacute;n desplazarse con suma precauci&oacute;n a la hora de transitar las distintas calles del Gran Mendoza, tanto a peatones como conductores.<\/p>\n<p>A continuaci&oacute;n damos un detalle de los equipos afectados:<\/p>\n<p>Barraquero y San Mart&iacute;n<br>\nSan Mart&iacute;n y Urquiza<br>\n9 de Julio y San Lorenzo<br>\nBoulogne Sur Mer. y A. Villanueva<br>\nBoulogne Sur Mer y E. Civil<br>\nMitre y Colon<br>\nPedro Molina y Allayme<br>\nCol&oacute;n y Espa&ntilde;a<br>\nToso y Costanera<br>\nP. Vargas y Costanera<br>\nL. Moyano y P Segura<br>\nIndependencia y Acceso Norte<br>\nSan Mart&iacute;n y Guido Espano<br>\nSan Mart&iacute;n y Rivadavia<br>\nSan Mart&iacute;n y Urquiza<br>\nCervantino y Urquiza<br>\nPatrios y Moreno<br>\nRuta 50 y Savio<br>\nCorredor y Paran&aacute;<br>\nCorredor y J. B. Justo<br>\n25 de Mayo y Colon<br>\nCol&oacute;n y Espa&ntilde;a<br>\nPaso de los Andes y Maure<\/p>\n<p>Los t&eacute;cnicos ir&aacute;n solucionando los desperfectos a medida que el tiempo as&iacute;&nbsp;lo permita.<\/p>\n<p>Quienes deseen comunicar equipos fuera de servicio pueden hacerlo al&nbsp;0800-999-2001.<\/p>\n<p>En tanto, se informa a todos los usuarios de las diferentes l&iacute;neas de&nbsp;trole que las misma circulan con normalidad pero con demoras en sus<br>\nfrecuencias.<\/p>\n<\/body><\/html>\n","protected":false},"excerpt":{"rendered":"Los t\u00e9cnicos se encuentran solucionando los desperfectos a medida que el tiempo as\u00ed lo permita. Los equipos fuera de servicio pueden denunciarse al 0800-999-2001. Las l\u00edneas de\u00a0trole funcionan con algunas demoras.","protected":false},"author":3,"featured_media":45364,"comment_status":"open","ping_status":"open","sticky":false,"template":"","format":"standard","meta":[],"categories":[1],"tags":[],"_links":{"self":[{"href":"https:\/\/www.mendoza.gov.ar\/prensa\/wp-json\/wp\/v2\/posts\/45363"}],"collection":[{"href":"https:\/\/www.mendoza.gov.ar\/prensa\/wp-json\/wp\/v2\/posts"}],"about":[{"href":"https:\/\/www.mendoza.gov.ar\/prensa\/wp-json\/wp\/v2\/types\/post"}],"author":[{"embeddable":true,"href":"https:\/\/www.mendoza.gov.ar\/prensa\/wp-json\/wp\/v2\/users\/3"}],"replies":[{"embeddable":true,"href":"https:\/\/www.mendoza.gov.ar\/prensa\/wp-json\/wp\/v2\/comments?post=45363"}],"version-history":[{"count":0,"href":"https:\/\/www.mendoza.gov.ar\/prensa\/wp-json\/wp\/v2\/posts\/45363\/revisions"}],"wp:featuredmedia":[{"embeddable":true,"href":"https:\/\/www.mendoza.gov.ar\/prensa\/wp-json\/wp\/v2\/media\/45364"}],"wp:attachment":[{"href":"https:\/\/www.mendoza.gov.ar\/prensa\/wp-json\/wp\/v2\/media?parent=45363"}],"wp:term":[{"taxonomy":"category","embeddable":true,"href":"https:\/\/www.mendoza.gov.ar\/prensa\/wp-json\/wp\/v2\/categories?post=45363"},{"taxonomy":"post_tag","embeddable":true,"href":"https:\/\/www.mendoza.gov.ar\/prensa\/wp-json\/wp\/v2\/tags?post=45363"}],"curies":[{"name":"wp","href":"https:\/\/api.w.org\/{rel}","templated":true}]}}