{"id":45388,"date":"2016-01-05T15:15:50","date_gmt":"2016-01-05T18:15:50","guid":{"rendered":"http:\/\/prensa.mendoza.gov.ar\/?p=45388"},"modified":"2016-01-05T15:15:50","modified_gmt":"2016-01-05T18:15:50","slug":"la-fundacion-promendoza-renovo-sus-autoridades","status":"publish","type":"post","link":"https:\/\/www.mendoza.gov.ar\/prensa\/la-fundacion-promendoza-renovo-sus-autoridades\/","title":{"rendered":"La Fundaci\u00f3n ProMendoza renov\u00f3 sus autoridades"},"content":{"rendered":"<!DOCTYPE html PUBLIC \"-\/\/W3C\/\/DTD HTML 4.0 Transitional\/\/EN\" \"http:\/\/www.w3.org\/TR\/REC-html40\/loose.dtd\">\n<html><body><p>En representaci&oacute;n de Ministro de Econom&iacute;a, Infraestructura y Energ&iacute;a, Enrique Vaqui&eacute;, participar&aacute;n el Parlamentario del Mercosur, Gabriel Fidel, el Asesor de Gobierno, Mario L&aacute;zaro y el Subsecretario de Industria y Comercio, Guillermo Cruz. Por la Bolsa de Comercio participar&aacute; Jorge P&eacute;rez Cuesta, por la Federaci&oacute;n Econ&oacute;mica de Mendoza, Adolfo Tr&iacute;podi y Daniel Donna. Por la Uni&oacute;n de Comercio e Industria de Mendoza continuar&aacute; Daniel Ariosto a cargo de la presidencia.<\/p>\n<p>Es importante destacar que adem&aacute;s de la tarea inherente al Parlasur, Gabriel Fidel cumplir&aacute; funciones en la Fundaci&oacute;n ProMendoza, por decisi&oacute;n del actual Gobernador Alfredo Cornejo, a fin de colaborar con la internacionalizaci&oacute;n de las PyMes de la Provincia. En ese marco el Ministro Enrique Vaqui&eacute; deleg&oacute; en Fidel su representaci&oacute;n en el Consejo de Administraci&oacute;n de ProMendoza.<\/p>\n<p>Por su parte Mario L&aacute;zaro, Asesor de Econom&iacute;a y especialista en Comercio Exterior tambi&eacute;n formar&aacute; parte del Consejo Directivo. Mientras que el Subsecretario Guillermo Cruz ser&aacute; suplente en los cargos que ocupa el Gobierno dentro del Consejo.<\/p>\n<p>La oficina de Atracci&oacute;n de Inversiones volver&aacute; a ProMendoza para trabajar en nuevas inversiones para la provincia y Cooperaci&oacute;n Internacional y el gerente de ProMendoza ser&aacute; Fernando Urdaniz, empleado de carrera que participa de las acciones de la Fundaci&oacute;n desde su creaci&oacute;n y una de las personas que m&aacute;s conoce de la administraci&oacute;n y el manejo de la instituci&oacute;n.<\/p>\n<p>Durante la reuni&oacute;n, Gabriel Fidel expres&oacute; que &ldquo;con estas acciones el Gobierno muestra su compromiso con una Mendoza orientada hacia las exportaciones, que sea capaz de atraer inversiones, capaz de vincularse fuertemente con las estrategias nacionales de acuerdo comerciales y de cooperaci&oacute;n. En definitiva llego para ocuparme de estas acciones sin dejar de lado mis funciones como Parlamentario del Mercosur&rdquo;, aclar&oacute;.<\/p>\n<p>&ldquo;ProMendoza ha sido desde hace muchos a&ntilde;os una pol&iacute;tica de Estado, que ha trascendido los Gobiernos y los colores pol&iacute;ticos y uno de los grandes activos y grandes estrategias que ha tenido siempre la provincia de Mendoza que hoy queremos relanzarla y fortalecerla&rdquo;, culmin&oacute; Gabriel Fidel.<\/p>\n<p><strong>Cuatro &aacute;reas de trabajo<\/strong><\/p>\n<p>Fidel expres&oacute; que ProMendoza trabajar&aacute; en cuatro &aacute;reas: Promoci&oacute;n Comercial, en &ldquo;donde haremos &eacute;nfasis en la expansi&oacute;n y el aumento de las exportaciones, adem&aacute;s de trabajar en la incorporaci&oacute;n de nuevos exportadores y un mayor protagonismo de nuevos sectores en la estrategia exportadora de Mendoza: metalmec&aacute;nica, inform&aacute;tica, industrias creativas, audiovisuales y otros sectores de servicios.<\/p>\n<p>Todo esto sin olvidar las exportaciones tradicionales de ajo, fruta, vinos, entre otros&rdquo;.<\/p>\n<p>&ldquo;Se trabajar&aacute; adem&aacute;s en Atracci&oacute;n de Inversiones y Cooperaci&oacute;n Internacional no s&oacute;lo en los aspectos comerciales, sino en educaci&oacute;n, cultura y turismo.<\/p>\n<p>Por &uacute;ltimo se participar&aacute; en Acuerdos o negociaciones internacionales, Mendoza no puede estar afuera de los acuerdos que encara Argentina proyect&aacute;ndose al mundo. Mendoza debe ser protagonista en las Relaciones internacionales con Uni&oacute;n Europea, la Alianza del Pac&iacute;fico y tratados con los pa&iacute;ses de Asia&rdquo; asegur&oacute; el Parlamentario.<\/p>\n<p>Fidel destac&oacute; para culminar que trabajar&aacute; con la planta actual de la Fundaci&oacute;n ProMendoza ya que &ldquo;posee un equipo t&eacute;cnico muy bueno, muy s&oacute;lido queremos que tenga un gran protagonismo y ayude a la provincia en las acciones de expansi&oacute;n&rdquo;.<\/p>\n<\/body><\/html>\n","protected":false},"excerpt":{"rendered":"Una nueva etapa se inicia en la Fundaci\u00f3n ProMendoza. Se reuni\u00f3 hoy en Consejo de Administraci\u00f3n y qued\u00f3 aprobada la designaci\u00f3n de sus nuevos integrantes. ","protected":false},"author":3,"featured_media":45438,"comment_status":"open","ping_status":"open","sticky":false,"template":"","format":"standard","meta":[],"categories":[1],"tags":[],"_links":{"self":[{"href":"https:\/\/www.mendoza.gov.ar\/prensa\/wp-json\/wp\/v2\/posts\/45388"}],"collection":[{"href":"https:\/\/www.mendoza.gov.ar\/prensa\/wp-json\/wp\/v2\/posts"}],"about":[{"href":"https:\/\/www.mendoza.gov.ar\/prensa\/wp-json\/wp\/v2\/types\/post"}],"author":[{"embeddable":true,"href":"https:\/\/www.mendoza.gov.ar\/prensa\/wp-json\/wp\/v2\/users\/3"}],"replies":[{"embeddable":true,"href":"https:\/\/www.mendoza.gov.ar\/prensa\/wp-json\/wp\/v2\/comments?post=45388"}],"version-history":[{"count":0,"href":"https:\/\/www.mendoza.gov.ar\/prensa\/wp-json\/wp\/v2\/posts\/45388\/revisions"}],"wp:featuredmedia":[{"embeddable":true,"href":"https:\/\/www.mendoza.gov.ar\/prensa\/wp-json\/wp\/v2\/media\/45438"}],"wp:attachment":[{"href":"https:\/\/www.mendoza.gov.ar\/prensa\/wp-json\/wp\/v2\/media?parent=45388"}],"wp:term":[{"taxonomy":"category","embeddable":true,"href":"https:\/\/www.mendoza.gov.ar\/prensa\/wp-json\/wp\/v2\/categories?post=45388"},{"taxonomy":"post_tag","embeddable":true,"href":"https:\/\/www.mendoza.gov.ar\/prensa\/wp-json\/wp\/v2\/tags?post=45388"}],"curies":[{"name":"wp","href":"https:\/\/api.w.org\/{rel}","templated":true}]}}