{"id":45440,"date":"2016-01-06T12:50:30","date_gmt":"2016-01-06T15:50:30","guid":{"rendered":"http:\/\/prensa.mendoza.gov.ar\/?p=45440"},"modified":"2016-01-06T12:50:30","modified_gmt":"2016-01-06T15:50:30","slug":"vaquie-el-presupuesto-esta-disenado-para-transparentar-la-situacion-actual-de-la-provincia","status":"publish","type":"post","link":"https:\/\/www.mendoza.gov.ar\/prensa\/vaquie-el-presupuesto-esta-disenado-para-transparentar-la-situacion-actual-de-la-provincia\/","title":{"rendered":"Vaqui\u00e9: \u201cEl presupuesto est\u00e1 dise\u00f1ado para transparentar la situaci\u00f3n actual de la provincia\u201d"},"content":{"rendered":"<!DOCTYPE html PUBLIC \"-\/\/W3C\/\/DTD HTML 4.0 Transitional\/\/EN\" \"http:\/\/www.w3.org\/TR\/REC-html40\/loose.dtd\">\n<html><body><p>El ministro de Econom&iacute;a, Infraestructura y Energ&iacute;a, Enrique Vaqui&eacute;, asisti&oacute; a la Legislatura provincial donde brind&oacute; detalles sobre los aspectos vinculados al dise&ntilde;o de la pauta de gastos &nbsp;para el 2016.<\/p>\n<p>&ldquo;El presupuesto intenta decir la verdad, blanquear cu&aacute;l es la situaci&oacute;n financiera de la provincia y no generar expectativas que despu&eacute;s no podamos cumplir, porque con la mentira como cimiento no se construye nada&rdquo;, expres&oacute; el Ministro.<\/p>\n<p>En sus declaraciones, Vaqui&eacute; asegur&oacute; que la cartera que conduce &ldquo;tiene poco dinero porque la situaci&oacute;n fiscal de Mendoza es muy mala&rdquo;. Sin embargo advirti&oacute; que el camino a seguir est&aacute; trazado en gestionar convenios con el Gobierno Nacional y usar instrumentos que el Ministerio tiene, m&aacute;s all&aacute; del presupuesto, para dar respuesta al sector productivo.<\/p>\n<p>&ldquo;Estoy usando algunas leyes que est&aacute;n vigentes y que hace mucho tiempo que no se aplican para conseguir cr&eacute;dito presupuestario para obra p&uacute;blica, puntualmente para el IPV&rdquo;, indic&oacute;. En esta misma l&iacute;nea y respecto al sector productivo, el Ministro intentar&aacute; darle una direcci&oacute;n distinta a fondos que el Ministerio tiene y actualmente se encuentran ociosos. La idea de Vaqui&eacute;, adem&aacute;s es acordar con el Estado Nacional fondos para la Vitivinicultura.<\/p>\n<p><strong>Lucha Antigranizo<\/strong><\/p>\n<p>Otra preocupaci&oacute;n que manifest&oacute; el ministro Vaqui&eacute; es la compra de las bengalas para la lucha antigranizo. &ldquo;Hac&iacute;a 16 meses que no llegaban&nbsp;cartuchos en tiempo y forma, hab&iacute;a 213 en stock y una orden de pago incompleta, tuvimos que hacer todos los tr&aacute;mites a contrarreloj&rdquo; detall&oacute;.<\/p>\n<p>Por esto hoy el subsecretario de Agricultura, Alfredo Aciar, present&oacute; una denuncia en Fiscal&iacute;a de Estado para que se investigue la demora en la compra de bengalas destinadas a esta labor.<\/p>\n<\/body><\/html>\n","protected":false},"excerpt":{"rendered":"El Ministro confi\u00f3 en que se puedan generar acuerdos con el Gobierno Nacional y reactivar fondos en desuso para destinarlos al sector productivo. ","protected":false},"author":3,"featured_media":45441,"comment_status":"open","ping_status":"open","sticky":false,"template":"","format":"standard","meta":[],"categories":[15],"tags":[],"_links":{"self":[{"href":"https:\/\/www.mendoza.gov.ar\/prensa\/wp-json\/wp\/v2\/posts\/45440"}],"collection":[{"href":"https:\/\/www.mendoza.gov.ar\/prensa\/wp-json\/wp\/v2\/posts"}],"about":[{"href":"https:\/\/www.mendoza.gov.ar\/prensa\/wp-json\/wp\/v2\/types\/post"}],"author":[{"embeddable":true,"href":"https:\/\/www.mendoza.gov.ar\/prensa\/wp-json\/wp\/v2\/users\/3"}],"replies":[{"embeddable":true,"href":"https:\/\/www.mendoza.gov.ar\/prensa\/wp-json\/wp\/v2\/comments?post=45440"}],"version-history":[{"count":0,"href":"https:\/\/www.mendoza.gov.ar\/prensa\/wp-json\/wp\/v2\/posts\/45440\/revisions"}],"wp:featuredmedia":[{"embeddable":true,"href":"https:\/\/www.mendoza.gov.ar\/prensa\/wp-json\/wp\/v2\/media\/45441"}],"wp:attachment":[{"href":"https:\/\/www.mendoza.gov.ar\/prensa\/wp-json\/wp\/v2\/media?parent=45440"}],"wp:term":[{"taxonomy":"category","embeddable":true,"href":"https:\/\/www.mendoza.gov.ar\/prensa\/wp-json\/wp\/v2\/categories?post=45440"},{"taxonomy":"post_tag","embeddable":true,"href":"https:\/\/www.mendoza.gov.ar\/prensa\/wp-json\/wp\/v2\/tags?post=45440"}],"curies":[{"name":"wp","href":"https:\/\/api.w.org\/{rel}","templated":true}]}}