{"id":45452,"date":"2016-01-06T15:00:53","date_gmt":"2016-01-06T18:00:53","guid":{"rendered":"http:\/\/prensa.mendoza.gov.ar\/?p=45452"},"modified":"2016-01-06T15:00:53","modified_gmt":"2016-01-06T18:00:53","slug":"se-habilito-el-acceso-al-cerro-de-la-gloria","status":"publish","type":"post","link":"https:\/\/www.mendoza.gov.ar\/prensa\/se-habilito-el-acceso-al-cerro-de-la-gloria\/","title":{"rendered":"Qued\u00f3 habilitado el acceso al Cerro de la Gloria"},"content":{"rendered":"<!DOCTYPE html PUBLIC \"-\/\/W3C\/\/DTD HTML 4.0 Transitional\/\/EN\" \"http:\/\/www.w3.org\/TR\/REC-html40\/loose.dtd\">\n<html><body><p>La Direcci&oacute;n de Ambiente y Ordenamiento Territorial inform&oacute; que, luego de las precipitaciones ocurridas en los &uacute;ltimos d&iacute;as, el Cerro de la Gloria ya se encuentra abierto&nbsp;para la circulaci&oacute;n de veh&iacute;culos y peatones.<\/p>\n<p>Los trabajos de despeje en los caminos&nbsp;a la cima del cerro culminaron durante la ma&ntilde;ana de este martes. De esta manera el paseo vuelve a su horario habitual, de 9 a 18, de lunes a viernes y fines de semana de 9 a 19.<\/p>\n<\/body><\/html>\n","protected":false},"excerpt":{"rendered":"Despu\u00e9s del trabajo realizado por personal de la Direcci\u00f3n de Parques y Zool\u00f3gicos, el acceso al monumento se encuentra nuevamente habilitado. As\u00ed lo anunci\u00f3 la Secretar\u00eda de Ambiente y Ordenamiento Territorial.  ","protected":false},"author":3,"featured_media":45464,"comment_status":"open","ping_status":"open","sticky":false,"template":"","format":"standard","meta":[],"categories":[3],"tags":[],"_links":{"self":[{"href":"https:\/\/www.mendoza.gov.ar\/prensa\/wp-json\/wp\/v2\/posts\/45452"}],"collection":[{"href":"https:\/\/www.mendoza.gov.ar\/prensa\/wp-json\/wp\/v2\/posts"}],"about":[{"href":"https:\/\/www.mendoza.gov.ar\/prensa\/wp-json\/wp\/v2\/types\/post"}],"author":[{"embeddable":true,"href":"https:\/\/www.mendoza.gov.ar\/prensa\/wp-json\/wp\/v2\/users\/3"}],"replies":[{"embeddable":true,"href":"https:\/\/www.mendoza.gov.ar\/prensa\/wp-json\/wp\/v2\/comments?post=45452"}],"version-history":[{"count":0,"href":"https:\/\/www.mendoza.gov.ar\/prensa\/wp-json\/wp\/v2\/posts\/45452\/revisions"}],"wp:featuredmedia":[{"embeddable":true,"href":"https:\/\/www.mendoza.gov.ar\/prensa\/wp-json\/wp\/v2\/media\/45464"}],"wp:attachment":[{"href":"https:\/\/www.mendoza.gov.ar\/prensa\/wp-json\/wp\/v2\/media?parent=45452"}],"wp:term":[{"taxonomy":"category","embeddable":true,"href":"https:\/\/www.mendoza.gov.ar\/prensa\/wp-json\/wp\/v2\/categories?post=45452"},{"taxonomy":"post_tag","embeddable":true,"href":"https:\/\/www.mendoza.gov.ar\/prensa\/wp-json\/wp\/v2\/tags?post=45452"}],"curies":[{"name":"wp","href":"https:\/\/api.w.org\/{rel}","templated":true}]}}