{"id":45471,"date":"2016-01-06T16:20:55","date_gmt":"2016-01-06T19:20:55","guid":{"rendered":"http:\/\/prensa.mendoza.gov.ar\/?p=45471"},"modified":"2016-01-06T16:20:55","modified_gmt":"2016-01-06T19:20:55","slug":"denuncian-demora-en-la-provision-de-bengalas-antigranizo","status":"publish","type":"post","link":"https:\/\/www.mendoza.gov.ar\/prensa\/denuncian-demora-en-la-provision-de-bengalas-antigranizo\/","title":{"rendered":"Denuncian demora en la provisi\u00f3n de bengalas antigranizo"},"content":{"rendered":"<!DOCTYPE html PUBLIC \"-\/\/W3C\/\/DTD HTML 4.0 Transitional\/\/EN\" \"http:\/\/www.w3.org\/TR\/REC-html40\/loose.dtd\">\n<html><body><p>Esta ma&ntilde;ana se present&oacute; ante la Fiscal&iacute;a de Estado, el subsecretario de Agricultura, Alfredo Aciar para solicitar que se investiguen las irregularidades administrativas que devienen en la falta de stock de cartuchos y bengalas para la lucha antigranizo.<\/p>\n<p>Seg&uacute;n este documento, el funcionario solicit&oacute; que &ldquo;se determine la responsabilidad funcional por la que se omiti&oacute; la actividad administrativa que ha dado como resultado una in&eacute;dita situaci&oacute;n que impide activar los protocolos de intervenci&oacute;n activa mediante la siembra de material pirot&eacute;cnico&rdquo;.<\/p>\n<p>Seg&uacute;n destac&oacute; Aciar, en di&aacute;logo con la prensa, &ldquo;en los galpones s&oacute;lo hab&iacute;a 213 bengalas y se necesitan 10 mil para atender una campa&ntilde;a&rdquo;, y agreg&oacute;: &ldquo;hoy tendr&iacute;a que haber llegado un cargamento pero hubo nuevamente una reprogramaci&oacute;n en la entrega que torna preocupante la situaci&oacute;n&rdquo;.<\/p>\n<p>En este contexto, record&oacute; que &ldquo;por la falta de material los aviones no pudieron realizar la siembra de nubes, lo que trajo como consecuencia que no se pudiese mitigar el temporal de granizo que el jueves 31 de diciembre afect&oacute; la zona Este de San Rafael y Oeste de General Alvear da&ntilde;ando casas, autos y fincas en los distritos Real del Padre y La Escandinava&rdquo;.<\/p>\n<p><strong>Antecedentes y consecuencias<\/strong><\/p>\n<p>La denuncia se&ntilde;ala que a principios de 2015, la Provincia rescindi&oacute; parcialmente el contrato de provisi&oacute;n de material con la empresa adjudicataria por fallas reiteradas, un mes despu&eacute;s autoriz&oacute; un nuevo llamado a licitaci&oacute;n y siete meses m&aacute;s tarde se adjudic&oacute; por casi 8 millones de pesos a la firma norteamericana Ice Crystal.<\/p>\n<p>Seg&uacute;n indica el escrito presentado ante el fiscal Fernando Sim&oacute;n, la falta de suministro provoca un doble da&ntilde;o al Estado. El primer perjuicio recae en los costos de funcionamiento de una estructura t&eacute;cnica especializada que no puede actuar por falta de insumos y el segundo es que podr&iacute;a verse afectado el Fondo Solidario Agr&iacute;cola por un incremento en la atenci&oacute;n eventual a productores afectados.<\/p>\n<\/body><\/html>\n","protected":false},"excerpt":{"rendered":"El subsecretario de Agricultura, Alfredo Aciar, entreg\u00f3 un escrito en la Fiscal\u00eda de Estado que declara que desde hace 16 meses es insuficiente la provisi\u00f3n de insumos pirot\u00e9cnicos.","protected":false},"author":3,"featured_media":45476,"comment_status":"open","ping_status":"open","sticky":false,"template":"","format":"standard","meta":[],"categories":[1],"tags":[],"_links":{"self":[{"href":"https:\/\/www.mendoza.gov.ar\/prensa\/wp-json\/wp\/v2\/posts\/45471"}],"collection":[{"href":"https:\/\/www.mendoza.gov.ar\/prensa\/wp-json\/wp\/v2\/posts"}],"about":[{"href":"https:\/\/www.mendoza.gov.ar\/prensa\/wp-json\/wp\/v2\/types\/post"}],"author":[{"embeddable":true,"href":"https:\/\/www.mendoza.gov.ar\/prensa\/wp-json\/wp\/v2\/users\/3"}],"replies":[{"embeddable":true,"href":"https:\/\/www.mendoza.gov.ar\/prensa\/wp-json\/wp\/v2\/comments?post=45471"}],"version-history":[{"count":0,"href":"https:\/\/www.mendoza.gov.ar\/prensa\/wp-json\/wp\/v2\/posts\/45471\/revisions"}],"wp:featuredmedia":[{"embeddable":true,"href":"https:\/\/www.mendoza.gov.ar\/prensa\/wp-json\/wp\/v2\/media\/45476"}],"wp:attachment":[{"href":"https:\/\/www.mendoza.gov.ar\/prensa\/wp-json\/wp\/v2\/media?parent=45471"}],"wp:term":[{"taxonomy":"category","embeddable":true,"href":"https:\/\/www.mendoza.gov.ar\/prensa\/wp-json\/wp\/v2\/categories?post=45471"},{"taxonomy":"post_tag","embeddable":true,"href":"https:\/\/www.mendoza.gov.ar\/prensa\/wp-json\/wp\/v2\/tags?post=45471"}],"curies":[{"name":"wp","href":"https:\/\/api.w.org\/{rel}","templated":true}]}}