{"id":45493,"date":"2016-01-06T20:24:00","date_gmt":"2016-01-06T23:24:00","guid":{"rendered":"http:\/\/prensa.mendoza.gov.ar\/?p=45493"},"modified":"2016-01-06T20:24:00","modified_gmt":"2016-01-06T23:24:00","slug":"cornejo-y-unac-se-reunieron-con-buryaile","status":"publish","type":"post","link":"https:\/\/www.mendoza.gov.ar\/prensa\/cornejo-y-unac-se-reunieron-con-buryaile\/","title":{"rendered":"Cornejo y U\u00f1ac se reunieron con Buryaile"},"content":{"rendered":"<!DOCTYPE html PUBLIC \"-\/\/W3C\/\/DTD HTML 4.0 Transitional\/\/EN\" \"http:\/\/www.w3.org\/TR\/REC-html40\/loose.dtd\">\n<html><body><p>Luego de que el Gobernador de Mendoza y su par de San Juan, anunciaran junto a Mauricio Macri el inicio de la obra de la doble v&iacute;a que unir&aacute; ambas provincias, los mandatarios se dirigieron hacia el Ministerio de Agroindustria de la Naci&oacute;n. All&iacute; se reunieron con el ministro Ricardo Buryaile y dialogaron sobre vitivinicultura en general. El tema central de la cita gir&oacute; en torno al sobre stock v&iacute;nico existente en las provincias cuya actividad principal es la vitivinicultura.<\/p>\n<p>&ldquo;Tenemos un problema puntual sobre un sobre stock v&iacute;nico que queremos retirar, para que se tonifique el precio&rdquo;, dijo Cornejo finalizada la reuni&oacute;n. El Gobernador aclar&oacute; que lo que &ldquo;estamos buscando es que el Estado Nacional compre ese sobre stock y as&iacute; podamos levantar el precio del vino&rdquo;.<\/p>\n<p>En cuanto a la forma en la que se llevar&aacute; a cabo este proyecto, Cornejo indic&oacute; que se est&aacute;n evaluando los instrumentos pero &ldquo;nos llevamos el compromiso, del Ministro de Agroindustria y del Presidente, de ayuda para todo el sector vitivin&iacute;cola&rdquo;. Adem&aacute;s, anunci&oacute; que se espera que en los pr&oacute;ximos 15 d&iacute;as se llegue a un acuerdo para poner en marcha el plan de acci&oacute;n.<\/p>\n<\/body><\/html>\n","protected":false},"excerpt":{"rendered":"Los gobernadores Alfredo Cornejo y Sergio U\u00f1ac, mantuvieron un encuentro con el ministro de Agroindustria de la Naci\u00f3n, Ricardo Buryaile, con el fin de acordar pol\u00edticas de ayuda para el sector vitivin\u00edcola. El sobre stock v\u00ednico fue el tema central.","protected":false},"author":3,"featured_media":45496,"comment_status":"open","ping_status":"open","sticky":false,"template":"","format":"standard","meta":[],"categories":[19],"tags":[],"_links":{"self":[{"href":"https:\/\/www.mendoza.gov.ar\/prensa\/wp-json\/wp\/v2\/posts\/45493"}],"collection":[{"href":"https:\/\/www.mendoza.gov.ar\/prensa\/wp-json\/wp\/v2\/posts"}],"about":[{"href":"https:\/\/www.mendoza.gov.ar\/prensa\/wp-json\/wp\/v2\/types\/post"}],"author":[{"embeddable":true,"href":"https:\/\/www.mendoza.gov.ar\/prensa\/wp-json\/wp\/v2\/users\/3"}],"replies":[{"embeddable":true,"href":"https:\/\/www.mendoza.gov.ar\/prensa\/wp-json\/wp\/v2\/comments?post=45493"}],"version-history":[{"count":0,"href":"https:\/\/www.mendoza.gov.ar\/prensa\/wp-json\/wp\/v2\/posts\/45493\/revisions"}],"wp:featuredmedia":[{"embeddable":true,"href":"https:\/\/www.mendoza.gov.ar\/prensa\/wp-json\/wp\/v2\/media\/45496"}],"wp:attachment":[{"href":"https:\/\/www.mendoza.gov.ar\/prensa\/wp-json\/wp\/v2\/media?parent=45493"}],"wp:term":[{"taxonomy":"category","embeddable":true,"href":"https:\/\/www.mendoza.gov.ar\/prensa\/wp-json\/wp\/v2\/categories?post=45493"},{"taxonomy":"post_tag","embeddable":true,"href":"https:\/\/www.mendoza.gov.ar\/prensa\/wp-json\/wp\/v2\/tags?post=45493"}],"curies":[{"name":"wp","href":"https:\/\/api.w.org\/{rel}","templated":true}]}}