{"id":45688,"date":"2016-01-09T14:53:15","date_gmt":"2016-01-09T17:53:15","guid":{"rendered":"http:\/\/prensa.mendoza.gov.ar\/?p=45688"},"modified":"2016-01-09T14:53:15","modified_gmt":"2016-01-09T17:53:15","slug":"esta-habilitado-el-cerro-de-la-gloria","status":"publish","type":"post","link":"https:\/\/www.mendoza.gov.ar\/prensa\/esta-habilitado-el-cerro-de-la-gloria\/","title":{"rendered":"Se encuentra habilitado el Cerro de la Gloria"},"content":{"rendered":"<!DOCTYPE html PUBLIC \"-\/\/W3C\/\/DTD HTML 4.0 Transitional\/\/EN\" \"http:\/\/www.w3.org\/TR\/REC-html40\/loose.dtd\">\n<html><body><p>La Secretar&iacute;a de Ambiente y Ordenamiento Territorial de la provincia inform&oacute;, que el acceso p&uacute;blico y vehicular al Cerro de la Gloria, se encuentra en condiciones transitables y habilitado para ser visitado durante todo el fin de semana.<\/p>\n<p>Se recomienda subir con calzado y ropa c&oacute;moda, y prestar atenci&oacute;n al pron&oacute;stico meteorol&oacute;gico diario. En caso de tormentas, el paseo se volver&aacute; a cerrar por medidas preventivas de seguridad.<\/p>\n<\/body><\/html>\n","protected":false},"excerpt":{"rendered":"Tras realizarse los operativos de limpieza, luego de las lluvias producidas durante la semana, desde la Direcci\u00f3n de Parques informaron en conjunto con la Secretar\u00eda de Ambiente, que el paseo se volvi\u00f3 a habilitar para todo p\u00fablico.","protected":false},"author":3,"featured_media":45689,"comment_status":"open","ping_status":"open","sticky":false,"template":"","format":"standard","meta":[],"categories":[3],"tags":[],"_links":{"self":[{"href":"https:\/\/www.mendoza.gov.ar\/prensa\/wp-json\/wp\/v2\/posts\/45688"}],"collection":[{"href":"https:\/\/www.mendoza.gov.ar\/prensa\/wp-json\/wp\/v2\/posts"}],"about":[{"href":"https:\/\/www.mendoza.gov.ar\/prensa\/wp-json\/wp\/v2\/types\/post"}],"author":[{"embeddable":true,"href":"https:\/\/www.mendoza.gov.ar\/prensa\/wp-json\/wp\/v2\/users\/3"}],"replies":[{"embeddable":true,"href":"https:\/\/www.mendoza.gov.ar\/prensa\/wp-json\/wp\/v2\/comments?post=45688"}],"version-history":[{"count":0,"href":"https:\/\/www.mendoza.gov.ar\/prensa\/wp-json\/wp\/v2\/posts\/45688\/revisions"}],"wp:featuredmedia":[{"embeddable":true,"href":"https:\/\/www.mendoza.gov.ar\/prensa\/wp-json\/wp\/v2\/media\/45689"}],"wp:attachment":[{"href":"https:\/\/www.mendoza.gov.ar\/prensa\/wp-json\/wp\/v2\/media?parent=45688"}],"wp:term":[{"taxonomy":"category","embeddable":true,"href":"https:\/\/www.mendoza.gov.ar\/prensa\/wp-json\/wp\/v2\/categories?post=45688"},{"taxonomy":"post_tag","embeddable":true,"href":"https:\/\/www.mendoza.gov.ar\/prensa\/wp-json\/wp\/v2\/tags?post=45688"}],"curies":[{"name":"wp","href":"https:\/\/api.w.org\/{rel}","templated":true}]}}