{"id":45698,"date":"2016-01-10T20:25:25","date_gmt":"2016-01-10T23:25:25","guid":{"rendered":"http:\/\/prensa.mendoza.gov.ar\/?p=45698"},"modified":"2016-01-10T20:25:25","modified_gmt":"2016-01-10T23:25:25","slug":"se-reinicia-el-proceso-para-construir-la-doble-via-mendoza-san-juan","status":"publish","type":"post","link":"https:\/\/www.mendoza.gov.ar\/prensa\/se-reinicia-el-proceso-para-construir-la-doble-via-mendoza-san-juan\/","title":{"rendered":"Se reinicia el proceso para construir la doble v\u00eda Mendoza \u2013 San Juan"},"content":{"rendered":"<!DOCTYPE html PUBLIC \"-\/\/W3C\/\/DTD HTML 4.0 Transitional\/\/EN\" \"http:\/\/www.w3.org\/TR\/REC-html40\/loose.dtd\">\n<html><body><p>La doble v&iacute;a Mendoza &ndash; San Juan sobre la Ruta Nacional 40 vuelve a cobrar vida. Luego del anuncio realizado a comienzos de mes por el presidente Macri, se iniciaron las gestiones para desarrollar el nuevo proyecto ejecutivo sobre el cual se desarrollar&aacute; la obra, considerada vital para mejorar el v&iacute;nculo terrestre m&aacute;s importante entre ambas provincias.<\/p>\n<p>&nbsp;<\/p>\n<p>Desde la Direcci&oacute;n Provincial de Vialidad de Mendoza, el administrador Oscar Sandes, explic&oacute; que &ldquo;en principio la obra comprender&aacute; la duplicaci&oacute;n de calzada, la construcci&oacute;n de nuevas intersecciones, el cruce a desnivel en el ingreso al departamento Lavalle, la construcci&oacute;n de banquinas, retornos y dem&aacute;s obras relativas a la seguridad de los usuarios&rdquo;.<\/p>\n<p>&nbsp;<\/p>\n<p>Los t&eacute;cnicos del organismo vial indicaron que durante los pr&oacute;ximos seis meses se dise&ntilde;ar&aacute; el nuevo proyecto ejecutivo con el fin de que en septiembre se realice el llamado a licitaci&oacute;n. A partir de all&iacute;, una vez analizadas las diferentes propuestas t&eacute;cnicas y sus respectivas ofertas econ&oacute;micas, se proceder&aacute; a la adjudicaci&oacute;n de los trabajos prevista para diciembre de 2016.<\/p>\n<p>&nbsp;<\/p>\n<p>A principios de este mes, el Presidente Mauricio Macri explic&oacute; que la obra generar&aacute; empleo para unos 2.000 trabajadores. Asimismo, se apunta a agilizar los trabajos para lo cual se prev&eacute; que todo el trayecto, 160 kil&oacute;metros aproximadamente, se licite en uno o dos tramos.<\/p>\n<\/body><\/html>\n","protected":false},"excerpt":{"rendered":"El anuncio fue formulado por el Presidente Mauricio Macri a comienzos de este mes. Los gobiernos de ambas provincias consideran que se trata de una obra estrat\u00e9gica para mejorar la comodidad y seguridad de miles de usuarios. El nuevo proyecto se dise\u00f1ar\u00e1 en los pr\u00f3ximos seis meses.","protected":false},"author":3,"featured_media":45724,"comment_status":"open","ping_status":"open","sticky":false,"template":"","format":"standard","meta":[],"categories":[1],"tags":[],"_links":{"self":[{"href":"https:\/\/www.mendoza.gov.ar\/prensa\/wp-json\/wp\/v2\/posts\/45698"}],"collection":[{"href":"https:\/\/www.mendoza.gov.ar\/prensa\/wp-json\/wp\/v2\/posts"}],"about":[{"href":"https:\/\/www.mendoza.gov.ar\/prensa\/wp-json\/wp\/v2\/types\/post"}],"author":[{"embeddable":true,"href":"https:\/\/www.mendoza.gov.ar\/prensa\/wp-json\/wp\/v2\/users\/3"}],"replies":[{"embeddable":true,"href":"https:\/\/www.mendoza.gov.ar\/prensa\/wp-json\/wp\/v2\/comments?post=45698"}],"version-history":[{"count":0,"href":"https:\/\/www.mendoza.gov.ar\/prensa\/wp-json\/wp\/v2\/posts\/45698\/revisions"}],"wp:featuredmedia":[{"embeddable":true,"href":"https:\/\/www.mendoza.gov.ar\/prensa\/wp-json\/wp\/v2\/media\/45724"}],"wp:attachment":[{"href":"https:\/\/www.mendoza.gov.ar\/prensa\/wp-json\/wp\/v2\/media?parent=45698"}],"wp:term":[{"taxonomy":"category","embeddable":true,"href":"https:\/\/www.mendoza.gov.ar\/prensa\/wp-json\/wp\/v2\/categories?post=45698"},{"taxonomy":"post_tag","embeddable":true,"href":"https:\/\/www.mendoza.gov.ar\/prensa\/wp-json\/wp\/v2\/tags?post=45698"}],"curies":[{"name":"wp","href":"https:\/\/api.w.org\/{rel}","templated":true}]}}