{"id":457299,"date":"2025-02-24T19:01:31","date_gmt":"2025-02-24T22:01:31","guid":{"rendered":"https:\/\/www.mendoza.gov.ar\/prensa\/?p=457299"},"modified":"2025-02-25T08:56:09","modified_gmt":"2025-02-25T11:56:09","slug":"la-direccion-de-hidraulica-colabora-en-la-reparacion-de-la-ruta-del-canon-del-atuel-y-ha-extraido-mas-de-2500-m3-de-rocas-y-barro","status":"publish","type":"post","link":"https:\/\/www.mendoza.gov.ar\/prensa\/la-direccion-de-hidraulica-colabora-en-la-reparacion-de-la-ruta-del-canon-del-atuel-y-ha-extraido-mas-de-2500-m3-de-rocas-y-barro\/","title":{"rendered":"La Direcci\u00f3n de Hidr\u00e1ulica colabora en la reparaci\u00f3n de la ruta del Ca\u00f1\u00f3n del Atuel y ha extra\u00eddo m\u00e1s de 2.500 m3 de rocas y barro"},"content":{"rendered":"<!DOCTYPE html PUBLIC \"-\/\/W3C\/\/DTD HTML 4.0 Transitional\/\/EN\" \"http:\/\/www.w3.org\/TR\/REC-html40\/loose.dtd\">\n<html><body><h5>En un esfuerzo conjunto para restablecer el tr&aacute;nsito en la Ruta Provincial 173, la Direcci&oacute;n de Hidr&aacute;ulica del Ministerio de Energ&iacute;a y Ambiente colabora activamente con la Direcci&oacute;n Provincial de Vialidad (DPV) en la remoci&oacute;n de material que dejaron las fuertes tormentas.<\/h5>\n\n\n\n<p>En un trabajo coordinado para restablecer la transitabilidad en la Ruta Provincial 173, la Direcci&oacute;n de Hidr&aacute;ulica del Ministerio de Energ&iacute;a y Ambiente colabora activamente con la Direcci&oacute;n Provincial de Vialidad (DPV) en la remoci&oacute;n de material que obstaculiza el camino.<\/p>\n\n\n\n<p>A lo largo de 15 d&iacute;as de trabajo intensivo, se extrajeron y transportaron aproximadamente 2.500 metros c&uacute;bicos de suelo desde dos canteras cercanas. Una, ubicada en las proximidades del arroyo La Frazada, y otra, pr&oacute;xima a la Central Nihuil III.<\/p>\n\n\n\n<p>El tramo intervenido comprende una extensi&oacute;n de 20 kil&oacute;metros entre el mirador del Submarino y la Central Nihuil III.<\/p>\n\n\n\n<p>Para la realizaci&oacute;n de los trabajos,  se emplearon dos camiones roqueros, para quitar y distribuir material de rodamiento en los sectores afectados.<\/p>\n\n\n\n<p>Estas labores fueron fundamentales para la recuperaci&oacute;n del camino, gravemente afectado por el temporal del 11 de enero, que caus&oacute; bloqueos en la ruta, da&ntilde;os en puentes y la interrupci&oacute;n del funcionamiento de dos centrales hidroel&eacute;ctricas.<\/p>\n\n\n\n<p>Gracias a estas intervenciones, se logr&oacute; habilitar un nuevo tramo del circuito tur&iacute;stico del Ca&ntilde;&oacute;n del Atuel antes de lo previsto. Actualmente, el tr&aacute;nsito est&aacute; abierto para todo tipo de veh&iacute;culos desde el arroyo La Frazada hasta la Central Hidroel&eacute;ctrica 3, lo que representa un avance significativo en la recuperaci&oacute;n de la zona.<\/p>\n\n\n\n<p>Cabe destacar que el 70% del circuito tur&iacute;stico ya est&aacute; habilitado, abarcando aproximadamente 30 kil&oacute;metros. No obstante, el tramo m&aacute;s da&ntilde;ado entre las centrales hidroel&eacute;ctricas 1 y 3 a&uacute;n permanece intransitable, en espera de maniobras h&iacute;dricas necesarias para continuar con los trabajos de rehabilitaci&oacute;n.<\/p>\n\n\n\n<p>Mientras tanto, los equipos de Vialidad y de Hidr&aacute;ulica contin&uacute;an trabajando en el tramo entre la Central 3 y la Central 2, realizando tareas de ensanche de la traza, limpieza de badenes y colocaci&oacute;n de material fino para optimizar la superficie de rodamiento. Se estima que estas labores se extender&aacute;n varias semanas.<\/p>\n\n\n\n<p>Este trabajo conjunto entre la Direcci&oacute;n de Hidr&aacute;ulica y Vialidad Provincial ha sido clave para avanzar en la reconstrucci&oacute;n de esta ruta estrat&eacute;gica para la regi&oacute;n, permitiendo mejorar la conectividad y seguridad vial en el camino que conecta el sistema hidroel&eacute;ctrico Los Nihuiles y uno de los lugares m&aacute;s visitados de Mendoza.<\/p>\n\n\n\n<figure class=\"wp-block-gallery columns-3\"><ul class=\"blocks-gallery-grid\"><li class=\"blocks-gallery-item\"><figure><a href=\"https:\/\/www.mendoza.gov.ar\/wp-content\/uploads\/sites\/5\/2025\/02\/WhatsApp-Image-2025-02-24-at-18.51.17-700x525.jpeg\"><img loading=\"lazy\" width=\"700\" height=\"525\" src=\"https:\/\/www.mendoza.gov.ar\/wp-content\/uploads\/sites\/5\/2025\/02\/WhatsApp-Image-2025-02-24-at-18.51.17-700x525.jpeg\" alt=\"\" data-id=\"457301\" data-link=\"https:\/\/www.mendoza.gov.ar\/prensa\/?attachment_id=457301\" class=\"wp-image-457301 img-responsive center-block\" srcset=\"https:\/\/www.mendoza.gov.ar\/wp-content\/uploads\/sites\/5\/2025\/02\/WhatsApp-Image-2025-02-24-at-18.51.17-700x525.jpeg 700w, https:\/\/www.mendoza.gov.ar\/wp-content\/uploads\/sites\/5\/2025\/02\/WhatsApp-Image-2025-02-24-at-18.51.17-250x188.jpeg 250w, https:\/\/www.mendoza.gov.ar\/wp-content\/uploads\/sites\/5\/2025\/02\/WhatsApp-Image-2025-02-24-at-18.51.17-768x576.jpeg 768w, https:\/\/www.mendoza.gov.ar\/wp-content\/uploads\/sites\/5\/2025\/02\/WhatsApp-Image-2025-02-24-at-18.51.17-1536x1152.jpeg 1536w, https:\/\/www.mendoza.gov.ar\/wp-content\/uploads\/sites\/5\/2025\/02\/WhatsApp-Image-2025-02-24-at-18.51.17-120x90.jpeg 120w, https:\/\/www.mendoza.gov.ar\/wp-content\/uploads\/sites\/5\/2025\/02\/WhatsApp-Image-2025-02-24-at-18.51.17.jpeg 1600w\" sizes=\"(max-width: 700px) 100vw, 700px\"><\/a><\/figure><\/li><li class=\"blocks-gallery-item\"><figure><a href=\"https:\/\/www.mendoza.gov.ar\/wp-content\/uploads\/sites\/5\/2025\/02\/WhatsApp-Image-2025-02-24-at-18.51.16-2-700x1016.jpeg\"><img loading=\"lazy\" width=\"700\" height=\"1016\" src=\"https:\/\/www.mendoza.gov.ar\/wp-content\/uploads\/sites\/5\/2025\/02\/WhatsApp-Image-2025-02-24-at-18.51.16-2-700x1016.jpeg\" alt=\"\" data-id=\"457302\" data-link=\"https:\/\/www.mendoza.gov.ar\/prensa\/?attachment_id=457302\" class=\"wp-image-457302 img-responsive center-block\" srcset=\"https:\/\/www.mendoza.gov.ar\/wp-content\/uploads\/sites\/5\/2025\/02\/WhatsApp-Image-2025-02-24-at-18.51.16-2-700x1016.jpeg 700w, https:\/\/www.mendoza.gov.ar\/wp-content\/uploads\/sites\/5\/2025\/02\/WhatsApp-Image-2025-02-24-at-18.51.16-2-250x363.jpeg 250w, https:\/\/www.mendoza.gov.ar\/wp-content\/uploads\/sites\/5\/2025\/02\/WhatsApp-Image-2025-02-24-at-18.51.16-2-768x1115.jpeg 768w, https:\/\/www.mendoza.gov.ar\/wp-content\/uploads\/sites\/5\/2025\/02\/WhatsApp-Image-2025-02-24-at-18.51.16-2-1058x1536.jpeg 1058w, https:\/\/www.mendoza.gov.ar\/wp-content\/uploads\/sites\/5\/2025\/02\/WhatsApp-Image-2025-02-24-at-18.51.16-2-120x174.jpeg 120w, https:\/\/www.mendoza.gov.ar\/wp-content\/uploads\/sites\/5\/2025\/02\/WhatsApp-Image-2025-02-24-at-18.51.16-2.jpeg 1080w\" sizes=\"(max-width: 700px) 100vw, 700px\"><\/a><\/figure><\/li><li class=\"blocks-gallery-item\"><figure><a href=\"https:\/\/www.mendoza.gov.ar\/wp-content\/uploads\/sites\/5\/2025\/02\/WhatsApp-Image-2025-02-24-at-18.51.16-700x429.jpeg\"><img loading=\"lazy\" width=\"700\" height=\"429\" src=\"https:\/\/www.mendoza.gov.ar\/wp-content\/uploads\/sites\/5\/2025\/02\/WhatsApp-Image-2025-02-24-at-18.51.16-700x429.jpeg\" alt=\"\" data-id=\"457307\" data-link=\"https:\/\/www.mendoza.gov.ar\/prensa\/?attachment_id=457307\" class=\"wp-image-457307 img-responsive center-block\" srcset=\"https:\/\/www.mendoza.gov.ar\/wp-content\/uploads\/sites\/5\/2025\/02\/WhatsApp-Image-2025-02-24-at-18.51.16-700x429.jpeg 700w, https:\/\/www.mendoza.gov.ar\/wp-content\/uploads\/sites\/5\/2025\/02\/WhatsApp-Image-2025-02-24-at-18.51.16-250x153.jpeg 250w, https:\/\/www.mendoza.gov.ar\/wp-content\/uploads\/sites\/5\/2025\/02\/WhatsApp-Image-2025-02-24-at-18.51.16-768x471.jpeg 768w, https:\/\/www.mendoza.gov.ar\/wp-content\/uploads\/sites\/5\/2025\/02\/WhatsApp-Image-2025-02-24-at-18.51.16-1536x942.jpeg 1536w, https:\/\/www.mendoza.gov.ar\/wp-content\/uploads\/sites\/5\/2025\/02\/WhatsApp-Image-2025-02-24-at-18.51.16-120x74.jpeg 120w, https:\/\/www.mendoza.gov.ar\/wp-content\/uploads\/sites\/5\/2025\/02\/WhatsApp-Image-2025-02-24-at-18.51.16.jpeg 1600w\" sizes=\"(max-width: 700px) 100vw, 700px\"><\/a><\/figure><\/li><li class=\"blocks-gallery-item\"><figure><a href=\"https:\/\/www.mendoza.gov.ar\/wp-content\/uploads\/sites\/5\/2025\/02\/WhatsApp-Image-2025-02-24-at-18.51.17-1.jpeg\"><img loading=\"lazy\" width=\"700\" height=\"525\" src=\"https:\/\/www.mendoza.gov.ar\/wp-content\/uploads\/sites\/5\/2025\/02\/WhatsApp-Image-2025-02-24-at-18.51.17-1-700x525.jpeg\" alt=\"\" data-id=\"457308\" data-full-url=\"https:\/\/www.mendoza.gov.ar\/wp-content\/uploads\/sites\/5\/2025\/02\/WhatsApp-Image-2025-02-24-at-18.51.17-1.jpeg\" data-link=\"https:\/\/www.mendoza.gov.ar\/prensa\/?attachment_id=457308\" class=\"wp-image-457308 img-responsive center-block\" srcset=\"https:\/\/www.mendoza.gov.ar\/wp-content\/uploads\/sites\/5\/2025\/02\/WhatsApp-Image-2025-02-24-at-18.51.17-1-700x525.jpeg 700w, https:\/\/www.mendoza.gov.ar\/wp-content\/uploads\/sites\/5\/2025\/02\/WhatsApp-Image-2025-02-24-at-18.51.17-1-250x188.jpeg 250w, https:\/\/www.mendoza.gov.ar\/wp-content\/uploads\/sites\/5\/2025\/02\/WhatsApp-Image-2025-02-24-at-18.51.17-1-768x576.jpeg 768w, https:\/\/www.mendoza.gov.ar\/wp-content\/uploads\/sites\/5\/2025\/02\/WhatsApp-Image-2025-02-24-at-18.51.17-1-1536x1152.jpeg 1536w, https:\/\/www.mendoza.gov.ar\/wp-content\/uploads\/sites\/5\/2025\/02\/WhatsApp-Image-2025-02-24-at-18.51.17-1-120x90.jpeg 120w, https:\/\/www.mendoza.gov.ar\/wp-content\/uploads\/sites\/5\/2025\/02\/WhatsApp-Image-2025-02-24-at-18.51.17-1.jpeg 1600w\" sizes=\"(max-width: 700px) 100vw, 700px\"><\/a><\/figure><\/li><\/ul><\/figure>\n<\/body><\/html>\n","protected":false},"excerpt":{"rendered":"En un esfuerzo conjunto para restablecer el tr&aacute;nsito en la Ruta Provincial 173, la Direcci&oacute;n de Hidr&aacute;ulica del Ministerio de Energ&iacute;a y Ambiente colabora activamente con la Direcci&oacute;n Provincial de Vialidad (DPV) en la remoci&oacute;n de material que dejaron las fuertes tormentas. En un trabajo coordinado para restablecer la transitabilidad en la Ruta Provincial 173,&#8230; <a class=\"view-article\" href=\"https:\/\/www.mendoza.gov.ar\/prensa\/la-direccion-de-hidraulica-colabora-en-la-reparacion-de-la-ruta-del-canon-del-atuel-y-ha-extraido-mas-de-2500-m3-de-rocas-y-barro\/\"><\/a>","protected":false},"author":63,"featured_media":457307,"comment_status":"open","ping_status":"open","sticky":false,"template":"","format":"standard","meta":[],"categories":[3,3041,2711],"tags":[],"_links":{"self":[{"href":"https:\/\/www.mendoza.gov.ar\/prensa\/wp-json\/wp\/v2\/posts\/457299"}],"collection":[{"href":"https:\/\/www.mendoza.gov.ar\/prensa\/wp-json\/wp\/v2\/posts"}],"about":[{"href":"https:\/\/www.mendoza.gov.ar\/prensa\/wp-json\/wp\/v2\/types\/post"}],"author":[{"embeddable":true,"href":"https:\/\/www.mendoza.gov.ar\/prensa\/wp-json\/wp\/v2\/users\/63"}],"replies":[{"embeddable":true,"href":"https:\/\/www.mendoza.gov.ar\/prensa\/wp-json\/wp\/v2\/comments?post=457299"}],"version-history":[{"count":4,"href":"https:\/\/www.mendoza.gov.ar\/prensa\/wp-json\/wp\/v2\/posts\/457299\/revisions"}],"predecessor-version":[{"id":457313,"href":"https:\/\/www.mendoza.gov.ar\/prensa\/wp-json\/wp\/v2\/posts\/457299\/revisions\/457313"}],"wp:featuredmedia":[{"embeddable":true,"href":"https:\/\/www.mendoza.gov.ar\/prensa\/wp-json\/wp\/v2\/media\/457307"}],"wp:attachment":[{"href":"https:\/\/www.mendoza.gov.ar\/prensa\/wp-json\/wp\/v2\/media?parent=457299"}],"wp:term":[{"taxonomy":"category","embeddable":true,"href":"https:\/\/www.mendoza.gov.ar\/prensa\/wp-json\/wp\/v2\/categories?post=457299"},{"taxonomy":"post_tag","embeddable":true,"href":"https:\/\/www.mendoza.gov.ar\/prensa\/wp-json\/wp\/v2\/tags?post=457299"}],"curies":[{"name":"wp","href":"https:\/\/api.w.org\/{rel}","templated":true}]}}