{"id":457670,"date":"2025-02-27T11:44:29","date_gmt":"2025-02-27T14:44:29","guid":{"rendered":"https:\/\/www.mendoza.gov.ar\/prensa\/?p=457670"},"modified":"2025-02-27T12:44:45","modified_gmt":"2025-02-27T15:44:45","slug":"el-gobernador-cornejo-inauguro-aulas-en-malargue-y-reafirmo-el-compromiso-con-la-educacion-y-el-empleo","status":"publish","type":"post","link":"https:\/\/www.mendoza.gov.ar\/prensa\/el-gobernador-cornejo-inauguro-aulas-en-malargue-y-reafirmo-el-compromiso-con-la-educacion-y-el-empleo\/","title":{"rendered":"El Gobernador Cornejo inaugur\u00f3 aulas en Malarg\u00fce y reafirm\u00f3 el compromiso con la educaci\u00f3n y el empleo"},"content":{"rendered":"<!DOCTYPE html PUBLIC \"-\/\/W3C\/\/DTD HTML 4.0 Transitional\/\/EN\" \"http:\/\/www.w3.org\/TR\/REC-html40\/loose.dtd\">\n<html><body><h5>Se trata de la construcci&oacute;n de dos aulas en la Escuela T&eacute;cnica Qu&iacute;mica Industrial y Minera 4-018 General Manuel Nicol&aacute;s Savio, de Malarg&uuml;e. El plazo de ejecuci&oacute;n de las aulas fue de cuatro meses y tuvo una inversi&oacute;n de $130.000.000. Las aulas tienen 130 metros cuadrados, con galer&iacute;a, techo y carpinter&iacute;a.<\/h5>\n\n\n\n<p>El Gobernador Alfredo Cornejo y la vicegobernadora, Hebe Casado, participaron en la inauguraci&oacute;n de dos aulas en la Escuela T&eacute;cnica Qu&iacute;mica Industrial y Minera 4-018 General Manuel Nicol&aacute;s Savio, de Malarg&uuml;e. Comenzaron a construirse en agosto del a&ntilde;o pasado y las obras finalizaron en enero de este a&ntilde;o. En la inauguraci&oacute;n tambi&eacute;n estuvieron presentes la ministra de Energ&iacute;a y Ambiente, Jimena Latorre, y el intendente de Malarg&uuml;e, Celso Jaque.<\/p>\n\n\n\n<p>El plazo de ejecuci&oacute;n de las aulas fue de cuatro meses, con una inversi&oacute;n de $130.000.000. Se trata de 130 metros cuadrados con galer&iacute;a, techo de chapa de zinc enmallada y carpinter&iacute;a de aluminio. En esta instituci&oacute;n, adem&aacute;s, se est&aacute; llevando a cabo una refuncionalizaci&oacute;n en la cocina, aparte de las aulas. Esta ampliaci&oacute;n edilicia se realiz&oacute; debido al crecimiento de la matr&iacute;cula en la entidad, donde acuden m&aacute;s de 800 estudiantes.<\/p>\n\n\n\n<p>El Gobernador inici&oacute; su discurso saludando a los presentes y expresando su satisfacci&oacute;n por haber visitado la escuela en su momento, atendiendo una demanda espec&iacute;fica y concreta y logrando completarla. Agradeci&oacute; adem&aacute;s a los directivos, supervisores, docentes y alumnos por su esfuerzo y dedicaci&oacute;n.<\/p>\n\n\n\n<p>Aprovech&oacute; la ocasi&oacute;n para transmitir el mensaje del Gobierno provincial, destacando la relevancia de la matr&iacute;cula de la instituci&oacute;n, que oscila entre 800 y 850 alumnos, una de las m&aacute;s numerosas de Mendoza. &ldquo;Deben dimensionar la importancia de esta escuela, que tiene objetivos muy espec&iacute;ficos&rdquo;, se&ntilde;al&oacute; el mandatario provincial.<\/p>\n\n\n\n<p>Por su parte, el intendente Jaque destac&oacute; que las nuevas aulas son producto de la voluntad pol&iacute;tica de invertir en educaci&oacute;n. &ldquo;Quiero dar las gracias, porque con una decisi&oacute;n y la voluntad pol&iacute;tica de invertir en educaci&oacute;n, hoy se est&aacute;n inaugurando formalmente estas aulas que vienen a llenar un vac&iacute;o existente&rdquo;, afirm&oacute;, en referencia a la cantidad de alumnos que desean cursar en esta secundaria. &ldquo;Gracias, porque esto permite no solo albergar a m&aacute;s estudiantes sino tambi&eacute;n mejorar la calidad educativa al contar con mejores instalaciones&rdquo;, explic&oacute;.<\/p>\n\n\n\n<p><strong>Desarrollo minero<\/strong><br><br>Cornejo mencion&oacute; que el Gobierno est&aacute; trabajando en un proyecto con un alto grado de acuerdo para desarrollar la miner&iacute;a sostenible en la regi&oacute;n. Destac&oacute; que Malarg&uuml;e cuenta con abundancia de recursos naturales inexplotados que son esenciales para el mundo y fundamentales para la preservaci&oacute;n del ambiente. &ldquo;Se necesitan minerales cr&iacute;ticos para cambiar nuestra matriz energ&eacute;tica&rdquo;, afirm&oacute;, y explic&oacute; que el cobre en particular es un recurso indispensable para la transmisi&oacute;n de energ&iacute;a limpia.<\/p>\n\n\n\n<p>Adem&aacute;s, hizo referencia a la ca&iacute;da de la actividad petrolera, que ha sido un pilar econ&oacute;mico para muchas regiones, incluida Malarg&uuml;e. Explic&oacute; que, debido a compromisos globales para eliminar el uso de combustibles f&oacute;siles hacia 2050, la provincia est&aacute; reconvirtiendo su matriz productiva para enfocarse en energ&iacute;as limpias, como la solar y la e&oacute;lica. &ldquo;Estamos duplicando la capacidad de energ&iacute;a en Mendoza con este parque solar que estamos terminando e inaugurando en Malarg&uuml;e&rdquo;, asegur&oacute;.<\/p>\n\n\n\n<p>Cornejo se&ntilde;al&oacute; que la crisis macroecon&oacute;mica del pa&iacute;s ha afectado gravemente la posibilidad de empleo en la regi&oacute;n, lo que ha obligado a muchos egresados de la escuela a buscar trabajo en otras provincias o incluso en el extranjero. Al respecto, expres&oacute;: &ldquo;Queremos que quien desee irse lo haga por decisi&oacute;n propia, pero tambi&eacute;n queremos que exista la posibilidad de que aquellos que quieran quedarse en su tierra tengan oportunidades de trabajo en la miner&iacute;a sostenible&rdquo;.<\/p>\n\n\n\n<p>En otro tramo de su discurso, Cornejo enfatiz&oacute; que el desarrollo de la miner&iacute;a sostenible requiere de una pol&iacute;tica econ&oacute;mica nacional ordenada que genere condiciones para inversiones de calidad, respetuosas con el ambiente y con capacidad de generar empleo formal y bien remunerado. Tambi&eacute;n indic&oacute; que la dependencia exclusiva de la agricultura, con salarios bajos, no es favorable para la provincia, y que la miner&iacute;a podr&iacute;a contribuir a mejorar los ingresos promedio.<\/p>\n\n\n\n<p>En cuanto al sector energ&eacute;tico, sostuvo que se est&aacute;n reconvirtiendo contratos espec&iacute;ficos con YPF y promoviendo la llegada de nuevas empresas m&aacute;s peque&ntilde;as para continuar con la explotaci&oacute;n petrolera hasta que la transici&oacute;n energ&eacute;tica est&eacute; consolidada. &ldquo;Aqu&iacute; hay un proyecto de provincia que pivotea en Malarg&uuml;e y que generar&aacute; oportunidades de trabajo para toda Mendoza&rdquo;, afirm&oacute;, y puso en valor la importancia de la educaci&oacute;n en este proceso se&ntilde;alando que la escuela visitada es un emblema de la Mendoza que se est&aacute; construyendo con esfuerzo.<\/p>\n\n\n\n<p>Finalmente, asegur&oacute; que el Gobierno provincial sigue trabajando en la infraestructura educativa, con la reparaci&oacute;n y acondicionamiento de m&aacute;s de 700 escuelas antes del inicio del ciclo lectivo, muchas de ellas en Malarg&uuml;e. Se&ntilde;al&oacute;: &ldquo;Estamos muy concentrados en garantizar una educaci&oacute;n de calidad, no solo a trav&eacute;s del trabajo de los docentes sino tambi&eacute;n mejorando las condiciones edilicias de los establecimientos&rdquo;. <\/p>\n\n\n\n<p>El Gobernador cerr&oacute; su alocuci&oacute;n reiterando el compromiso del Ejecutivo de Mendoza con la educaci&oacute;n y el desarrollo productivo de la provincia, manifestando su disposici&oacute;n para continuar trabajando en esta l&iacute;nea.<\/p>\n\n\n\n<figure class=\"wp-block-gallery columns-3 is-cropped\"><ul class=\"blocks-gallery-grid\"><li class=\"blocks-gallery-item\"><figure><a href=\"https:\/\/www.mendoza.gov.ar\/wp-content\/uploads\/sites\/5\/2025\/02\/DSC04138_1-700x468.jpg\"><img loading=\"lazy\" width=\"700\" height=\"468\" src=\"https:\/\/www.mendoza.gov.ar\/wp-content\/uploads\/sites\/5\/2025\/02\/DSC04138_1-700x468.jpg\" alt=\"\" data-id=\"457675\" data-link=\"https:\/\/www.mendoza.gov.ar\/prensa\/?attachment_id=457675\" class=\"wp-image-457675 img-responsive center-block\" srcset=\"https:\/\/www.mendoza.gov.ar\/wp-content\/uploads\/sites\/5\/2025\/02\/DSC04138_1-700x468.jpg 700w, https:\/\/www.mendoza.gov.ar\/wp-content\/uploads\/sites\/5\/2025\/02\/DSC04138_1-250x167.jpg 250w, https:\/\/www.mendoza.gov.ar\/wp-content\/uploads\/sites\/5\/2025\/02\/DSC04138_1-768x513.jpg 768w, https:\/\/www.mendoza.gov.ar\/wp-content\/uploads\/sites\/5\/2025\/02\/DSC04138_1-1536x1027.jpg 1536w, https:\/\/www.mendoza.gov.ar\/wp-content\/uploads\/sites\/5\/2025\/02\/DSC04138_1-120x80.jpg 120w, https:\/\/www.mendoza.gov.ar\/wp-content\/uploads\/sites\/5\/2025\/02\/DSC04138_1.jpg 1616w\" sizes=\"(max-width: 700px) 100vw, 700px\"><\/a><\/figure><\/li><li class=\"blocks-gallery-item\"><figure><a href=\"https:\/\/www.mendoza.gov.ar\/wp-content\/uploads\/sites\/5\/2025\/02\/DSC041502-700x468.jpg\"><img loading=\"lazy\" width=\"700\" height=\"468\" src=\"https:\/\/www.mendoza.gov.ar\/wp-content\/uploads\/sites\/5\/2025\/02\/DSC041502-700x468.jpg\" alt=\"\" data-id=\"457676\" data-link=\"https:\/\/www.mendoza.gov.ar\/prensa\/?attachment_id=457676\" class=\"wp-image-457676 img-responsive center-block\" srcset=\"https:\/\/www.mendoza.gov.ar\/wp-content\/uploads\/sites\/5\/2025\/02\/DSC041502-700x468.jpg 700w, https:\/\/www.mendoza.gov.ar\/wp-content\/uploads\/sites\/5\/2025\/02\/DSC041502-250x167.jpg 250w, https:\/\/www.mendoza.gov.ar\/wp-content\/uploads\/sites\/5\/2025\/02\/DSC041502-768x513.jpg 768w, https:\/\/www.mendoza.gov.ar\/wp-content\/uploads\/sites\/5\/2025\/02\/DSC041502-120x80.jpg 120w, https:\/\/www.mendoza.gov.ar\/wp-content\/uploads\/sites\/5\/2025\/02\/DSC041502.jpg 1518w\" sizes=\"(max-width: 700px) 100vw, 700px\"><\/a><\/figure><\/li><li class=\"blocks-gallery-item\"><figure><a href=\"https:\/\/www.mendoza.gov.ar\/wp-content\/uploads\/sites\/5\/2025\/02\/DSC04173-700x468.jpg\"><img loading=\"lazy\" width=\"700\" height=\"468\" src=\"https:\/\/www.mendoza.gov.ar\/wp-content\/uploads\/sites\/5\/2025\/02\/DSC04173-700x468.jpg\" alt=\"\" data-id=\"457677\" data-link=\"https:\/\/www.mendoza.gov.ar\/prensa\/?attachment_id=457677\" class=\"wp-image-457677 img-responsive center-block\" srcset=\"https:\/\/www.mendoza.gov.ar\/wp-content\/uploads\/sites\/5\/2025\/02\/DSC04173-700x468.jpg 700w, https:\/\/www.mendoza.gov.ar\/wp-content\/uploads\/sites\/5\/2025\/02\/DSC04173-250x167.jpg 250w, https:\/\/www.mendoza.gov.ar\/wp-content\/uploads\/sites\/5\/2025\/02\/DSC04173-768x513.jpg 768w, https:\/\/www.mendoza.gov.ar\/wp-content\/uploads\/sites\/5\/2025\/02\/DSC04173-1536x1027.jpg 1536w, https:\/\/www.mendoza.gov.ar\/wp-content\/uploads\/sites\/5\/2025\/02\/DSC04173-120x80.jpg 120w, https:\/\/www.mendoza.gov.ar\/wp-content\/uploads\/sites\/5\/2025\/02\/DSC04173.jpg 1616w\" sizes=\"(max-width: 700px) 100vw, 700px\"><\/a><\/figure><\/li><li class=\"blocks-gallery-item\"><figure><a href=\"https:\/\/www.mendoza.gov.ar\/wp-content\/uploads\/sites\/5\/2025\/02\/DSC04177-700x468.jpg\"><img loading=\"lazy\" width=\"700\" height=\"468\" src=\"https:\/\/www.mendoza.gov.ar\/wp-content\/uploads\/sites\/5\/2025\/02\/DSC04177-700x468.jpg\" alt=\"\" data-id=\"457678\" data-link=\"https:\/\/www.mendoza.gov.ar\/prensa\/?attachment_id=457678\" class=\"wp-image-457678 img-responsive center-block\" srcset=\"https:\/\/www.mendoza.gov.ar\/wp-content\/uploads\/sites\/5\/2025\/02\/DSC04177-700x468.jpg 700w, https:\/\/www.mendoza.gov.ar\/wp-content\/uploads\/sites\/5\/2025\/02\/DSC04177-250x167.jpg 250w, https:\/\/www.mendoza.gov.ar\/wp-content\/uploads\/sites\/5\/2025\/02\/DSC04177-768x513.jpg 768w, https:\/\/www.mendoza.gov.ar\/wp-content\/uploads\/sites\/5\/2025\/02\/DSC04177-1536x1027.jpg 1536w, https:\/\/www.mendoza.gov.ar\/wp-content\/uploads\/sites\/5\/2025\/02\/DSC04177-120x80.jpg 120w, https:\/\/www.mendoza.gov.ar\/wp-content\/uploads\/sites\/5\/2025\/02\/DSC04177.jpg 1616w\" sizes=\"(max-width: 700px) 100vw, 700px\"><\/a><\/figure><\/li><li class=\"blocks-gallery-item\"><figure><a href=\"https:\/\/www.mendoza.gov.ar\/wp-content\/uploads\/sites\/5\/2025\/02\/DSC04184-700x468.jpg\"><img loading=\"lazy\" width=\"700\" height=\"468\" src=\"https:\/\/www.mendoza.gov.ar\/wp-content\/uploads\/sites\/5\/2025\/02\/DSC04184-700x468.jpg\" alt=\"\" data-id=\"457679\" data-link=\"https:\/\/www.mendoza.gov.ar\/prensa\/?attachment_id=457679\" class=\"wp-image-457679 img-responsive center-block\" srcset=\"https:\/\/www.mendoza.gov.ar\/wp-content\/uploads\/sites\/5\/2025\/02\/DSC04184-700x468.jpg 700w, https:\/\/www.mendoza.gov.ar\/wp-content\/uploads\/sites\/5\/2025\/02\/DSC04184-250x167.jpg 250w, https:\/\/www.mendoza.gov.ar\/wp-content\/uploads\/sites\/5\/2025\/02\/DSC04184-768x513.jpg 768w, https:\/\/www.mendoza.gov.ar\/wp-content\/uploads\/sites\/5\/2025\/02\/DSC04184-1536x1027.jpg 1536w, https:\/\/www.mendoza.gov.ar\/wp-content\/uploads\/sites\/5\/2025\/02\/DSC04184-120x80.jpg 120w, https:\/\/www.mendoza.gov.ar\/wp-content\/uploads\/sites\/5\/2025\/02\/DSC04184.jpg 1616w\" sizes=\"(max-width: 700px) 100vw, 700px\"><\/a><\/figure><\/li><li class=\"blocks-gallery-item\"><figure><a href=\"https:\/\/www.mendoza.gov.ar\/wp-content\/uploads\/sites\/5\/2025\/02\/DSC04310-700x468.jpg\"><img src=\"https:\/\/www.mendoza.gov.ar\/wp-content\/uploads\/sites\/5\/2025\/02\/DSC04310-700x468.jpg\" alt=\"\" data-id=\"457680\" data-link=\"https:\/\/www.mendoza.gov.ar\/prensa\/?attachment_id=457680\" class=\"wp-image-457680 img-responsive center-block\"><\/a><\/figure><\/li><li class=\"blocks-gallery-item\"><figure><a href=\"https:\/\/www.mendoza.gov.ar\/wp-content\/uploads\/sites\/5\/2025\/02\/DSC04329_1-700x468.jpg\"><img loading=\"lazy\" width=\"700\" height=\"468\" src=\"https:\/\/www.mendoza.gov.ar\/wp-content\/uploads\/sites\/5\/2025\/02\/DSC04329_1-700x468.jpg\" alt=\"\" data-id=\"457681\" data-link=\"https:\/\/www.mendoza.gov.ar\/prensa\/?attachment_id=457681\" class=\"wp-image-457681 img-responsive center-block\" srcset=\"https:\/\/www.mendoza.gov.ar\/wp-content\/uploads\/sites\/5\/2025\/02\/DSC04329_1-700x468.jpg 700w, https:\/\/www.mendoza.gov.ar\/wp-content\/uploads\/sites\/5\/2025\/02\/DSC04329_1-250x167.jpg 250w, https:\/\/www.mendoza.gov.ar\/wp-content\/uploads\/sites\/5\/2025\/02\/DSC04329_1-768x513.jpg 768w, https:\/\/www.mendoza.gov.ar\/wp-content\/uploads\/sites\/5\/2025\/02\/DSC04329_1-1536x1027.jpg 1536w, https:\/\/www.mendoza.gov.ar\/wp-content\/uploads\/sites\/5\/2025\/02\/DSC04329_1-120x80.jpg 120w, https:\/\/www.mendoza.gov.ar\/wp-content\/uploads\/sites\/5\/2025\/02\/DSC04329_1.jpg 1616w\" sizes=\"(max-width: 700px) 100vw, 700px\"><\/a><\/figure><\/li><li class=\"blocks-gallery-item\"><figure><a href=\"https:\/\/www.mendoza.gov.ar\/wp-content\/uploads\/sites\/5\/2025\/02\/DSC04424-700x468.jpg\"><img loading=\"lazy\" width=\"700\" height=\"468\" src=\"https:\/\/www.mendoza.gov.ar\/wp-content\/uploads\/sites\/5\/2025\/02\/DSC04424-700x468.jpg\" alt=\"\" data-id=\"457682\" data-link=\"https:\/\/www.mendoza.gov.ar\/prensa\/?attachment_id=457682\" class=\"wp-image-457682 img-responsive center-block\" srcset=\"https:\/\/www.mendoza.gov.ar\/wp-content\/uploads\/sites\/5\/2025\/02\/DSC04424-700x468.jpg 700w, https:\/\/www.mendoza.gov.ar\/wp-content\/uploads\/sites\/5\/2025\/02\/DSC04424-250x167.jpg 250w, https:\/\/www.mendoza.gov.ar\/wp-content\/uploads\/sites\/5\/2025\/02\/DSC04424-768x513.jpg 768w, https:\/\/www.mendoza.gov.ar\/wp-content\/uploads\/sites\/5\/2025\/02\/DSC04424-1536x1027.jpg 1536w, https:\/\/www.mendoza.gov.ar\/wp-content\/uploads\/sites\/5\/2025\/02\/DSC04424-120x80.jpg 120w, https:\/\/www.mendoza.gov.ar\/wp-content\/uploads\/sites\/5\/2025\/02\/DSC04424.jpg 1616w\" sizes=\"(max-width: 700px) 100vw, 700px\"><\/a><\/figure><\/li><li class=\"blocks-gallery-item\"><figure><a href=\"https:\/\/www.mendoza.gov.ar\/wp-content\/uploads\/sites\/5\/2025\/02\/DSC04426-700x468.jpg\"><img loading=\"lazy\" width=\"700\" height=\"468\" src=\"https:\/\/www.mendoza.gov.ar\/wp-content\/uploads\/sites\/5\/2025\/02\/DSC04426-700x468.jpg\" alt=\"\" data-id=\"457683\" data-link=\"https:\/\/www.mendoza.gov.ar\/prensa\/?attachment_id=457683\" class=\"wp-image-457683 img-responsive center-block\" srcset=\"https:\/\/www.mendoza.gov.ar\/wp-content\/uploads\/sites\/5\/2025\/02\/DSC04426-700x468.jpg 700w, https:\/\/www.mendoza.gov.ar\/wp-content\/uploads\/sites\/5\/2025\/02\/DSC04426-250x167.jpg 250w, https:\/\/www.mendoza.gov.ar\/wp-content\/uploads\/sites\/5\/2025\/02\/DSC04426-768x513.jpg 768w, https:\/\/www.mendoza.gov.ar\/wp-content\/uploads\/sites\/5\/2025\/02\/DSC04426-120x80.jpg 120w, https:\/\/www.mendoza.gov.ar\/wp-content\/uploads\/sites\/5\/2025\/02\/DSC04426.jpg 1472w\" sizes=\"(max-width: 700px) 100vw, 700px\"><\/a><\/figure><\/li><li class=\"blocks-gallery-item\"><figure><a href=\"https:\/\/www.mendoza.gov.ar\/wp-content\/uploads\/sites\/5\/2025\/02\/DSC04221.jpg\"><img loading=\"lazy\" width=\"700\" height=\"468\" src=\"https:\/\/www.mendoza.gov.ar\/wp-content\/uploads\/sites\/5\/2025\/02\/DSC04221-700x468.jpg\" alt=\"\" data-id=\"457685\" data-full-url=\"https:\/\/www.mendoza.gov.ar\/wp-content\/uploads\/sites\/5\/2025\/02\/DSC04221.jpg\" data-link=\"https:\/\/www.mendoza.gov.ar\/prensa\/?attachment_id=457685\" class=\"wp-image-457685 img-responsive center-block\" srcset=\"https:\/\/www.mendoza.gov.ar\/wp-content\/uploads\/sites\/5\/2025\/02\/DSC04221-700x468.jpg 700w, https:\/\/www.mendoza.gov.ar\/wp-content\/uploads\/sites\/5\/2025\/02\/DSC04221-250x167.jpg 250w, https:\/\/www.mendoza.gov.ar\/wp-content\/uploads\/sites\/5\/2025\/02\/DSC04221-768x513.jpg 768w, https:\/\/www.mendoza.gov.ar\/wp-content\/uploads\/sites\/5\/2025\/02\/DSC04221-1536x1027.jpg 1536w, https:\/\/www.mendoza.gov.ar\/wp-content\/uploads\/sites\/5\/2025\/02\/DSC04221-120x80.jpg 120w, https:\/\/www.mendoza.gov.ar\/wp-content\/uploads\/sites\/5\/2025\/02\/DSC04221.jpg 1616w\" sizes=\"(max-width: 700px) 100vw, 700px\"><\/a><\/figure><\/li><li class=\"blocks-gallery-item\"><figure><a href=\"https:\/\/www.mendoza.gov.ar\/wp-content\/uploads\/sites\/5\/2025\/02\/DSC04245_1.jpg\"><img loading=\"lazy\" width=\"700\" height=\"468\" src=\"https:\/\/www.mendoza.gov.ar\/wp-content\/uploads\/sites\/5\/2025\/02\/DSC04245_1-700x468.jpg\" alt=\"\" data-id=\"457686\" data-full-url=\"https:\/\/www.mendoza.gov.ar\/wp-content\/uploads\/sites\/5\/2025\/02\/DSC04245_1.jpg\" data-link=\"https:\/\/www.mendoza.gov.ar\/prensa\/?attachment_id=457686\" class=\"wp-image-457686 img-responsive center-block\" srcset=\"https:\/\/www.mendoza.gov.ar\/wp-content\/uploads\/sites\/5\/2025\/02\/DSC04245_1-700x468.jpg 700w, https:\/\/www.mendoza.gov.ar\/wp-content\/uploads\/sites\/5\/2025\/02\/DSC04245_1-250x167.jpg 250w, https:\/\/www.mendoza.gov.ar\/wp-content\/uploads\/sites\/5\/2025\/02\/DSC04245_1-768x513.jpg 768w, https:\/\/www.mendoza.gov.ar\/wp-content\/uploads\/sites\/5\/2025\/02\/DSC04245_1-1536x1027.jpg 1536w, https:\/\/www.mendoza.gov.ar\/wp-content\/uploads\/sites\/5\/2025\/02\/DSC04245_1-120x80.jpg 120w, https:\/\/www.mendoza.gov.ar\/wp-content\/uploads\/sites\/5\/2025\/02\/DSC04245_1.jpg 1616w\" sizes=\"(max-width: 700px) 100vw, 700px\"><\/a><\/figure><\/li><\/ul><\/figure>\n<\/body><\/html>\n","protected":false},"excerpt":{"rendered":"Se trata de la construcci&oacute;n de dos aulas en la Escuela T&eacute;cnica Qu&iacute;mica Industrial y Minera 4-018 General Manuel Nicol&aacute;s Savio, de Malarg&uuml;e. El plazo de ejecuci&oacute;n de las aulas fue de cuatro meses y tuvo una inversi&oacute;n de $130.000.000. Las aulas tienen 130 metros cuadrados, con galer&iacute;a, techo y carpinter&iacute;a. El Gobernador Alfredo Cornejo&#8230; <a class=\"view-article\" href=\"https:\/\/www.mendoza.gov.ar\/prensa\/el-gobernador-cornejo-inauguro-aulas-en-malargue-y-reafirmo-el-compromiso-con-la-educacion-y-el-empleo\/\"><\/a>","protected":false},"author":62,"featured_media":457680,"comment_status":"open","ping_status":"open","sticky":false,"template":"","format":"standard","meta":[],"categories":[19,2711],"tags":[],"_links":{"self":[{"href":"https:\/\/www.mendoza.gov.ar\/prensa\/wp-json\/wp\/v2\/posts\/457670"}],"collection":[{"href":"https:\/\/www.mendoza.gov.ar\/prensa\/wp-json\/wp\/v2\/posts"}],"about":[{"href":"https:\/\/www.mendoza.gov.ar\/prensa\/wp-json\/wp\/v2\/types\/post"}],"author":[{"embeddable":true,"href":"https:\/\/www.mendoza.gov.ar\/prensa\/wp-json\/wp\/v2\/users\/62"}],"replies":[{"embeddable":true,"href":"https:\/\/www.mendoza.gov.ar\/prensa\/wp-json\/wp\/v2\/comments?post=457670"}],"version-history":[{"count":11,"href":"https:\/\/www.mendoza.gov.ar\/prensa\/wp-json\/wp\/v2\/posts\/457670\/revisions"}],"predecessor-version":[{"id":457708,"href":"https:\/\/www.mendoza.gov.ar\/prensa\/wp-json\/wp\/v2\/posts\/457670\/revisions\/457708"}],"wp:featuredmedia":[{"embeddable":true,"href":"https:\/\/www.mendoza.gov.ar\/prensa\/wp-json\/wp\/v2\/media\/457680"}],"wp:attachment":[{"href":"https:\/\/www.mendoza.gov.ar\/prensa\/wp-json\/wp\/v2\/media?parent=457670"}],"wp:term":[{"taxonomy":"category","embeddable":true,"href":"https:\/\/www.mendoza.gov.ar\/prensa\/wp-json\/wp\/v2\/categories?post=457670"},{"taxonomy":"post_tag","embeddable":true,"href":"https:\/\/www.mendoza.gov.ar\/prensa\/wp-json\/wp\/v2\/tags?post=457670"}],"curies":[{"name":"wp","href":"https:\/\/api.w.org\/{rel}","templated":true}]}}