{"id":458480,"date":"2025-03-03T16:28:28","date_gmt":"2025-03-03T19:28:28","guid":{"rendered":"https:\/\/www.mendoza.gov.ar\/prensa\/?p=458480"},"modified":"2025-03-03T18:47:06","modified_gmt":"2025-03-03T21:47:06","slug":"cornejo-en-pdaccontamos-que-todo-lo-que-dijimos-en-esta-feria-un-ano-atras-lo-hicimos-y-que-ademas-tenemos-mas-de-20-proyectos-nuevos","status":"publish","type":"post","link":"https:\/\/www.mendoza.gov.ar\/prensa\/cornejo-en-pdaccontamos-que-todo-lo-que-dijimos-en-esta-feria-un-ano-atras-lo-hicimos-y-que-ademas-tenemos-mas-de-20-proyectos-nuevos\/","title":{"rendered":"Cornejo en la PDAC: &#8220;Contamos que todo lo que dijimos en esta feria un a\u00f1o atr\u00e1s lo hicimos y que adem\u00e1s tenemos m\u00e1s de 20 proyectos nuevos&#8221;"},"content":{"rendered":"<!DOCTYPE html PUBLIC \"-\/\/W3C\/\/DTD HTML 4.0 Transitional\/\/EN\" \"http:\/\/www.w3.org\/TR\/REC-html40\/loose.dtd\">\n<html><body><h5>El mandatario mendocino participa en la feria minera Asociaci&oacute;n de Prospectores y Desarrolladores de Canad&aacute; 2025 (PDAC 2025). Expuso junto a gobernadores del pa&iacute;s y autoridades nacionales sobre las bondades de Mendoza para los inversores. All&iacute; destac&oacute; que la Provincia avanz&oacute; en todo lo expuesto hace un a&ntilde;o en ese mismo evento, lo que incluye la aprobaci&oacute;n de las declaraciones de impacto ambiental (DIA) de 34 proyectos del Malarg&uuml;e Distrito Minero Occidental (MDMO) y el avance de m&aacute;s de 20 proyectos que est&aacute;n en su etapa de evaluaci&oacute;n.<\/h5>\n\n\n\n<p>El Gobernador Alfredo Cornejo disert&oacute; en el D&iacute;a de Argentina, durante la feria m&aacute;s grande del mundo en miner&iacute;a que se desarrolla en estos d&iacute;as en la ciudad de Toronto. Se trata de la Asociaci&oacute;n de Prospectores y Desarrolladores de Canad&aacute; 2025 (PDAC, por sus siglas del ingl&eacute;s Prospectors y Developers Association of Canada), que re&uacute;ne a 27.000 asistentes de m&aacute;s de 135 pa&iacute;ses.<\/p>\n\n\n\n<p>Lo hizo en el panel &ldquo;Oportunidades en las provincias de Cuyo y Patagonia&rdquo;, junto al mandatario de San Juan, Marcelo Orrego; la secretaria de Energ&iacute;a y Miner&iacute;a de R&iacute;o Negro, Andrea Confini, y la secretaria de Miner&iacute;a de Santa Cruz, Nadia Ricci.<\/p>\n\n\n\n<p>El D&iacute;a de Argentina es una actividad clave organizada por la delegaci&oacute;n de nuestro pa&iacute;s, que muestra las oportunidades de inversi&oacute;n en el sector minero. En ese &aacute;mbito se ofreci&oacute; informaci&oacute;n importante sobre las perspectivas macroecon&oacute;micas de Argentina y el panorama minero actual.<\/p>\n\n\n\n<p>Esta jornada &#9472;destinada especialmente a nuestro pa&iacute;s&#9472; comenz&oacute; con las palabras de la embajadora de Argentina en Canad&aacute;, Josefina Mart&iacute;nez Gramuglia; del embajador de Canad&aacute; en Argentina, Stewart Wheeler, y de la secretaria general de la Presidencia, Karina Milei. Luego hubo dos exposiciones de funcionarios nacionales: &ldquo;El contexto macroecon&oacute;mico de la Argentina&rdquo;, a cargo del secretario de Finanzas de la Naci&oacute;n, Pablo Quirno, y &ldquo;Miner&iacute;a en la Argentina&rdquo;, por parte del secretario de Miner&iacute;a de la Naci&oacute;n, Luis E. Lucero.<\/p>\n\n\n\n<p>Luego de las palabras de Wheeler, Karina Milei se&ntilde;al&oacute;: &ldquo;Quiero decirles que en la Argentina hay una nueva &eacute;poca, hay un antes y un despu&eacute;s&rdquo;. A esto le agreg&oacute;: &ldquo;En la Argentina ahora podemos ver una econom&iacute;a acomodada, estable, creciendo, y tambi&eacute;n podemos ver el (R&eacute;gimen de Incentivo para Grandes Inversiones) RIGI, que creo que es lo que nos trae hoy ac&aacute;, donde podemos decir que les damos seguridad jur&iacute;dica y reglas claras a los inversores, algo que hac&iacute;a muchos a&ntilde;os no ocurr&iacute;a en la Argentina&rdquo;.<\/p>\n\n\n\n<p>Posteriormente fue el turno de los gobernadores del Norte del pa&iacute;s Carlos Sadir (Jujuy) y Ricardo Quintela (La Rioja), y del ministro de Producci&oacute;n de Salta, Mart&iacute;n de los R&iacute;os. Acto seguido comenz&oacute; el panel en el que particip&oacute; el mandatario mendocino junto a sus pares de la Mesa del Cobre, y representantes de Cuyo y la Patagonia.<\/p>\n\n\n\n<p>Cornejo destac&oacute; la gran expectativa generada en la edici&oacute;n del Argentina Day en la PDAC 2024, y resalt&oacute; la importancia del trabajo conjunto entre el Gobierno nacional y los gobiernos provinciales para alcanzar objetivos comunes.<\/p>\n\n\n\n<p>Adem&aacute;s enfatiz&oacute; que existe una &ldquo;ventana de oportunidades enorme&rdquo;, impulsada por dos factores clave: el creciente apetito global por los minerales cr&iacute;ticos y el cambio en la orientaci&oacute;n econ&oacute;mica del pa&iacute;s.<\/p>\n\n\n\n<p>El Gobernador subray&oacute; que Mendoza ha avanzado de manera firme en la concreci&oacute;n de su plan minero. &ldquo;Dijimos que &iacute;bamos a modificar el C&oacute;digo de Procedimiento Minero haciendo mucho m&aacute;s sencillo los permisos y lo hicimos&rdquo;, explic&oacute;. Asimismo mencion&oacute; la creaci&oacute;n del MDMO, con un pol&iacute;gono de casi 20.000 hect&aacute;reas que posee m&aacute;s de 200 propiedades mineras, en el que 34 proyectos mineros ya tienen sus DIA aprobadas por la Legislatura provincial.<\/p>\n\n\n\n<p>&ldquo;Dentro de ese distrito se aprobaron las DIA de 34 proyectos mineros, que se sumaron a los cuatro que ya ten&iacute;an sus DIA de exploraci&oacute;n aprobadas, lo que les otorga seguridad jur&iacute;dica garantizada porque est&aacute; (mediada) por ley de la provincia de Mendoza&rdquo;, detall&oacute;. Tambi&eacute;n inform&oacute; que, &ldquo;de esos 38, hay cuatro que est&aacute;n en prospecci&oacute;n y tres que est&aacute;n perforando en la etapa de la exploraci&oacute;n&rdquo;.<\/p>\n\n\n\n<p>Cornejo destac&oacute;, asimismo, la reciente presentaci&oacute;n del Informe de Impacto Ambiental del proyecto PSJ Cobre Mendocino, que podr&iacute;a convertirse en la primera iniciativa en producir ese elemento natural, y los m&aacute;s de 20 proyectos que ingresar&aacute;n a la Legislatura para su aprobaci&oacute;n.<\/p>\n\n\n\n<p>El Gobernador destac&oacute; que en la actualidad hay una mayor convicci&oacute;n sobre la importancia de la miner&iacute;a para el desarrollo de Mendoza. &ldquo;La opini&oacute;n p&uacute;blica era adversa y hoy est&aacute; bastante m&aacute;s convencida de que &eacute;ste es el camino para agregar riqueza a Mendoza&rdquo;, asegur&oacute;.<\/p>\n\n\n\n<p>A su vez reafirm&oacute;: &ldquo;El clima de negocios en la Argentina es bueno a partir del cambio de orientaci&oacute;n econ&oacute;mica del Gobierno nacional. Y Mendoza, a pesar de no hacer miner&iacute;a metal&iacute;fera y estar haci&eacute;ndolo reci&eacute;n ahora, tiene empresas mendocinas, pymes, que est&aacute;n radicadas en Mendoza pero que trabajan en la hermana provincia de San Juan, que trabajan en Chile, que trabajan en Per&uacute;&rdquo;.<\/p>\n\n\n\n<p>El mandatario mendocino apunt&oacute; que el clima de negocios en Mendoza se ve fortalecido por reformas en la administraci&oacute;n de justicia. &ldquo;Hoy en Mendoza tenemos, despu&eacute;s de seis a&ntilde;os, el 50% menos de juicios laborales&rdquo;, inform&oacute;, y mencion&oacute; la reciente implementaci&oacute;n de la conciliaci&oacute;n civil para evitar litigios innecesarios. Con estas medidas, Cornejo reafirm&oacute; su compromiso con el desarrollo minero y econ&oacute;mico de la provincia.<\/p>\n\n\n\n<p><strong>Contexto macroecon&oacute;mico<\/strong><\/p>\n\n\n\n<p>Al abordar la situaci&oacute;n macroecon&oacute;mica y su impacto en la inversi&oacute;n minera, Cornejo reconoci&oacute; que es l&oacute;gico que los inversores tengan dudas. &ldquo;Me pongo en su lugar y por eso estamos haciendo m&uacute;ltiples visitas. Hemos acompa&ntilde;ado al Gobierno nacional a Bruselas (B&eacute;lgica) por minerales cr&iacute;ticos, a Londres (Reino Unido) por financiamiento para miner&iacute;a, a la PDAC en la primera oportunidad el a&ntilde;o pasado, cuando presentamos el plan minero aqu&iacute;, y en esta oportunidad, a pesar de que estamos en el medio de la Vendimia, vinimos s&oacute;lo por dos d&iacute;as&rdquo;, explic&oacute;.<\/p>\n\n\n\n<p>En ese sentido destac&oacute; la importancia del testimonio de figuras de la oposici&oacute;n en la consolidaci&oacute;n del rumbo econ&oacute;mico del pa&iacute;s. &ldquo;Creemos que el testimonio de gente que est&aacute; en la oposici&oacute;n y no en el oficialismo, porque no somos del partido, es un testimonio que puede dar mayores garant&iacute;as de que vamos en serio en el cambio macroecon&oacute;mico&rdquo;, sostuvo.<\/p>\n\n\n\n<p>Asimismo enfatiz&oacute; que el ajuste fiscal es clave en la nueva orientaci&oacute;n econ&oacute;mica y que, pese a la falta de crecimiento en una primera etapa, la ciudadan&iacute;a ha respaldado ese cambio. &ldquo;Se est&aacute; haciendo un plan de ajuste econ&oacute;mico. Se busca el crecimiento, pero en la primera etapa no hubo crecimiento y, sin embargo, la opini&oacute;n p&uacute;blica y la ciudadan&iacute;a han apoyado ese cambio de orientaci&oacute;n&rdquo;, afirm&oacute; el mandatario mendocino. A esto le sum&oacute; que &ldquo;lo han apoyado con distintos argumentos, pero b&aacute;sicamente con la idea de dar vuelta la p&aacute;gina de la orientaci&oacute;n econ&oacute;mica anterior&rdquo;.<\/p>\n\n\n\n<p><strong>Acuerdo con el FMI<\/strong><\/p>\n\n\n\n<p>En cuanto a la relaci&oacute;n del Gobierno nacional con el Fondo Monetario Internacional (FMI), Cornejo reconoci&oacute; que no cuenta con informaci&oacute;n de primera mano sobre las negociaciones, pero advirti&oacute; que hay un fuerte respaldo pol&iacute;tico de Estados Unidos. &ldquo;El Fondo tambi&eacute;n ve que t&eacute;cnicamente el Gobierno est&aacute; haciendo la l&iacute;nea gruesa de lo que el Fondo le exig&iacute;a al Gobierno anterior cuando inici&oacute; el acuerdo. Entonces me parece que las posibilidades de un acuerdo son concretas&rdquo;, analiz&oacute;.<\/p>\n\n\n\n<p>Finalmente, Cornejo destac&oacute; la importancia de la estabilidad macroecon&oacute;mica para el desarrollo productivo de Mendoza y proyect&oacute; un crecimiento sostenido para la provincia en un escenario de estabilidad nacional. &ldquo;Si la Argentina se estabiliza, Mendoza va a crecer por encima del promedio del pa&iacute;s. Si la Argentina crece al 3%, Mendoza va a crecer al 5%. Si la Argentina crece al 5%, Mendoza va a crecer al 6%. (Esto), por su diversidad productiva&rdquo;, concluy&oacute;.<\/p>\n\n\n\n<p>Durante el D&iacute;a de Argentina, tambi&eacute;n participaron en la comitiva mendocina la ministra de Energ&iacute;a y Ambiente, Jimena Latorre; el director de Miner&iacute;a, Jer&oacute;nimo Shantal; el intendente de Malarg&uuml;e, Celso Jaque, y el CEO de Impulsa, Emilio Gui&ntilde;az&uacute;. Estos funcionarios comenzaron su jornada ayer domingo, cuando desembarcaron en la PDAC con una serie de hitos que guiaron a la actividad el a&ntilde;o pasado, para mostrar el avance de la miner&iacute;a en nuestra provincia.<\/p>\n\n\n\n<figure class=\"wp-block-gallery columns-3\"><ul class=\"blocks-gallery-grid\"><li class=\"blocks-gallery-item\"><figure><a href=\"https:\/\/www.mendoza.gov.ar\/wp-content\/uploads\/sites\/5\/2025\/03\/WhatsApp-Image-2025-03-03-at-15.55.26-700x525.jpeg\"><img loading=\"lazy\" width=\"700\" height=\"525\" src=\"https:\/\/www.mendoza.gov.ar\/wp-content\/uploads\/sites\/5\/2025\/03\/WhatsApp-Image-2025-03-03-at-15.55.26-700x525.jpeg\" alt=\"\" data-id=\"458483\" data-link=\"https:\/\/www.mendoza.gov.ar\/prensa\/?attachment_id=458483\" class=\"wp-image-458483 img-responsive center-block\" srcset=\"https:\/\/www.mendoza.gov.ar\/wp-content\/uploads\/sites\/5\/2025\/03\/WhatsApp-Image-2025-03-03-at-15.55.26-700x525.jpeg 700w, https:\/\/www.mendoza.gov.ar\/wp-content\/uploads\/sites\/5\/2025\/03\/WhatsApp-Image-2025-03-03-at-15.55.26-250x188.jpeg 250w, https:\/\/www.mendoza.gov.ar\/wp-content\/uploads\/sites\/5\/2025\/03\/WhatsApp-Image-2025-03-03-at-15.55.26-768x576.jpeg 768w, https:\/\/www.mendoza.gov.ar\/wp-content\/uploads\/sites\/5\/2025\/03\/WhatsApp-Image-2025-03-03-at-15.55.26-120x90.jpeg 120w, https:\/\/www.mendoza.gov.ar\/wp-content\/uploads\/sites\/5\/2025\/03\/WhatsApp-Image-2025-03-03-at-15.55.26.jpeg 1389w\" sizes=\"(max-width: 700px) 100vw, 700px\"><\/a><\/figure><\/li><li class=\"blocks-gallery-item\"><figure><a href=\"https:\/\/www.mendoza.gov.ar\/wp-content\/uploads\/sites\/5\/2025\/03\/WhatsApp-Image-2025-03-03-at-15.55.10-700x394.jpeg\"><img loading=\"lazy\" width=\"700\" height=\"394\" src=\"https:\/\/www.mendoza.gov.ar\/wp-content\/uploads\/sites\/5\/2025\/03\/WhatsApp-Image-2025-03-03-at-15.55.10-700x394.jpeg\" alt=\"\" data-id=\"458484\" data-link=\"https:\/\/www.mendoza.gov.ar\/prensa\/?attachment_id=458484\" class=\"wp-image-458484 img-responsive center-block\" srcset=\"https:\/\/www.mendoza.gov.ar\/wp-content\/uploads\/sites\/5\/2025\/03\/WhatsApp-Image-2025-03-03-at-15.55.10-700x394.jpeg 700w, https:\/\/www.mendoza.gov.ar\/wp-content\/uploads\/sites\/5\/2025\/03\/WhatsApp-Image-2025-03-03-at-15.55.10-250x141.jpeg 250w, https:\/\/www.mendoza.gov.ar\/wp-content\/uploads\/sites\/5\/2025\/03\/WhatsApp-Image-2025-03-03-at-15.55.10-768x432.jpeg 768w, https:\/\/www.mendoza.gov.ar\/wp-content\/uploads\/sites\/5\/2025\/03\/WhatsApp-Image-2025-03-03-at-15.55.10-1536x864.jpeg 1536w, https:\/\/www.mendoza.gov.ar\/wp-content\/uploads\/sites\/5\/2025\/03\/WhatsApp-Image-2025-03-03-at-15.55.10-120x68.jpeg 120w, https:\/\/www.mendoza.gov.ar\/wp-content\/uploads\/sites\/5\/2025\/03\/WhatsApp-Image-2025-03-03-at-15.55.10.jpeg 1600w\" sizes=\"(max-width: 700px) 100vw, 700px\"><\/a><\/figure><\/li><li class=\"blocks-gallery-item\"><figure><a href=\"https:\/\/www.mendoza.gov.ar\/wp-content\/uploads\/sites\/5\/2025\/03\/WhatsApp-Image-2025-03-03-at-15.54.46-700x394.jpeg\"><img loading=\"lazy\" width=\"700\" height=\"394\" src=\"https:\/\/www.mendoza.gov.ar\/wp-content\/uploads\/sites\/5\/2025\/03\/WhatsApp-Image-2025-03-03-at-15.54.46-700x394.jpeg\" alt=\"\" data-id=\"458485\" data-link=\"https:\/\/www.mendoza.gov.ar\/prensa\/?attachment_id=458485\" class=\"wp-image-458485 img-responsive center-block\" srcset=\"https:\/\/www.mendoza.gov.ar\/wp-content\/uploads\/sites\/5\/2025\/03\/WhatsApp-Image-2025-03-03-at-15.54.46-700x394.jpeg 700w, https:\/\/www.mendoza.gov.ar\/wp-content\/uploads\/sites\/5\/2025\/03\/WhatsApp-Image-2025-03-03-at-15.54.46-250x141.jpeg 250w, https:\/\/www.mendoza.gov.ar\/wp-content\/uploads\/sites\/5\/2025\/03\/WhatsApp-Image-2025-03-03-at-15.54.46-768x432.jpeg 768w, https:\/\/www.mendoza.gov.ar\/wp-content\/uploads\/sites\/5\/2025\/03\/WhatsApp-Image-2025-03-03-at-15.54.46-1536x864.jpeg 1536w, https:\/\/www.mendoza.gov.ar\/wp-content\/uploads\/sites\/5\/2025\/03\/WhatsApp-Image-2025-03-03-at-15.54.46-120x68.jpeg 120w, https:\/\/www.mendoza.gov.ar\/wp-content\/uploads\/sites\/5\/2025\/03\/WhatsApp-Image-2025-03-03-at-15.54.46.jpeg 1600w\" sizes=\"(max-width: 700px) 100vw, 700px\"><\/a><\/figure><\/li><li class=\"blocks-gallery-item\"><figure><a href=\"https:\/\/www.mendoza.gov.ar\/wp-content\/uploads\/sites\/5\/2025\/03\/WhatsApp-Image-2025-03-03-at-15.54.57-700x394.jpeg\"><img loading=\"lazy\" width=\"700\" height=\"394\" src=\"https:\/\/www.mendoza.gov.ar\/wp-content\/uploads\/sites\/5\/2025\/03\/WhatsApp-Image-2025-03-03-at-15.54.57-700x394.jpeg\" alt=\"\" data-id=\"458486\" data-link=\"https:\/\/www.mendoza.gov.ar\/prensa\/?attachment_id=458486\" class=\"wp-image-458486 img-responsive center-block\" srcset=\"https:\/\/www.mendoza.gov.ar\/wp-content\/uploads\/sites\/5\/2025\/03\/WhatsApp-Image-2025-03-03-at-15.54.57-700x394.jpeg 700w, https:\/\/www.mendoza.gov.ar\/wp-content\/uploads\/sites\/5\/2025\/03\/WhatsApp-Image-2025-03-03-at-15.54.57-250x141.jpeg 250w, https:\/\/www.mendoza.gov.ar\/wp-content\/uploads\/sites\/5\/2025\/03\/WhatsApp-Image-2025-03-03-at-15.54.57-768x432.jpeg 768w, https:\/\/www.mendoza.gov.ar\/wp-content\/uploads\/sites\/5\/2025\/03\/WhatsApp-Image-2025-03-03-at-15.54.57-1536x864.jpeg 1536w, https:\/\/www.mendoza.gov.ar\/wp-content\/uploads\/sites\/5\/2025\/03\/WhatsApp-Image-2025-03-03-at-15.54.57-120x68.jpeg 120w, https:\/\/www.mendoza.gov.ar\/wp-content\/uploads\/sites\/5\/2025\/03\/WhatsApp-Image-2025-03-03-at-15.54.57.jpeg 1600w\" sizes=\"(max-width: 700px) 100vw, 700px\"><\/a><\/figure><\/li><li class=\"blocks-gallery-item\"><figure><a href=\"https:\/\/www.mendoza.gov.ar\/wp-content\/uploads\/sites\/5\/2025\/03\/IMG_4535.jpg\"><img src=\"https:\/\/www.mendoza.gov.ar\/wp-content\/uploads\/sites\/5\/2025\/03\/IMG_4535-700x525.jpg\" alt=\"\" data-id=\"458488\" data-full-url=\"https:\/\/www.mendoza.gov.ar\/wp-content\/uploads\/sites\/5\/2025\/03\/IMG_4535.jpg\" data-link=\"https:\/\/www.mendoza.gov.ar\/prensa\/?attachment_id=458488\" class=\"wp-image-458488 img-responsive center-block\"><\/a><\/figure><\/li><\/ul><\/figure>\n<\/body><\/html>\n","protected":false},"excerpt":{"rendered":"El mandatario mendocino participa en la feria minera Asociaci&oacute;n de Prospectores y Desarrolladores de Canad&aacute; 2025 (PDAC 2025). Expuso junto a gobernadores del pa&iacute;s y autoridades nacionales sobre las bondades de Mendoza para los inversores. All&iacute; destac&oacute; que la Provincia avanz&oacute; en todo lo expuesto hace un a&ntilde;o en ese mismo evento, lo que incluye&#8230; <a class=\"view-article\" href=\"https:\/\/www.mendoza.gov.ar\/prensa\/cornejo-en-pdaccontamos-que-todo-lo-que-dijimos-en-esta-feria-un-ano-atras-lo-hicimos-y-que-ademas-tenemos-mas-de-20-proyectos-nuevos\/\"><\/a>","protected":false},"author":68,"featured_media":458488,"comment_status":"open","ping_status":"open","sticky":false,"template":"","format":"standard","meta":[],"categories":[3,3038,19,3042],"tags":[],"_links":{"self":[{"href":"https:\/\/www.mendoza.gov.ar\/prensa\/wp-json\/wp\/v2\/posts\/458480"}],"collection":[{"href":"https:\/\/www.mendoza.gov.ar\/prensa\/wp-json\/wp\/v2\/posts"}],"about":[{"href":"https:\/\/www.mendoza.gov.ar\/prensa\/wp-json\/wp\/v2\/types\/post"}],"author":[{"embeddable":true,"href":"https:\/\/www.mendoza.gov.ar\/prensa\/wp-json\/wp\/v2\/users\/68"}],"replies":[{"embeddable":true,"href":"https:\/\/www.mendoza.gov.ar\/prensa\/wp-json\/wp\/v2\/comments?post=458480"}],"version-history":[{"count":23,"href":"https:\/\/www.mendoza.gov.ar\/prensa\/wp-json\/wp\/v2\/posts\/458480\/revisions"}],"predecessor-version":[{"id":458510,"href":"https:\/\/www.mendoza.gov.ar\/prensa\/wp-json\/wp\/v2\/posts\/458480\/revisions\/458510"}],"wp:featuredmedia":[{"embeddable":true,"href":"https:\/\/www.mendoza.gov.ar\/prensa\/wp-json\/wp\/v2\/media\/458488"}],"wp:attachment":[{"href":"https:\/\/www.mendoza.gov.ar\/prensa\/wp-json\/wp\/v2\/media?parent=458480"}],"wp:term":[{"taxonomy":"category","embeddable":true,"href":"https:\/\/www.mendoza.gov.ar\/prensa\/wp-json\/wp\/v2\/categories?post=458480"},{"taxonomy":"post_tag","embeddable":true,"href":"https:\/\/www.mendoza.gov.ar\/prensa\/wp-json\/wp\/v2\/tags?post=458480"}],"curies":[{"name":"wp","href":"https:\/\/api.w.org\/{rel}","templated":true}]}}