{"id":45922,"date":"2016-01-14T15:10:18","date_gmt":"2016-01-14T18:10:18","guid":{"rendered":"http:\/\/prensa.mendoza.gov.ar\/?p=45922"},"modified":"2016-01-14T15:10:18","modified_gmt":"2016-01-14T18:10:18","slug":"el-gobierno-apunta-a-potenciar-la-actividad-de-los-emprendedores-mendocinos","status":"publish","type":"post","link":"https:\/\/www.mendoza.gov.ar\/prensa\/el-gobierno-apunta-a-potenciar-la-actividad-de-los-emprendedores-mendocinos\/","title":{"rendered":"El Gobierno apunta a potenciar la actividad de los emprendedores mendocinos"},"content":{"rendered":"<!DOCTYPE html PUBLIC \"-\/\/W3C\/\/DTD HTML 4.0 Transitional\/\/EN\" \"http:\/\/www.w3.org\/TR\/REC-html40\/loose.dtd\">\n<html><body><p>Hoy, en Casa de Gobierno, se reuni&oacute; el Consejo Consultivo Emprendedor de Mendoza. En esta primera reuni&oacute;n, funcionarios del Ejecutivo y representantes del sector comenzaron a elaborar una agenda de trabajo para consolidar el emprendedorismo y reimpulsar proyectos que generen nuevas fuentes de trabajo.<br>\nEl director de Innovaci&oacute;n y Desarrollo, Guillermo Navarro, presidi&oacute; el encuentro en el que se plante&oacute; la necesidad de medir la actividad emprendedora en la provincia, con la colaboraci&oacute;n de la Direcci&oacute;n de Estad&iacute;sticas e Investigaciones Econ&oacute;micas. &ldquo;Con esta herramienta, pretendemos contar con datos concretos que permitan definir pol&iacute;ticas acertadas para el sector&rdquo;, explic&oacute; Navarro.<br>\nAdem&aacute;s, durante la reuni&oacute;n se acord&oacute; trabajar en una agenda &uacute;nica interanual, generar nuevas estrategias comunicacionales, mejorar la calidad de la informaci&oacute;n de los planes y pol&iacute;ticas sectoriales, coordinar actividades conjuntas de capacitaci&oacute;n y fomento e invertir recursos en educaci&oacute;n, promoci&oacute;n y desarrollo.<br>\nParticiparon del encuentro, representantes de la Direcci&oacute;n de Desarrollo Tecnol&oacute;gico y Empleo, Direcci&oacute;n de Innovaci&oacute;n y Desarrollo Sostenible del Gobierno de la Provincia, del Instituto de Desarrollo Rural (IDR), Instituto de Desarrollo Industrial, Tecnol&oacute;gico y de Servicios (IDITS), Federaci&oacute;n Econ&oacute;mica de Mendoza (FEM), y Mendoza Invest, Emprendedores del POLO TICS y las universidades: Universidad Nacional de Cuyo, Universidad del Aconcagua y Universidad de Mendoza.<br>\nLos interesados en acceder a mayor informaci&oacute;n sobre el Consejo Consultivo Emprendedor pueden dirigirse a la Direcci&oacute;n de Desarrollo Tecnol&oacute;gico y Empleo, 6&deg; piso de Casa de Gobierno o por v&iacute;a telef&oacute;nica al 0261-4492519.<\/p>\n<\/body><\/html>\n","protected":false},"excerpt":{"rendered":"El director de Innovaci\u00f3n y Desarrollo, Guillermo Navarro, reuni\u00f3 al Consejo Consultivo Emprendedor de Mendoza para realizar un diagn\u00f3stico y dise\u00f1ar nuevas estrategias y una agenda \u00fanica interanual.  ","protected":false},"author":3,"featured_media":45924,"comment_status":"open","ping_status":"open","sticky":false,"template":"","format":"standard","meta":[],"categories":[1],"tags":[],"_links":{"self":[{"href":"https:\/\/www.mendoza.gov.ar\/prensa\/wp-json\/wp\/v2\/posts\/45922"}],"collection":[{"href":"https:\/\/www.mendoza.gov.ar\/prensa\/wp-json\/wp\/v2\/posts"}],"about":[{"href":"https:\/\/www.mendoza.gov.ar\/prensa\/wp-json\/wp\/v2\/types\/post"}],"author":[{"embeddable":true,"href":"https:\/\/www.mendoza.gov.ar\/prensa\/wp-json\/wp\/v2\/users\/3"}],"replies":[{"embeddable":true,"href":"https:\/\/www.mendoza.gov.ar\/prensa\/wp-json\/wp\/v2\/comments?post=45922"}],"version-history":[{"count":0,"href":"https:\/\/www.mendoza.gov.ar\/prensa\/wp-json\/wp\/v2\/posts\/45922\/revisions"}],"wp:featuredmedia":[{"embeddable":true,"href":"https:\/\/www.mendoza.gov.ar\/prensa\/wp-json\/wp\/v2\/media\/45924"}],"wp:attachment":[{"href":"https:\/\/www.mendoza.gov.ar\/prensa\/wp-json\/wp\/v2\/media?parent=45922"}],"wp:term":[{"taxonomy":"category","embeddable":true,"href":"https:\/\/www.mendoza.gov.ar\/prensa\/wp-json\/wp\/v2\/categories?post=45922"},{"taxonomy":"post_tag","embeddable":true,"href":"https:\/\/www.mendoza.gov.ar\/prensa\/wp-json\/wp\/v2\/tags?post=45922"}],"curies":[{"name":"wp","href":"https:\/\/api.w.org\/{rel}","templated":true}]}}