{"id":45954,"date":"2016-01-14T21:26:37","date_gmt":"2016-01-15T00:26:37","guid":{"rendered":"http:\/\/prensa.mendoza.gov.ar\/?p=45954"},"modified":"2016-01-14T21:26:37","modified_gmt":"2016-01-15T00:26:37","slug":"david-cangialosi-mendoza-es-una-de-las-ciudades-mas-protegidas-en-materia-aluvional-a-nivel-pais","status":"publish","type":"post","link":"https:\/\/www.mendoza.gov.ar\/prensa\/david-cangialosi-mendoza-es-una-de-las-ciudades-mas-protegidas-en-materia-aluvional-a-nivel-pais\/","title":{"rendered":"David Cangialosi: \u201cMendoza es una de las ciudades m\u00e1s protegidas en materia aluvional a nivel pa\u00eds\u201d"},"content":{"rendered":"<!DOCTYPE html PUBLIC \"-\/\/W3C\/\/DTD HTML 4.0 Transitional\/\/EN\" \"http:\/\/www.w3.org\/TR\/REC-html40\/loose.dtd\">\n<html><body><p>David Cangialosi, director de Hidr&aacute;ulica, explic&oacute; la ardua tarea que lleva adelante el organismo que dirige.&nbsp; Desde 1.961, la Direcci&oacute;n de Hidr&aacute;ulica tiene como objetivo&nbsp; prevenir&nbsp; consecuencias y da&ntilde;os, a causa de aluviones, erosiones e inundaciones.<\/p>\n<p>Cangialosi cont&oacute; que las medidas estructurales, como el desarrollo de obras de mitigaci&oacute;n (tanto colectores de aguas aluvionales como diques de contenci&oacute;n), y medidas no estructurales, como la regulaci&oacute;n del uso del suelo,&nbsp; capacitaci&oacute;n y concientizaci&oacute;n de la sociedad, reducen en parte el riesgo existente, pero esto tiene que ver con el accionar de la poblaci&oacute;n, ya que la sociedad en su conjunto puede disminuirlo o agravarlo, como es el caso del piedemonte, donde se han tapado varios&nbsp; cauces naturales.<\/p>\n<p>Al respecto, diferenci&oacute; los aluviones propiamente dichos de las inundaciones urbanas que&nbsp; son causadas por problemas en el drenaje de las ciudades y por la acci&oacute;n desaprensiva de la poblaci&oacute;n, que arroja residuos s&oacute;lidos a los cauces y limitan la capacidad de conducci&oacute;n,&nbsp; generando desbordes que agravan la situaci&oacute;n durante y despu&eacute;s de la&nbsp; tormenta.<\/p>\n<p>Subray&oacute;&nbsp; la importancia de entender que el riesgo cero no existe y que aun haciendo grandes obras, bajo ning&uacute;n concepto pueden garantizar en un 100% que un evento natural de gran magnitud no provoque consecuencias.<\/p>\n<p>El funcionario detall&oacute; que si se tiene en cuenta la cantidad de diques de atenuaci&oacute;n de crecidas, como as&iacute; tambi&eacute;n los colectores aluvionales, puede considerarse que Mendoza es una de las provincias m&aacute;s protegidas en esta materia en nuestro pa&iacute;s.<\/p>\n<p>Sin embargo, Cangialosi consider&oacute; que es asignatura pendiente la&nbsp; concreci&oacute;n del proyecto de presas Chacras de Coria, que tiene como objetivo que el sistema de mitigaci&oacute;n aluvional sea capaz de aminorar una precipitaci&oacute;n de tal magnitud, que se produce una vez cada 200 a&ntilde;os.<\/p>\n<p>Adem&aacute;s resalt&oacute; que, desde el 1 de octubre de 2015 y hasta el 30 de abril de este a&ntilde;o, la provincia se encuentra en alerta aluvional, lo que implica el establecimiento de guardia de profesionales y agentes de la repartici&oacute;n para cubrir las emergencias que puedan producirse por tormentas convectivas, crecidas aluvionales y crecidas fluviales.<\/p>\n<p><strong>Recomendaciones preventivas<\/strong><\/p>\n<ul>\n<li>No afectar cauces, colectores, cunetas u otras obras hidr&aacute;ulicas.<\/li>\n<li>Mantener cauces limpios de basuras y escombros.<\/li>\n<li>Mantener distancia de los cauces ante la proximidad de las tormentas.<\/li>\n<li>Acampar lejos de cauces, zonas de seguridad de presas, como vertederos ozonas bajas propensas a inundaciones.<\/li>\n<li>Finalmente, y para contribuir al bienestar general, el organismo solicit&oacute; que cualquier afectaci&oacute;n a cauces u obras hidr&aacute;ulicas se denuncie al tel&eacute;fono 0261- 4234141 o personalmente en Vuelta de Obligado 720, Ciudad.<\/li>\n<\/ul>\n<\/body><\/html>\n","protected":false},"excerpt":{"rendered":"As\u00ed lo confirm\u00f3 el director de Hidr\u00e1ulica, David Cangialosi. Record\u00f3 que la provincia se encuentra, como todos los a\u00f1os en per\u00edodo de alerta. Este a\u00f1o el  fen\u00f3meno de El Ni\u00f1o agrava la situaci\u00f3n.","protected":false},"author":3,"featured_media":0,"comment_status":"open","ping_status":"open","sticky":false,"template":"","format":"standard","meta":[],"categories":[1],"tags":[],"_links":{"self":[{"href":"https:\/\/www.mendoza.gov.ar\/prensa\/wp-json\/wp\/v2\/posts\/45954"}],"collection":[{"href":"https:\/\/www.mendoza.gov.ar\/prensa\/wp-json\/wp\/v2\/posts"}],"about":[{"href":"https:\/\/www.mendoza.gov.ar\/prensa\/wp-json\/wp\/v2\/types\/post"}],"author":[{"embeddable":true,"href":"https:\/\/www.mendoza.gov.ar\/prensa\/wp-json\/wp\/v2\/users\/3"}],"replies":[{"embeddable":true,"href":"https:\/\/www.mendoza.gov.ar\/prensa\/wp-json\/wp\/v2\/comments?post=45954"}],"version-history":[{"count":0,"href":"https:\/\/www.mendoza.gov.ar\/prensa\/wp-json\/wp\/v2\/posts\/45954\/revisions"}],"wp:attachment":[{"href":"https:\/\/www.mendoza.gov.ar\/prensa\/wp-json\/wp\/v2\/media?parent=45954"}],"wp:term":[{"taxonomy":"category","embeddable":true,"href":"https:\/\/www.mendoza.gov.ar\/prensa\/wp-json\/wp\/v2\/categories?post=45954"},{"taxonomy":"post_tag","embeddable":true,"href":"https:\/\/www.mendoza.gov.ar\/prensa\/wp-json\/wp\/v2\/tags?post=45954"}],"curies":[{"name":"wp","href":"https:\/\/api.w.org\/{rel}","templated":true}]}}