{"id":45982,"date":"2016-01-15T11:28:05","date_gmt":"2016-01-15T14:28:05","guid":{"rendered":"http:\/\/prensa.mendoza.gov.ar\/?p=45982"},"modified":"2016-01-15T11:28:05","modified_gmt":"2016-01-15T14:28:05","slug":"el-ipv-reactivara-obras-de-la-tupac-en-tres-departamentos","status":"publish","type":"post","link":"https:\/\/www.mendoza.gov.ar\/prensa\/el-ipv-reactivara-obras-de-la-tupac-en-tres-departamentos\/","title":{"rendered":"El IPV reactivar\u00e1 obras de la Tupac en tres departamentos"},"content":{"rendered":"<!DOCTYPE html PUBLIC \"-\/\/W3C\/\/DTD HTML 4.0 Transitional\/\/EN\" \"http:\/\/www.w3.org\/TR\/REC-html40\/loose.dtd\">\n<html><body><p>El Instituto Provincial de la Vivienda ha comenzado a ordenarse financiera y administrativamente, poniendo en funcionamiento nuevamente a la Instituci&oacute;n despu&eacute;s de 6 meses de paralizaci&oacute;n de las obras.<\/p>\n<p>A pesar de la crisis financiera que atraviesa la Provincia y el IPV, cuya deuda no registrada se eleva a $425 millones seg&uacute;n lo informado por la Auditor&iacute;a General de la Naci&oacute;n, el presidente del IPV, Dami&aacute;n Salomone, convoc&oacute; a la Organizaci&oacute;n barrial Tupac Amaru con el fin de ordenar el Programa de Integraci&oacute;n Socio Comunitaria.<\/p>\n<p>A partir de esta reuni&oacute;n de trabajo se han analizado los proyectos en ejecuci&oacute;n de la Tupac, en cada Departamento de la provincia, con el fin de determinar la problem&aacute;tica de los mismos y cu&aacute;les son las responsabilidades y las falencias de cada uno de los actores intervinientes.<\/p>\n<p>Este an&aacute;lisis de situaci&oacute;n le posibilit&oacute; al IPV establecer un cronograma de pagos que le permitir&aacute; a la organizaci&oacute;n terminar 67 viviendas en Las Heras, Tunuy&aacute;n y Tupungato.<\/p>\n<p>Salomone inform&oacute; que &ldquo;esta semana se realizar&aacute; el &uacute;ltimo desembolso en dos pagos, por un monto total de $573.720 para la terminaci&oacute;n de 20 viviendas, correspondientes al B&deg; Ra&iacute;ces de mi Tierra de Tunuy&aacute;n y un pago por $505.500 para el proyecto B&deg; San Francisco, conformado por 32 viviendas en Las Heras&rdquo;.<\/p>\n<p>&ldquo;Mientras que la pr&oacute;xima semana -agreg&oacute;- se concretar&aacute; el &uacute;ltimo desembolso en tres pagos de $107.000 para cada una de las tres Cooperativas que est&aacute;n ejecutando 15 viviendas del B&deg; Nuestra Casa, en Tupungato&rdquo;.<\/p>\n<p>&ldquo;Por su parte, la organizaci&oacute;n Tupac Amaru deber&aacute; avanzar en las obras faltantes, mientras que los Municipios intervinientes deber&aacute;n cumplimentar la contraparte correspondiente, seg&uacute;n lo establece el Programa de Integraci&oacute;n Socio Comunitaria&rdquo;, finaliz&oacute; el funcionario.<\/p>\n<\/body><\/html>\n","protected":false},"excerpt":{"rendered":"La organizaci\u00f3n terminar\u00e1 67 viviendas en Las Heras, Tunuy\u00e1n y Tupungato.","protected":false},"author":3,"featured_media":45991,"comment_status":"open","ping_status":"open","sticky":false,"template":"","format":"standard","meta":[],"categories":[1],"tags":[],"_links":{"self":[{"href":"https:\/\/www.mendoza.gov.ar\/prensa\/wp-json\/wp\/v2\/posts\/45982"}],"collection":[{"href":"https:\/\/www.mendoza.gov.ar\/prensa\/wp-json\/wp\/v2\/posts"}],"about":[{"href":"https:\/\/www.mendoza.gov.ar\/prensa\/wp-json\/wp\/v2\/types\/post"}],"author":[{"embeddable":true,"href":"https:\/\/www.mendoza.gov.ar\/prensa\/wp-json\/wp\/v2\/users\/3"}],"replies":[{"embeddable":true,"href":"https:\/\/www.mendoza.gov.ar\/prensa\/wp-json\/wp\/v2\/comments?post=45982"}],"version-history":[{"count":0,"href":"https:\/\/www.mendoza.gov.ar\/prensa\/wp-json\/wp\/v2\/posts\/45982\/revisions"}],"wp:featuredmedia":[{"embeddable":true,"href":"https:\/\/www.mendoza.gov.ar\/prensa\/wp-json\/wp\/v2\/media\/45991"}],"wp:attachment":[{"href":"https:\/\/www.mendoza.gov.ar\/prensa\/wp-json\/wp\/v2\/media?parent=45982"}],"wp:term":[{"taxonomy":"category","embeddable":true,"href":"https:\/\/www.mendoza.gov.ar\/prensa\/wp-json\/wp\/v2\/categories?post=45982"},{"taxonomy":"post_tag","embeddable":true,"href":"https:\/\/www.mendoza.gov.ar\/prensa\/wp-json\/wp\/v2\/tags?post=45982"}],"curies":[{"name":"wp","href":"https:\/\/api.w.org\/{rel}","templated":true}]}}